{"id":15991,"date":"2020-01-27T13:45:59","date_gmt":"2020-01-27T12:45:59","guid":{"rendered":"http:\/\/www.atletikaolomouc.cz\/?p=15991"},"modified":"2020-01-27T13:45:59","modified_gmt":"2020-01-27T12:45:59","slug":"pololetni-a-jarni-prazdniny","status":"publish","type":"post","link":"https:\/\/old.atletikaolomouc.cz\/?p=15991","title":{"rendered":"Pololetn\u00ed a jarn\u00ed pr\u00e1zdniny"},"content":{"rendered":"<p>V\u00e1\u017een\u00ed rodi\u010de, dovolujeme si V\u00e1s upozornit, \u017ee <strong>31.1. &#8211; 7.2.2020 se tr\u00e9ninky atletick\u00fdch p\u0159\u00edpravek a atletick\u00fdch \u0161koli\u010dek nekonaj\u00ed<\/strong> z d\u016fvodu pololetn\u00edch a jarn\u00edch pr\u00e1zdnin!<\/p>\n<p>D\u011btem p\u0159ejeme p\u0159\u00edjemn\u00e9 pr\u00e1zdniny a budeme se na n\u011b t\u011b\u0161it zase od 10.2.2020.<\/p>\n","protected":false},"excerpt":{"rendered":"<p>V\u00e1\u017een\u00ed rodi\u010de, dovolujeme si V\u00e1s upozornit, \u017ee 31.1. &#8211; 7.2.2020 se tr\u00e9ninky atletick\u00fdch p\u0159\u00edpravek a atletick\u00fdch \u0161koli\u010dek nekonaj\u00ed z d\u016fvodu pololetn\u00edch a jarn\u00edch pr\u00e1zdnin! D\u011btem p\u0159ejeme p\u0159\u00edjemn\u00e9 pr\u00e1zdniny a budeme se na n\u011b t\u011b\u0161it zase od 10.2.2020.<\/p>\n","protected":false},"author":14,"featured_media":0,"comment_status":"closed","ping_status":"closed","sticky":false,"template":"","format":"standard","meta":{"ngg_post_thumbnail":0},"categories":[5,6,19],"tags":[],"_links":{"self":[{"href":"https:\/\/old.atletikaolomouc.cz\/index.php?rest_route=\/wp\/v2\/posts\/15991"}],"collection":[{"href":"https:\/\/old.atletikaolomouc.cz\/index.php?rest_route=\/wp\/v2\/posts"}],"about":[{"href":"https:\/\/old.atletikaolomouc.cz\/index.php?rest_route=\/wp\/v2\/types\/post"}],"author":[{"embeddable":true,"href":"https:\/\/old.atletikaolomouc.cz\/index.php?rest_route=\/wp\/v2\/users\/14"}],"replies":[{"embeddable":true,"href":"https:\/\/old.atletikaolomouc.cz\/index.php?rest_route=%2Fwp%2Fv2%2Fcomments&post=15991"}],"version-history":[{"count":1,"href":"https:\/\/old.atletikaolomouc.cz\/index.php?rest_route=\/wp\/v2\/posts\/15991\/revisions"}],"predecessor-version":[{"id":15992,"href":"https:\/\/old.atletikaolomouc.cz\/index.php?rest_route=\/wp\/v2\/posts\/15991\/revisions\/15992"}],"wp:attachment":[{"href":"https:\/\/old.atletikaolomouc.cz\/index.php?rest_route=%2Fwp%2Fv2%2Fmedia&parent=15991"}],"wp:term":[{"taxonomy":"category","embeddable":true,"href":"https:\/\/old.atletikaolomouc.cz\/index.php?rest_route=%2Fwp%2Fv2%2Fcategories&post=15991"},{"taxonomy":"post_tag","embeddable":true,"href":"https:\/\/old.atletikaolomouc.cz\/index.php?rest_route=%2Fwp%2Fv2%2Ftags&post=15991"}],"curies":[{"name":"wp","href":"https:\/\/api.w.org\/{rel}","templated":true}]}}