{"id":16139,"date":"2020-02-28T09:28:40","date_gmt":"2020-02-28T08:28:40","guid":{"rendered":"http:\/\/www.atletikaolomouc.cz\/?p=16139"},"modified":"2020-02-28T12:33:44","modified_gmt":"2020-02-28T11:33:44","slug":"vyhlaseni-nejlepsiho-sportovce-olomoucka","status":"publish","type":"post","link":"https:\/\/old.atletikaolomouc.cz\/?p=16139","title":{"rendered":"Vyhl\u00e1\u0161en\u00ed nejlep\u0161\u00edho sportovce Olomoucka"},"content":{"rendered":"<p>26. \u00fanora prob\u011bhlo vyhl\u00e1\u0161en\u00ed nejlep\u0161\u00edch sportovc\u016f Olomoucka a v kategorii junior\u016f byla vyhl\u00e1\u0161ena tak\u00e9 sprinterka Atletick\u00e9ho klubu Olomouc <strong>Eva Kub\u00ed\u010dkov\u00e1.<\/strong><!--more--><\/p>\n<p>Eva p\u0159ed dv\u011bma t\u00fddny zv\u00edt\u011bzila na halov\u00e9m Mistrovstv\u00ed \u010cR dorostu a junior\u016f v b\u011bhu na 60 m p\u0159ek\u00e1\u017eek v \u010dase&nbsp; &nbsp; 8,37 s, z\u00edskala st\u0159\u00edbro v b\u011bhu na 60 m a bronz v b\u011bhu na 200 m. Moment\u00e1ln\u011b je tak\u00e9 \u010dtvrt\u00e1 v pr\u016fb\u011b\u017en\u00fdch evropsk\u00fdch tabulk\u00e1ch kategorie U18 v b\u011bhu na 60 m p\u0159ek\u00e1\u017eek a dev\u00e1t\u00e1 v b\u011bhu na 60 m.<\/p>\n<div id=\"attachment_16141\" style=\"width: 3034px\" class=\"wp-caption alignleft\"><img aria-describedby=\"caption-attachment-16141\" decoding=\"async\" loading=\"lazy\" class=\"size-full wp-image-16141\" src=\"http:\/\/www.atletikaolomouc.cz\/wp-content\/uploads\/2020\/02\/IMG_2453-e1582877867181.jpg\" alt=\"\" width=\"3024\" height=\"4032\" srcset=\"https:\/\/old.atletikaolomouc.cz\/wp-content\/uploads\/2020\/02\/IMG_2453-e1582877867181.jpg 3024w, https:\/\/old.atletikaolomouc.cz\/wp-content\/uploads\/2020\/02\/IMG_2453-e1582877867181-225x300.jpg 225w, https:\/\/old.atletikaolomouc.cz\/wp-content\/uploads\/2020\/02\/IMG_2453-e1582877867181-768x1024.jpg 768w, https:\/\/old.atletikaolomouc.cz\/wp-content\/uploads\/2020\/02\/IMG_2453-e1582877867181-450x600.jpg 450w\" sizes=\"(max-width: 3024px) 100vw, 3024px\" \/><p id=\"caption-attachment-16141\" class=\"wp-caption-text\">Eva Kub\u00ed\u010dkov\u00e1 s tren\u00e9rem Robertem Novotn\u00fdm<\/p><\/div>\n<p>&nbsp;<\/p>\n<p>\u201eSport je jedn\u00edm z velk\u00fdch fenom\u00e9nu sou\u010dasn\u00e9 doby. V\u0161ichni sleduj\u00ed v\u00fdsledky sportovc\u016f na z\u00e1vodech nejr\u016fzn\u011bj\u0161\u00edch kategori\u00ed a \u00farovn\u00ed. Jsme r\u00e1di, \u017ee se da\u0159\u00ed tak\u00e9 reprezentant\u016fm na\u0161eho m\u011bsta a nejbli\u017e\u0161\u00edho okol\u00ed. V\u011b\u0159\u00edm, \u017ee budete \u00fasp\u011b\u0161n\u00ed tak\u00e9 v dal\u0161\u00edch letech. Pod\u011bkov\u00e1n\u00ed rovn\u011b\u017e pat\u0159\u00ed tren\u00e9r\u016fm a rodi\u010d\u016fm, bez jejich\u017e p\u0159isp\u011bn\u00ed bychom tolik sportovn\u00edch \u00fasp\u011bch\u016f neslavili,\u201c uvedl <strong>prim\u00e1tor Olomouce Miroslav \u017db\u00e1nek.<\/strong><\/p>\n<p><img decoding=\"async\" loading=\"lazy\" class=\"alignleft size-full wp-image-16144\" src=\"http:\/\/www.atletikaolomouc.cz\/wp-content\/uploads\/2020\/02\/104-sportovec-ol.jpg\" alt=\"\" width=\"656\" height=\"610\" srcset=\"https:\/\/old.atletikaolomouc.cz\/wp-content\/uploads\/2020\/02\/104-sportovec-ol.jpg 656w, https:\/\/old.atletikaolomouc.cz\/wp-content\/uploads\/2020\/02\/104-sportovec-ol-300x279.jpg 300w, https:\/\/old.atletikaolomouc.cz\/wp-content\/uploads\/2020\/02\/104-sportovec-ol-645x600.jpg 645w\" sizes=\"(max-width: 656px) 100vw, 656px\" \/><\/p>\n","protected":false},"excerpt":{"rendered":"<p>26. \u00fanora prob\u011bhlo vyhl\u00e1\u0161en\u00ed nejlep\u0161\u00edch sportovc\u016f Olomoucka a v kategorii junior\u016f byla vyhl\u00e1\u0161ena tak\u00e9 sprinterka Atletick\u00e9ho klubu Olomouc Eva Kub\u00ed\u010dkov\u00e1.<\/p>\n","protected":false},"author":14,"featured_media":16140,"comment_status":"closed","ping_status":"closed","sticky":false,"template":"","format":"standard","meta":{"ngg_post_thumbnail":0},"categories":[5,6,37],"tags":[],"_links":{"self":[{"href":"https:\/\/old.atletikaolomouc.cz\/index.php?rest_route=\/wp\/v2\/posts\/16139"}],"collection":[{"href":"https:\/\/old.atletikaolomouc.cz\/index.php?rest_route=\/wp\/v2\/posts"}],"about":[{"href":"https:\/\/old.atletikaolomouc.cz\/index.php?rest_route=\/wp\/v2\/types\/post"}],"author":[{"embeddable":true,"href":"https:\/\/old.atletikaolomouc.cz\/index.php?rest_route=\/wp\/v2\/users\/14"}],"replies":[{"embeddable":true,"href":"https:\/\/old.atletikaolomouc.cz\/index.php?rest_route=%2Fwp%2Fv2%2Fcomments&post=16139"}],"version-history":[{"count":9,"href":"https:\/\/old.atletikaolomouc.cz\/index.php?rest_route=\/wp\/v2\/posts\/16139\/revisions"}],"predecessor-version":[{"id":16153,"href":"https:\/\/old.atletikaolomouc.cz\/index.php?rest_route=\/wp\/v2\/posts\/16139\/revisions\/16153"}],"wp:featuredmedia":[{"embeddable":true,"href":"https:\/\/old.atletikaolomouc.cz\/index.php?rest_route=\/wp\/v2\/media\/16140"}],"wp:attachment":[{"href":"https:\/\/old.atletikaolomouc.cz\/index.php?rest_route=%2Fwp%2Fv2%2Fmedia&parent=16139"}],"wp:term":[{"taxonomy":"category","embeddable":true,"href":"https:\/\/old.atletikaolomouc.cz\/index.php?rest_route=%2Fwp%2Fv2%2Fcategories&post=16139"},{"taxonomy":"post_tag","embeddable":true,"href":"https:\/\/old.atletikaolomouc.cz\/index.php?rest_route=%2Fwp%2Fv2%2Ftags&post=16139"}],"curies":[{"name":"wp","href":"https:\/\/api.w.org\/{rel}","templated":true}]}}