{"id":16601,"date":"2020-04-09T11:05:56","date_gmt":"2020-04-09T09:05:56","guid":{"rendered":"http:\/\/www.atletikaolomouc.cz\/?p=16601"},"modified":"2020-04-21T16:50:38","modified_gmt":"2020-04-21T14:50:38","slug":"archivni-fotogalerie","status":"publish","type":"post","link":"https:\/\/old.atletikaolomouc.cz\/?p=16601","title":{"rendered":"Archivn\u00ed fotogalerie"},"content":{"rendered":"<p><img decoding=\"async\" loading=\"lazy\" class=\"alignleft size-thumbnail wp-image-16604\" src=\"http:\/\/www.atletikaolomouc.cz\/wp-content\/uploads\/2020\/04\/002-img0103-150x150.jpg\" alt=\"\" width=\"150\" height=\"150\"><strong>V\u00e1\u017een\u00ed \u010dlenov\u00e9 klubu a n\u00e1v\u0161t\u011bvn\u00edci na\u0161ich webov\u00fdch str\u00e1nek,<\/strong><\/p>\n<p>fotogalerie na na\u0161em webu byla aktualizov\u00e1na o archivn\u00ed galerii, kter\u00e1 obsahuje p\u0159es dv\u011b sta fotografi\u00ed z historie olomouck\u00e9ho klubu a\u017e po rok 1999.<!--more--><\/p>\n<p>M\u00e1te tak mo\u017enost nahl\u00e9dnout opravdu do historie, kdy atleti z\u00e1vodili na \u0161kv\u00e1\u0159e, sk\u00e1kali o ty\u010di bez molitanov\u00e9ho dosko\u010di\u0161t\u011b \u010di sk\u00e1kali do v\u00fd\u0161ky s botou jen na odrazov\u00e9 noze. V novodob\u011bj\u0161\u00ed historii pak u\u017e na fotografi\u00edch m\u016f\u017eete pozn\u00e1vat i sou\u010dasn\u00e9 tren\u00e9ry a funkcion\u00e1\u0159e klubu.<\/p>\n<p><strong>Vstupte do galerie<\/strong> <a href=\"http:\/\/www.atletikaolomouc.cz\/?page_id=16596\">zde<\/a><\/p>\n","protected":false},"excerpt":{"rendered":"<p>V\u00e1\u017een\u00ed \u010dlenov\u00e9 klubu a n\u00e1v\u0161t\u011bvn\u00edci na\u0161ich webov\u00fdch str\u00e1nek, fotogalerie na na\u0161em webu byla aktualizov\u00e1na o archivn\u00ed galerii, kter\u00e1 obsahuje p\u0159es dv\u011b sta fotografi\u00ed z historie olomouck\u00e9ho klubu a\u017e po rok 1999.<\/p>\n","protected":false},"author":14,"featured_media":16612,"comment_status":"closed","ping_status":"closed","sticky":false,"template":"","format":"standard","meta":{"ngg_post_thumbnail":0},"categories":[5,6],"tags":[],"_links":{"self":[{"href":"https:\/\/old.atletikaolomouc.cz\/index.php?rest_route=\/wp\/v2\/posts\/16601"}],"collection":[{"href":"https:\/\/old.atletikaolomouc.cz\/index.php?rest_route=\/wp\/v2\/posts"}],"about":[{"href":"https:\/\/old.atletikaolomouc.cz\/index.php?rest_route=\/wp\/v2\/types\/post"}],"author":[{"embeddable":true,"href":"https:\/\/old.atletikaolomouc.cz\/index.php?rest_route=\/wp\/v2\/users\/14"}],"replies":[{"embeddable":true,"href":"https:\/\/old.atletikaolomouc.cz\/index.php?rest_route=%2Fwp%2Fv2%2Fcomments&post=16601"}],"version-history":[{"count":8,"href":"https:\/\/old.atletikaolomouc.cz\/index.php?rest_route=\/wp\/v2\/posts\/16601\/revisions"}],"predecessor-version":[{"id":16610,"href":"https:\/\/old.atletikaolomouc.cz\/index.php?rest_route=\/wp\/v2\/posts\/16601\/revisions\/16610"}],"wp:featuredmedia":[{"embeddable":true,"href":"https:\/\/old.atletikaolomouc.cz\/index.php?rest_route=\/wp\/v2\/media\/16612"}],"wp:attachment":[{"href":"https:\/\/old.atletikaolomouc.cz\/index.php?rest_route=%2Fwp%2Fv2%2Fmedia&parent=16601"}],"wp:term":[{"taxonomy":"category","embeddable":true,"href":"https:\/\/old.atletikaolomouc.cz\/index.php?rest_route=%2Fwp%2Fv2%2Fcategories&post=16601"},{"taxonomy":"post_tag","embeddable":true,"href":"https:\/\/old.atletikaolomouc.cz\/index.php?rest_route=%2Fwp%2Fv2%2Ftags&post=16601"}],"curies":[{"name":"wp","href":"https:\/\/api.w.org\/{rel}","templated":true}]}}