{"id":16657,"date":"2020-04-21T16:49:01","date_gmt":"2020-04-21T14:49:01","guid":{"rendered":"http:\/\/www.atletikaolomouc.cz\/?p=16657"},"modified":"2020-04-22T18:36:17","modified_gmt":"2020-04-22T16:36:17","slug":"zemrel-miroslav-hrabal","status":"publish","type":"post","link":"https:\/\/old.atletikaolomouc.cz\/?p=16657","title":{"rendered":"Zem\u0159el Miroslav Hrabal"},"content":{"rendered":"<p>Dne 21.4.2020 nedob\u011bhl sv\u016fj posledn\u00ed z\u00e1vod <strong>Mirek Hrabal<\/strong>, atlet du\u0161\u00ed i srdcem a skv\u011bl\u00fd \u010dlov\u011bk, kter\u00fd cel\u00fd sv\u016fj \u017eivot zasv\u011btil atletice.<!--more--> Zem\u0159el po kr\u00e1tk\u00e9 nemoci ve v\u011bku nedo\u017eit\u00fdch 69 let. Dlouholet\u00fd p\u0159edseda Atletick\u00e9ho klubu Olomouc, p\u0159edseda krajsk\u00e9ho atletick\u00e9ho svazu a \u010destn\u00fd \u010dlen \u010cesk\u00e9ho atletick\u00e9ho svazu byl pil\u00ed\u0159em atletiky v Olomouci i olomouck\u00e9m kraji a jeho bohat\u00e9 atletick\u00e9 zku\u0161enosti a v\u011b\u010dn\u00fd optimismus n\u00e1m v\u0161em budou moc chyb\u011bt.<\/p>\n<p><strong>Posledn\u00ed rozlou\u010den\u00ed prob\u011bhne v \u00fater\u00fd 28.dubna v 11:20 ve smute\u010dn\u00ed s\u00edni olomouck\u00e9ho krematoria.<\/strong><\/p>\n<p>S bolest\u00ed v srdci,&nbsp; zarmoucen\u00e1 rodina a \u010dlenov\u00e9 AK Olomouc<\/p>\n","protected":false},"excerpt":{"rendered":"<p>Dne 21.4.2020 nedob\u011bhl sv\u016fj posledn\u00ed z\u00e1vod Mirek Hrabal, atlet du\u0161\u00ed i srdcem a skv\u011bl\u00fd \u010dlov\u011bk, kter\u00fd cel\u00fd sv\u016fj \u017eivot zasv\u011btil atletice.<\/p>\n","protected":false},"author":14,"featured_media":16660,"comment_status":"closed","ping_status":"closed","sticky":false,"template":"","format":"standard","meta":{"ngg_post_thumbnail":0},"categories":[5,6,37],"tags":[],"_links":{"self":[{"href":"https:\/\/old.atletikaolomouc.cz\/index.php?rest_route=\/wp\/v2\/posts\/16657"}],"collection":[{"href":"https:\/\/old.atletikaolomouc.cz\/index.php?rest_route=\/wp\/v2\/posts"}],"about":[{"href":"https:\/\/old.atletikaolomouc.cz\/index.php?rest_route=\/wp\/v2\/types\/post"}],"author":[{"embeddable":true,"href":"https:\/\/old.atletikaolomouc.cz\/index.php?rest_route=\/wp\/v2\/users\/14"}],"replies":[{"embeddable":true,"href":"https:\/\/old.atletikaolomouc.cz\/index.php?rest_route=%2Fwp%2Fv2%2Fcomments&post=16657"}],"version-history":[{"count":4,"href":"https:\/\/old.atletikaolomouc.cz\/index.php?rest_route=\/wp\/v2\/posts\/16657\/revisions"}],"predecessor-version":[{"id":16681,"href":"https:\/\/old.atletikaolomouc.cz\/index.php?rest_route=\/wp\/v2\/posts\/16657\/revisions\/16681"}],"wp:featuredmedia":[{"embeddable":true,"href":"https:\/\/old.atletikaolomouc.cz\/index.php?rest_route=\/wp\/v2\/media\/16660"}],"wp:attachment":[{"href":"https:\/\/old.atletikaolomouc.cz\/index.php?rest_route=%2Fwp%2Fv2%2Fmedia&parent=16657"}],"wp:term":[{"taxonomy":"category","embeddable":true,"href":"https:\/\/old.atletikaolomouc.cz\/index.php?rest_route=%2Fwp%2Fv2%2Fcategories&post=16657"},{"taxonomy":"post_tag","embeddable":true,"href":"https:\/\/old.atletikaolomouc.cz\/index.php?rest_route=%2Fwp%2Fv2%2Ftags&post=16657"}],"curies":[{"name":"wp","href":"https:\/\/api.w.org\/{rel}","templated":true}]}}