{"id":1666,"date":"2011-11-24T10:19:24","date_gmt":"2011-11-24T09:19:24","guid":{"rendered":"http:\/\/www.atletikaolomouc.cz\/?p=1666"},"modified":"2011-11-24T10:20:23","modified_gmt":"2011-11-24T09:20:23","slug":"zimni-lyzarsky-kurz","status":"publish","type":"post","link":"https:\/\/old.atletikaolomouc.cz\/?p=1666","title":{"rendered":"Zimn\u00ed ly\u017ea\u0159sk\u00fd kurz"},"content":{"rendered":"<p style=\"text-align: justify;\"><a href=\"http:\/\/www.atletikaolomouc.cz\/wp-content\/uploads\/2011\/11\/branna_2011.jpg\"><img decoding=\"async\" loading=\"lazy\" class=\"alignleft size-medium wp-image-1668\" title=\"OLYMPUS DIGITAL CAMERA\" src=\"http:\/\/www.atletikaolomouc.cz\/wp-content\/uploads\/2011\/11\/branna_2011-300x218.jpg\" alt=\"\" width=\"180\" height=\"218\" \/><\/a>V term\u00ednu 9.-14.1.2012 po\u0159\u00e1d\u00e1 Atletick\u00fd klub Olomouc zimn\u00ed ly\u017ea\u0159sk\u00e9 soust\u0159ed\u011bn\u00ed pro \u010dleny SpS. Soust\u0159ed\u011bn\u00ed prob\u011bhne v <a href=\"http:\/\/www.relaxkolstejn.cz\/\" target=\"_blank\">Relax centru Kol\u0161tejn<\/a> v Brann\u00e9. N\u00e1pln\u00ed soust\u0159ed\u011bn\u00ed je v\u00fduka sjezdov\u00e9ho ly\u017eov\u00e1n\u00ed, snowboardingu a pro dobrovoln\u00edky b\u011b\u017eky. Vypln\u011bnou <a href=\"http:\/\/www.atletikaolomouc.cz\/wp-content\/uploads\/2011\/11\/Pozv\u00e1nka-zima-2012-Brann\u00e1.pdf\" target=\"_blank\">p\u0159ihl\u00e1\u0161ku<\/a> na soust\u0159ed\u011bn\u00ed odevzd\u00e1vejte do 10.12.2011 na email <a href=\"mailto:daviduhl@post.cz\" target=\"_blank\">daviduhl@post.cz<\/a>.<\/p>\n<p>St\u00e1hnout <a href=\"http:\/\/www.atletikaolomouc.cz\/wp-content\/uploads\/2011\/11\/Pozv\u00e1nka-zima-2012-Brann\u00e1.pdf\" target=\"_blank\">Pozv\u00e1nka + p\u0159ihl\u00e1\u0161ka<\/a>.<\/p>\n","protected":false},"excerpt":{"rendered":"<p>V term\u00ednu 9.-14.1.2012 po\u0159\u00e1d\u00e1 Atletick\u00fd klub Olomouc zimn\u00ed ly\u017ea\u0159sk\u00e9 soust\u0159ed\u011bn\u00ed pro \u010dleny SpS. Soust\u0159ed\u011bn\u00ed prob\u011bhne v Relax centru Kol\u0161tejn v Brann\u00e9. N\u00e1pln\u00ed soust\u0159ed\u011bn\u00ed je v\u00fduka sjezdov\u00e9ho ly\u017eov\u00e1n\u00ed, snowboardingu a pro dobrovoln\u00edky b\u011b\u017eky. Vypln\u011bnou p\u0159ihl\u00e1\u0161ku na soust\u0159ed\u011bn\u00ed odevzd\u00e1vejte do 10.12.2011 na &hellip; <a href=\"https:\/\/old.atletikaolomouc.cz\/?p=1666\">Continue reading <span class=\"meta-nav\">&rarr;<\/span><\/a><\/p>\n","protected":false},"author":4,"featured_media":0,"comment_status":"closed","ping_status":"closed","sticky":false,"template":"","format":"standard","meta":{"ngg_post_thumbnail":0},"categories":[5,22],"tags":[],"_links":{"self":[{"href":"https:\/\/old.atletikaolomouc.cz\/index.php?rest_route=\/wp\/v2\/posts\/1666"}],"collection":[{"href":"https:\/\/old.atletikaolomouc.cz\/index.php?rest_route=\/wp\/v2\/posts"}],"about":[{"href":"https:\/\/old.atletikaolomouc.cz\/index.php?rest_route=\/wp\/v2\/types\/post"}],"author":[{"embeddable":true,"href":"https:\/\/old.atletikaolomouc.cz\/index.php?rest_route=\/wp\/v2\/users\/4"}],"replies":[{"embeddable":true,"href":"https:\/\/old.atletikaolomouc.cz\/index.php?rest_route=%2Fwp%2Fv2%2Fcomments&post=1666"}],"version-history":[{"count":2,"href":"https:\/\/old.atletikaolomouc.cz\/index.php?rest_route=\/wp\/v2\/posts\/1666\/revisions"}],"predecessor-version":[{"id":1670,"href":"https:\/\/old.atletikaolomouc.cz\/index.php?rest_route=\/wp\/v2\/posts\/1666\/revisions\/1670"}],"wp:attachment":[{"href":"https:\/\/old.atletikaolomouc.cz\/index.php?rest_route=%2Fwp%2Fv2%2Fmedia&parent=1666"}],"wp:term":[{"taxonomy":"category","embeddable":true,"href":"https:\/\/old.atletikaolomouc.cz\/index.php?rest_route=%2Fwp%2Fv2%2Fcategories&post=1666"},{"taxonomy":"post_tag","embeddable":true,"href":"https:\/\/old.atletikaolomouc.cz\/index.php?rest_route=%2Fwp%2Fv2%2Ftags&post=1666"}],"curies":[{"name":"wp","href":"https:\/\/api.w.org\/{rel}","templated":true}]}}