{"id":16826,"date":"2020-06-03T07:48:11","date_gmt":"2020-06-03T05:48:11","guid":{"rendered":"http:\/\/www.atletikaolomouc.cz\/?p=16826"},"modified":"2020-06-03T07:55:16","modified_gmt":"2020-06-03T05:55:16","slug":"1-kolo-ceskeho-poharu-atletiky-caths","status":"publish","type":"post","link":"https:\/\/old.atletikaolomouc.cz\/?p=16826","title":{"rendered":"1. kolo \u010cesk\u00e9ho poh\u00e1ru Atletiky \u010cATHS"},"content":{"rendered":"\n<p>V ned\u011bli 31. kv\u011btna prob\u011bhlo v Olomouci za d\u011b\u0161tiv\u00e9ho po\u010das\u00ed 1. kolo \u010cesk\u00e9ho poh\u00e1ru Atletiky \u010cATHS 2020. I p\u0159es opravdu nep\u0159ej\u00edc\u00ed po\u010das\u00ed se do Olomouce sjelo celkem 27 mu\u017e\u016f a 15 \u017een, usiluj\u00edc\u00edch o p\u0159edveden\u00ed co nejlep\u0161\u00edch v\u00fdkon\u016f.<\/p>\n<p><a href=\"http:\/\/www.atletikaolomouc.cz\/wp-content\/uploads\/2020\/06\/V\u00ddSLEDKY-Mu\u017ei-Olomouc-31.5.-web.pdf\" target=\"_blank\" rel=\"noopener\">V\u00fdsledky mu\u017ei<\/a><br><a href=\"http:\/\/www.atletikaolomouc.cz\/wp-content\/uploads\/2020\/06\/V\u00ddSLEDKY-\u017dENY-Olomouc-31.5.-web.pdf\" target=\"_blank\" rel=\"noopener\">V\u00fdsledky \u017eeny<\/a><br><a href=\"http:\/\/www.atletikaolomouc.cz\/wp-content\/uploads\/2020\/06\/V\u00ddSLEDKY-D\u011aTI-31.5.-web.pdf\" target=\"_blank\" rel=\"noopener\">V\u00fdsledky d\u011bti<\/a><\/p>\n<p><!--more-->Svou p\u0159ipravenost&nbsp; na sez\u00f3nu p\u0159edvedla Anna Muzikov\u00e1 z SC J\u00da Praha. V hodu ku\u017eelkou v\u00fdkonem 17,23 m p\u0159ekonala sv\u00e9 osobn\u00ed maximum&nbsp; a z\u00e1rove\u0148 p\u0159epsala \u010desk\u00fd rekord v t\u00e9to discipl\u00edn\u011b. Z dom\u00e1c\u00edch z\u00e1vodn\u00edk\u016f se nejv\u00edce da\u0159ilo Ev\u011b Kacanu, kter\u00e1 z\u00edskala zlato ve vrhu koul\u00ed a bronz v hodu diskem.<a href=\"http:\/\/www.atletikaolomouc.cz\/wp-content\/uploads\/2020\/06\/holky.jpg\"><img decoding=\"async\" loading=\"lazy\" class=\"alignleft size-full wp-image-16830\" src=\"http:\/\/www.atletikaolomouc.cz\/wp-content\/uploads\/2020\/06\/holky.jpg\" alt=\"\" width=\"960\" height=\"678\" srcset=\"https:\/\/old.atletikaolomouc.cz\/wp-content\/uploads\/2020\/06\/holky.jpg 960w, https:\/\/old.atletikaolomouc.cz\/wp-content\/uploads\/2020\/06\/holky-300x212.jpg 300w, https:\/\/old.atletikaolomouc.cz\/wp-content\/uploads\/2020\/06\/holky-768x542.jpg 768w, https:\/\/old.atletikaolomouc.cz\/wp-content\/uploads\/2020\/06\/holky-800x565.jpg 800w\" sizes=\"(max-width: 960px) 100vw, 960px\" \/><\/a><\/p>\n<p>Dal\u0161\u00ed zlato vybojoval v hodu o\u0161t\u011bpem Du\u0161an \u0160\u010dambura a za n\u00edm na druh\u00e9m m\u00edst\u011b skon\u010dil tak\u00e9 dom\u00e1c\u00ed z\u00e1vodn\u00edk Michal Rotter. St\u0159\u00edbro v hodu ku\u017eelko p\u0159idala je\u0161t\u011b&nbsp;Ad\u00e9la Sekyrov\u00e1 a bronz v hodu ku\u017eelkou Eva Kvapilov\u00e1. Na nepopul\u00e1rn\u00ed &#8222;bramborov\u00e9&#8220; p\u0159\u00ed\u010dce se um\u00edstili Filip Varto\u0148,&nbsp; Ivana Drapov\u00e1 a Luk\u00e1\u0161 Kunc.<a href=\"http:\/\/www.atletikaolomouc.cz\/wp-content\/uploads\/2020\/06\/kluci.jpg\"><img decoding=\"async\" loading=\"lazy\" class=\"alignleft size-full wp-image-16831\" src=\"http:\/\/www.atletikaolomouc.cz\/wp-content\/uploads\/2020\/06\/kluci.jpg\" alt=\"\" width=\"960\" height=\"678\"><\/a><\/p>\n<p>D\u011bti bojovaly o medaile v hodu raketkou. Ve sv\u00fdch kategori\u00edch z\u00edskali zlato Dominik Chur\u00fd a Nikola S\u00edkorov\u00e1, st\u0159\u00edbro K\u00e1ja Stratilov\u00e1 a Martin P\u0159ichystal a bronz Ond\u0159ej Lakom\u00fd.<\/p>\n<p><a href=\"http:\/\/www.atletikaolomouc.cz\/wp-content\/uploads\/2020\/06\/D\u011aTI.jpg\"><img decoding=\"async\" loading=\"lazy\" class=\"alignleft size-full wp-image-16832\" src=\"http:\/\/www.atletikaolomouc.cz\/wp-content\/uploads\/2020\/06\/D\u011aTI.jpg\" alt=\"\" width=\"960\" height=\"678\" srcset=\"https:\/\/old.atletikaolomouc.cz\/wp-content\/uploads\/2020\/06\/D\u011aTI.jpg 960w, https:\/\/old.atletikaolomouc.cz\/wp-content\/uploads\/2020\/06\/D\u011aTI-300x212.jpg 300w, https:\/\/old.atletikaolomouc.cz\/wp-content\/uploads\/2020\/06\/D\u011aTI-768x542.jpg 768w, https:\/\/old.atletikaolomouc.cz\/wp-content\/uploads\/2020\/06\/D\u011aTI-800x565.jpg 800w\" sizes=\"(max-width: 960px) 100vw, 960px\" \/><\/a><\/p>\n<p>Velk\u00e9 pod\u011bkov\u00e1n\u00ed pat\u0159\u00ed v\u0161em, kte\u0159\u00ed zajistili hladk\u00fd pr\u016fb\u011bh z\u00e1vod\u016f od rozhod\u010d\u00edch p\u0159es pomocn\u00edky technick\u00e9 \u010dety a koment\u00e1tora a\u017e po pracovn\u00edky v z\u00e1vodn\u00ed kancel\u00e1\u0159i.<\/p>\n<div>D\u011bkujeme za pomoc a dlouhodobou spolupr\u00e1ci p\u0159\u00edslu\u0161n\u00edk\u016fm A\u010cR pod veden\u00edm kpt Mgr. Dany V\u00e1clav\u00edkov\u00e9, vedouc\u00ed komunitn\u00edho centra pro v\u00e1le\u010dn\u00e9&nbsp;veter\u00e1ny&nbsp;Olomouc a p\u0159\u00edslu\u0161n\u00edk\u016fm 153. \u017epr. Olomouc&nbsp;a&nbsp; dokumentaristovi Mgr. Pavlu V\u00e1clav\u00edkovi.<\/div>\n<div>&nbsp;<\/div>\n<div class=\"yj6qo\">&nbsp;<\/div>\n<div class=\"adL\">&nbsp;<\/div>\n","protected":false},"excerpt":{"rendered":"<p>V ned\u011bli 31. kv\u011btna prob\u011bhlo v Olomouci za d\u011b\u0161tiv\u00e9ho po\u010das\u00ed 1. kolo \u010cesk\u00e9ho poh\u00e1ru Atletiky \u010cATHS 2020. I p\u0159es opravdu nep\u0159ej\u00edc\u00ed po\u010das\u00ed se do Olomouce sjelo celkem 27 mu\u017e\u016f a 15 \u017een, usiluj\u00edc\u00edch o p\u0159edveden\u00ed co nejlep\u0161\u00edch v\u00fdkon\u016f. V\u00fdsledky mu\u017eiV\u00fdsledky &hellip; <a href=\"https:\/\/old.atletikaolomouc.cz\/?p=16826\">Continue reading <span class=\"meta-nav\">&rarr;<\/span><\/a><\/p>\n","protected":false},"author":14,"featured_media":16831,"comment_status":"closed","ping_status":"closed","sticky":false,"template":"","format":"standard","meta":{"ngg_post_thumbnail":0},"categories":[48,6,37],"tags":[],"_links":{"self":[{"href":"https:\/\/old.atletikaolomouc.cz\/index.php?rest_route=\/wp\/v2\/posts\/16826"}],"collection":[{"href":"https:\/\/old.atletikaolomouc.cz\/index.php?rest_route=\/wp\/v2\/posts"}],"about":[{"href":"https:\/\/old.atletikaolomouc.cz\/index.php?rest_route=\/wp\/v2\/types\/post"}],"author":[{"embeddable":true,"href":"https:\/\/old.atletikaolomouc.cz\/index.php?rest_route=\/wp\/v2\/users\/14"}],"replies":[{"embeddable":true,"href":"https:\/\/old.atletikaolomouc.cz\/index.php?rest_route=%2Fwp%2Fv2%2Fcomments&post=16826"}],"version-history":[{"count":4,"href":"https:\/\/old.atletikaolomouc.cz\/index.php?rest_route=\/wp\/v2\/posts\/16826\/revisions"}],"predecessor-version":[{"id":16839,"href":"https:\/\/old.atletikaolomouc.cz\/index.php?rest_route=\/wp\/v2\/posts\/16826\/revisions\/16839"}],"wp:featuredmedia":[{"embeddable":true,"href":"https:\/\/old.atletikaolomouc.cz\/index.php?rest_route=\/wp\/v2\/media\/16831"}],"wp:attachment":[{"href":"https:\/\/old.atletikaolomouc.cz\/index.php?rest_route=%2Fwp%2Fv2%2Fmedia&parent=16826"}],"wp:term":[{"taxonomy":"category","embeddable":true,"href":"https:\/\/old.atletikaolomouc.cz\/index.php?rest_route=%2Fwp%2Fv2%2Fcategories&post=16826"},{"taxonomy":"post_tag","embeddable":true,"href":"https:\/\/old.atletikaolomouc.cz\/index.php?rest_route=%2Fwp%2Fv2%2Ftags&post=16826"}],"curies":[{"name":"wp","href":"https:\/\/api.w.org\/{rel}","templated":true}]}}