{"id":16881,"date":"2020-06-03T11:12:15","date_gmt":"2020-06-03T09:12:15","guid":{"rendered":"http:\/\/www.atletikaolomouc.cz\/?p=16881"},"modified":"2020-06-05T07:23:48","modified_gmt":"2020-06-05T05:23:48","slug":"1-kolo-kp-pripravek-2020-foto","status":"publish","type":"post","link":"https:\/\/old.atletikaolomouc.cz\/?p=16881","title":{"rendered":"1. kolo KP p\u0159\u00edpravek 2020 &#8211; foto"},"content":{"rendered":"\n<p><img decoding=\"async\" loading=\"lazy\" class=\"alignleft size-thumbnail wp-image-16880\" src=\"http:\/\/www.atletikaolomouc.cz\/wp-content\/uploads\/2020\/06\/PHOTO-2020-06-02-19-34-58-150x150.jpg\" alt=\"\" width=\"150\" height=\"150\">V \u00fater\u00fd 2. \u010dervna prob\u011bhlo na h\u0159i\u0161ti prost\u011bjovsk\u00e9ho gymn\u00e1zia 1. kolo Krajsk\u00e9ho p\u0159eboru p\u0159\u00edpravek.<\/p>\n<p><!--more--><\/p>\n<!-- default-view.php -->\n<div\n\tclass=\"ngg-galleryoverview default-view \"\n\tid=\"ngg-gallery-d5d80eb65337cec8e019046124c5e676-1\">\n\n\t\t<!-- Thumbnails -->\n\t\t\t\t<div id=\"ngg-image-0\" class=\"ngg-gallery-thumbnail-box \" >\n\t\t\t\t        <div class=\"ngg-gallery-thumbnail\">\n            <a href=\"https:\/\/old.atletikaolomouc.cz\/wp-content\/gallery\/1-kolo-kp-pripravek-2020\/PHOTO-2020-06-04-22-09-50-2.jpg\"\n               title=\"\"\n               data-src=\"https:\/\/old.atletikaolomouc.cz\/wp-content\/gallery\/1-kolo-kp-pripravek-2020\/PHOTO-2020-06-04-22-09-50-2.jpg\"\n               data-thumbnail=\"https:\/\/old.atletikaolomouc.cz\/wp-content\/gallery\/1-kolo-kp-pripravek-2020\/thumbs\/thumbs_PHOTO-2020-06-04-22-09-50-2.jpg\"\n               data-image-id=\"5084\"\n               data-title=\"PHOTO-2020-06-04-22-09-50-2\"\n               data-description=\"\"\n               data-image-slug=\"photo-2020-06-04-22-09-50-2\"\n               class=\"ngg-simplelightbox\" rel=\"d5d80eb65337cec8e019046124c5e676\">\n                <img\n                    title=\"PHOTO-2020-06-04-22-09-50-2\"\n                    alt=\"PHOTO-2020-06-04-22-09-50-2\"\n                    src=\"https:\/\/old.atletikaolomouc.cz\/wp-content\/gallery\/1-kolo-kp-pripravek-2020\/thumbs\/thumbs_PHOTO-2020-06-04-22-09-50-2.jpg\"\n                    width=\"240\"\n                    height=\"160\"\n                    style=\"max-width:100%;\"\n                \/>\n            <\/a>\n        <\/div>\n\t\t\t\t\t\t\t<\/div> \n\t\t\t\n\t\t\t\t<div id=\"ngg-image-1\" class=\"ngg-gallery-thumbnail-box \" >\n\t\t\t\t        <div class=\"ngg-gallery-thumbnail\">\n            <a href=\"https:\/\/old.atletikaolomouc.cz\/wp-content\/gallery\/1-kolo-kp-pripravek-2020\/PHOTO-2020-06-04-22-09-50-3.jpg\"\n               title=\"\"\n               data-src=\"https:\/\/old.atletikaolomouc.cz\/wp-content\/gallery\/1-kolo-kp-pripravek-2020\/PHOTO-2020-06-04-22-09-50-3.jpg\"\n               data-thumbnail=\"https:\/\/old.atletikaolomouc.cz\/wp-content\/gallery\/1-kolo-kp-pripravek-2020\/thumbs\/thumbs_PHOTO-2020-06-04-22-09-50-3.jpg\"\n               data-image-id=\"5085\"\n               data-title=\"PHOTO-2020-06-04-22-09-50-3\"\n               data-description=\"\"\n               data-image-slug=\"photo-2020-06-04-22-09-50-3\"\n               class=\"ngg-simplelightbox\" rel=\"d5d80eb65337cec8e019046124c5e676\">\n                <img\n                    title=\"PHOTO-2020-06-04-22-09-50-3\"\n                    alt=\"PHOTO-2020-06-04-22-09-50-3\"\n                    src=\"https:\/\/old.atletikaolomouc.cz\/wp-content\/gallery\/1-kolo-kp-pripravek-2020\/thumbs\/thumbs_PHOTO-2020-06-04-22-09-50-3.jpg\"\n                    width=\"240\"\n                    height=\"160\"\n                    style=\"max-width:100%;\"\n                \/>\n            <\/a>\n        <\/div>\n\t\t\t\t\t\t\t<\/div> \n\t\t\t\n\t\t\t\t<div id=\"ngg-image-2\" class=\"ngg-gallery-thumbnail-box \" >\n\t\t\t\t        <div class=\"ngg-gallery-thumbnail\">\n            <a href=\"https:\/\/old.atletikaolomouc.cz\/wp-content\/gallery\/1-kolo-kp-pripravek-2020\/PHOTO-2020-06-04-22-09-50.jpg\"\n               title=\"\"\n               data-src=\"https:\/\/old.atletikaolomouc.cz\/wp-content\/gallery\/1-kolo-kp-pripravek-2020\/PHOTO-2020-06-04-22-09-50.jpg\"\n               data-thumbnail=\"https:\/\/old.atletikaolomouc.cz\/wp-content\/gallery\/1-kolo-kp-pripravek-2020\/thumbs\/thumbs_PHOTO-2020-06-04-22-09-50.jpg\"\n               data-image-id=\"5086\"\n               data-title=\"PHOTO-2020-06-04-22-09-50\"\n               data-description=\"\"\n               data-image-slug=\"photo-2020-06-04-22-09-50-4\"\n               class=\"ngg-simplelightbox\" rel=\"d5d80eb65337cec8e019046124c5e676\">\n                <img\n                    title=\"PHOTO-2020-06-04-22-09-50\"\n                    alt=\"PHOTO-2020-06-04-22-09-50\"\n                    src=\"https:\/\/old.atletikaolomouc.cz\/wp-content\/gallery\/1-kolo-kp-pripravek-2020\/thumbs\/thumbs_PHOTO-2020-06-04-22-09-50.jpg\"\n                    width=\"240\"\n                    height=\"160\"\n                    style=\"max-width:100%;\"\n                \/>\n            <\/a>\n        <\/div>\n\t\t\t\t\t\t\t<\/div> \n\t\t\t\n\t\t\t\t<div id=\"ngg-image-3\" class=\"ngg-gallery-thumbnail-box \" >\n\t\t\t\t        <div class=\"ngg-gallery-thumbnail\">\n            <a href=\"https:\/\/old.atletikaolomouc.cz\/wp-content\/gallery\/1-kolo-kp-pripravek-2020\/PHOTO-2020-06-04-22-09-51-2.jpg\"\n               title=\"\"\n               data-src=\"https:\/\/old.atletikaolomouc.cz\/wp-content\/gallery\/1-kolo-kp-pripravek-2020\/PHOTO-2020-06-04-22-09-51-2.jpg\"\n               data-thumbnail=\"https:\/\/old.atletikaolomouc.cz\/wp-content\/gallery\/1-kolo-kp-pripravek-2020\/thumbs\/thumbs_PHOTO-2020-06-04-22-09-51-2.jpg\"\n               data-image-id=\"5087\"\n               data-title=\"PHOTO-2020-06-04-22-09-51-2\"\n               data-description=\"\"\n               data-image-slug=\"photo-2020-06-04-22-09-51-2\"\n               class=\"ngg-simplelightbox\" rel=\"d5d80eb65337cec8e019046124c5e676\">\n                <img\n                    title=\"PHOTO-2020-06-04-22-09-51-2\"\n                    alt=\"PHOTO-2020-06-04-22-09-51-2\"\n                    src=\"https:\/\/old.atletikaolomouc.cz\/wp-content\/gallery\/1-kolo-kp-pripravek-2020\/thumbs\/thumbs_PHOTO-2020-06-04-22-09-51-2.jpg\"\n                    width=\"240\"\n                    height=\"160\"\n                    style=\"max-width:100%;\"\n                \/>\n            <\/a>\n        <\/div>\n\t\t\t\t\t\t\t<\/div> \n\t\t\t\n\t\t\t\t<div id=\"ngg-image-4\" class=\"ngg-gallery-thumbnail-box \" >\n\t\t\t\t        <div class=\"ngg-gallery-thumbnail\">\n            <a href=\"https:\/\/old.atletikaolomouc.cz\/wp-content\/gallery\/1-kolo-kp-pripravek-2020\/PHOTO-2020-06-04-22-09-51-3.jpg\"\n               title=\"\"\n               data-src=\"https:\/\/old.atletikaolomouc.cz\/wp-content\/gallery\/1-kolo-kp-pripravek-2020\/PHOTO-2020-06-04-22-09-51-3.jpg\"\n               data-thumbnail=\"https:\/\/old.atletikaolomouc.cz\/wp-content\/gallery\/1-kolo-kp-pripravek-2020\/thumbs\/thumbs_PHOTO-2020-06-04-22-09-51-3.jpg\"\n               data-image-id=\"5088\"\n               data-title=\"PHOTO-2020-06-04-22-09-51-3\"\n               data-description=\"\"\n               data-image-slug=\"photo-2020-06-04-22-09-51-3\"\n               class=\"ngg-simplelightbox\" rel=\"d5d80eb65337cec8e019046124c5e676\">\n                <img\n                    title=\"PHOTO-2020-06-04-22-09-51-3\"\n                    alt=\"PHOTO-2020-06-04-22-09-51-3\"\n                    src=\"https:\/\/old.atletikaolomouc.cz\/wp-content\/gallery\/1-kolo-kp-pripravek-2020\/thumbs\/thumbs_PHOTO-2020-06-04-22-09-51-3.jpg\"\n                    width=\"240\"\n                    height=\"160\"\n                    style=\"max-width:100%;\"\n                \/>\n            <\/a>\n        <\/div>\n\t\t\t\t\t\t\t<\/div> \n\t\t\t\n\t\t\t\t<div id=\"ngg-image-5\" class=\"ngg-gallery-thumbnail-box \" >\n\t\t\t\t        <div class=\"ngg-gallery-thumbnail\">\n            <a href=\"https:\/\/old.atletikaolomouc.cz\/wp-content\/gallery\/1-kolo-kp-pripravek-2020\/PHOTO-2020-06-04-22-09-51.jpg\"\n               title=\"\"\n               data-src=\"https:\/\/old.atletikaolomouc.cz\/wp-content\/gallery\/1-kolo-kp-pripravek-2020\/PHOTO-2020-06-04-22-09-51.jpg\"\n               data-thumbnail=\"https:\/\/old.atletikaolomouc.cz\/wp-content\/gallery\/1-kolo-kp-pripravek-2020\/thumbs\/thumbs_PHOTO-2020-06-04-22-09-51.jpg\"\n               data-image-id=\"5089\"\n               data-title=\"PHOTO-2020-06-04-22-09-51\"\n               data-description=\"\"\n               data-image-slug=\"photo-2020-06-04-22-09-51-4\"\n               class=\"ngg-simplelightbox\" rel=\"d5d80eb65337cec8e019046124c5e676\">\n                <img\n                    title=\"PHOTO-2020-06-04-22-09-51\"\n                    alt=\"PHOTO-2020-06-04-22-09-51\"\n                    src=\"https:\/\/old.atletikaolomouc.cz\/wp-content\/gallery\/1-kolo-kp-pripravek-2020\/thumbs\/thumbs_PHOTO-2020-06-04-22-09-51.jpg\"\n                    width=\"240\"\n                    height=\"160\"\n                    style=\"max-width:100%;\"\n                \/>\n            <\/a>\n        <\/div>\n\t\t\t\t\t\t\t<\/div> \n\t\t\t\n\t\t\t\t<div id=\"ngg-image-6\" class=\"ngg-gallery-thumbnail-box \" >\n\t\t\t\t        <div class=\"ngg-gallery-thumbnail\">\n            <a href=\"https:\/\/old.atletikaolomouc.cz\/wp-content\/gallery\/1-kolo-kp-pripravek-2020\/PHOTO-2020-06-04-22-09-52-2.jpg\"\n               title=\"\"\n               data-src=\"https:\/\/old.atletikaolomouc.cz\/wp-content\/gallery\/1-kolo-kp-pripravek-2020\/PHOTO-2020-06-04-22-09-52-2.jpg\"\n               data-thumbnail=\"https:\/\/old.atletikaolomouc.cz\/wp-content\/gallery\/1-kolo-kp-pripravek-2020\/thumbs\/thumbs_PHOTO-2020-06-04-22-09-52-2.jpg\"\n               data-image-id=\"5090\"\n               data-title=\"PHOTO-2020-06-04-22-09-52-2\"\n               data-description=\"\"\n               data-image-slug=\"photo-2020-06-04-22-09-52-2\"\n               class=\"ngg-simplelightbox\" rel=\"d5d80eb65337cec8e019046124c5e676\">\n                <img\n                    title=\"PHOTO-2020-06-04-22-09-52-2\"\n                    alt=\"PHOTO-2020-06-04-22-09-52-2\"\n                    src=\"https:\/\/old.atletikaolomouc.cz\/wp-content\/gallery\/1-kolo-kp-pripravek-2020\/thumbs\/thumbs_PHOTO-2020-06-04-22-09-52-2.jpg\"\n                    width=\"240\"\n                    height=\"160\"\n                    style=\"max-width:100%;\"\n                \/>\n            <\/a>\n        <\/div>\n\t\t\t\t\t\t\t<\/div> \n\t\t\t\n\t\t\t\t<div id=\"ngg-image-7\" class=\"ngg-gallery-thumbnail-box \" >\n\t\t\t\t        <div class=\"ngg-gallery-thumbnail\">\n            <a href=\"https:\/\/old.atletikaolomouc.cz\/wp-content\/gallery\/1-kolo-kp-pripravek-2020\/PHOTO-2020-06-04-22-09-52.jpg\"\n               title=\"\"\n               data-src=\"https:\/\/old.atletikaolomouc.cz\/wp-content\/gallery\/1-kolo-kp-pripravek-2020\/PHOTO-2020-06-04-22-09-52.jpg\"\n               data-thumbnail=\"https:\/\/old.atletikaolomouc.cz\/wp-content\/gallery\/1-kolo-kp-pripravek-2020\/thumbs\/thumbs_PHOTO-2020-06-04-22-09-52.jpg\"\n               data-image-id=\"5091\"\n               data-title=\"PHOTO-2020-06-04-22-09-52\"\n               data-description=\"\"\n               data-image-slug=\"photo-2020-06-04-22-09-52-3\"\n               class=\"ngg-simplelightbox\" rel=\"d5d80eb65337cec8e019046124c5e676\">\n                <img\n                    title=\"PHOTO-2020-06-04-22-09-52\"\n                    alt=\"PHOTO-2020-06-04-22-09-52\"\n                    src=\"https:\/\/old.atletikaolomouc.cz\/wp-content\/gallery\/1-kolo-kp-pripravek-2020\/thumbs\/thumbs_PHOTO-2020-06-04-22-09-52.jpg\"\n                    width=\"240\"\n                    height=\"160\"\n                    style=\"max-width:100%;\"\n                \/>\n            <\/a>\n        <\/div>\n\t\t\t\t\t\t\t<\/div> \n\t\t\t\n\t\t\t\t<div id=\"ngg-image-8\" class=\"ngg-gallery-thumbnail-box \" >\n\t\t\t\t        <div class=\"ngg-gallery-thumbnail\">\n            <a href=\"https:\/\/old.atletikaolomouc.cz\/wp-content\/gallery\/1-kolo-kp-pripravek-2020\/PHOTO-2020-06-04-22-09-53-2.jpg\"\n               title=\"\"\n               data-src=\"https:\/\/old.atletikaolomouc.cz\/wp-content\/gallery\/1-kolo-kp-pripravek-2020\/PHOTO-2020-06-04-22-09-53-2.jpg\"\n               data-thumbnail=\"https:\/\/old.atletikaolomouc.cz\/wp-content\/gallery\/1-kolo-kp-pripravek-2020\/thumbs\/thumbs_PHOTO-2020-06-04-22-09-53-2.jpg\"\n               data-image-id=\"5092\"\n               data-title=\"PHOTO-2020-06-04-22-09-53-2\"\n               data-description=\"\"\n               data-image-slug=\"photo-2020-06-04-22-09-53-2\"\n               class=\"ngg-simplelightbox\" rel=\"d5d80eb65337cec8e019046124c5e676\">\n                <img\n                    title=\"PHOTO-2020-06-04-22-09-53-2\"\n                    alt=\"PHOTO-2020-06-04-22-09-53-2\"\n                    src=\"https:\/\/old.atletikaolomouc.cz\/wp-content\/gallery\/1-kolo-kp-pripravek-2020\/thumbs\/thumbs_PHOTO-2020-06-04-22-09-53-2.jpg\"\n                    width=\"240\"\n                    height=\"160\"\n                    style=\"max-width:100%;\"\n                \/>\n            <\/a>\n        <\/div>\n\t\t\t\t\t\t\t<\/div> \n\t\t\t\n\t\t\t\t<div id=\"ngg-image-9\" class=\"ngg-gallery-thumbnail-box \" >\n\t\t\t\t        <div class=\"ngg-gallery-thumbnail\">\n            <a href=\"https:\/\/old.atletikaolomouc.cz\/wp-content\/gallery\/1-kolo-kp-pripravek-2020\/PHOTO-2020-06-04-22-09-53.jpg\"\n               title=\"\"\n               data-src=\"https:\/\/old.atletikaolomouc.cz\/wp-content\/gallery\/1-kolo-kp-pripravek-2020\/PHOTO-2020-06-04-22-09-53.jpg\"\n               data-thumbnail=\"https:\/\/old.atletikaolomouc.cz\/wp-content\/gallery\/1-kolo-kp-pripravek-2020\/thumbs\/thumbs_PHOTO-2020-06-04-22-09-53.jpg\"\n               data-image-id=\"5093\"\n               data-title=\"PHOTO-2020-06-04-22-09-53\"\n               data-description=\"\"\n               data-image-slug=\"photo-2020-06-04-22-09-53-3\"\n               class=\"ngg-simplelightbox\" rel=\"d5d80eb65337cec8e019046124c5e676\">\n                <img\n                    title=\"PHOTO-2020-06-04-22-09-53\"\n                    alt=\"PHOTO-2020-06-04-22-09-53\"\n                    src=\"https:\/\/old.atletikaolomouc.cz\/wp-content\/gallery\/1-kolo-kp-pripravek-2020\/thumbs\/thumbs_PHOTO-2020-06-04-22-09-53.jpg\"\n                    width=\"240\"\n                    height=\"160\"\n                    style=\"max-width:100%;\"\n                \/>\n            <\/a>\n        <\/div>\n\t\t\t\t\t\t\t<\/div> \n\t\t\t\n\t\t\t\t<div id=\"ngg-image-10\" class=\"ngg-gallery-thumbnail-box \" >\n\t\t\t\t        <div class=\"ngg-gallery-thumbnail\">\n            <a href=\"https:\/\/old.atletikaolomouc.cz\/wp-content\/gallery\/1-kolo-kp-pripravek-2020\/PHOTO-2020-06-04-22-09-54-2.jpg\"\n               title=\"\"\n               data-src=\"https:\/\/old.atletikaolomouc.cz\/wp-content\/gallery\/1-kolo-kp-pripravek-2020\/PHOTO-2020-06-04-22-09-54-2.jpg\"\n               data-thumbnail=\"https:\/\/old.atletikaolomouc.cz\/wp-content\/gallery\/1-kolo-kp-pripravek-2020\/thumbs\/thumbs_PHOTO-2020-06-04-22-09-54-2.jpg\"\n               data-image-id=\"5094\"\n               data-title=\"PHOTO-2020-06-04-22-09-54-2\"\n               data-description=\"\"\n               data-image-slug=\"photo-2020-06-04-22-09-54-2\"\n               class=\"ngg-simplelightbox\" rel=\"d5d80eb65337cec8e019046124c5e676\">\n                <img\n                    title=\"PHOTO-2020-06-04-22-09-54-2\"\n                    alt=\"PHOTO-2020-06-04-22-09-54-2\"\n                    src=\"https:\/\/old.atletikaolomouc.cz\/wp-content\/gallery\/1-kolo-kp-pripravek-2020\/thumbs\/thumbs_PHOTO-2020-06-04-22-09-54-2.jpg\"\n                    width=\"240\"\n                    height=\"160\"\n                    style=\"max-width:100%;\"\n                \/>\n            <\/a>\n        <\/div>\n\t\t\t\t\t\t\t<\/div> \n\t\t\t\n\t\t\t\t<div id=\"ngg-image-11\" class=\"ngg-gallery-thumbnail-box \" >\n\t\t\t\t        <div class=\"ngg-gallery-thumbnail\">\n            <a href=\"https:\/\/old.atletikaolomouc.cz\/wp-content\/gallery\/1-kolo-kp-pripravek-2020\/PHOTO-2020-06-04-22-09-54.jpg\"\n               title=\"\"\n               data-src=\"https:\/\/old.atletikaolomouc.cz\/wp-content\/gallery\/1-kolo-kp-pripravek-2020\/PHOTO-2020-06-04-22-09-54.jpg\"\n               data-thumbnail=\"https:\/\/old.atletikaolomouc.cz\/wp-content\/gallery\/1-kolo-kp-pripravek-2020\/thumbs\/thumbs_PHOTO-2020-06-04-22-09-54.jpg\"\n               data-image-id=\"5095\"\n               data-title=\"PHOTO-2020-06-04-22-09-54\"\n               data-description=\"\"\n               data-image-slug=\"photo-2020-06-04-22-09-54-3\"\n               class=\"ngg-simplelightbox\" rel=\"d5d80eb65337cec8e019046124c5e676\">\n                <img\n                    title=\"PHOTO-2020-06-04-22-09-54\"\n                    alt=\"PHOTO-2020-06-04-22-09-54\"\n                    src=\"https:\/\/old.atletikaolomouc.cz\/wp-content\/gallery\/1-kolo-kp-pripravek-2020\/thumbs\/thumbs_PHOTO-2020-06-04-22-09-54.jpg\"\n                    width=\"240\"\n                    height=\"160\"\n                    style=\"max-width:100%;\"\n                \/>\n            <\/a>\n        <\/div>\n\t\t\t\t\t\t\t<\/div> \n\t\t\t\n\t\t\t\t<div id=\"ngg-image-12\" class=\"ngg-gallery-thumbnail-box \" >\n\t\t\t\t        <div class=\"ngg-gallery-thumbnail\">\n            <a href=\"https:\/\/old.atletikaolomouc.cz\/wp-content\/gallery\/1-kolo-kp-pripravek-2020\/PHOTO-2020-06-04-22-09-55-2.jpg\"\n               title=\"\"\n               data-src=\"https:\/\/old.atletikaolomouc.cz\/wp-content\/gallery\/1-kolo-kp-pripravek-2020\/PHOTO-2020-06-04-22-09-55-2.jpg\"\n               data-thumbnail=\"https:\/\/old.atletikaolomouc.cz\/wp-content\/gallery\/1-kolo-kp-pripravek-2020\/thumbs\/thumbs_PHOTO-2020-06-04-22-09-55-2.jpg\"\n               data-image-id=\"5096\"\n               data-title=\"PHOTO-2020-06-04-22-09-55-2\"\n               data-description=\"\"\n               data-image-slug=\"photo-2020-06-04-22-09-55-2\"\n               class=\"ngg-simplelightbox\" rel=\"d5d80eb65337cec8e019046124c5e676\">\n                <img\n                    title=\"PHOTO-2020-06-04-22-09-55-2\"\n                    alt=\"PHOTO-2020-06-04-22-09-55-2\"\n                    src=\"https:\/\/old.atletikaolomouc.cz\/wp-content\/gallery\/1-kolo-kp-pripravek-2020\/thumbs\/thumbs_PHOTO-2020-06-04-22-09-55-2.jpg\"\n                    width=\"240\"\n                    height=\"160\"\n                    style=\"max-width:100%;\"\n                \/>\n            <\/a>\n        <\/div>\n\t\t\t\t\t\t\t<\/div> \n\t\t\t\n\t\t\t\t<div id=\"ngg-image-13\" class=\"ngg-gallery-thumbnail-box \" >\n\t\t\t\t        <div class=\"ngg-gallery-thumbnail\">\n            <a href=\"https:\/\/old.atletikaolomouc.cz\/wp-content\/gallery\/1-kolo-kp-pripravek-2020\/PHOTO-2020-06-04-22-09-55.jpg\"\n               title=\"\"\n               data-src=\"https:\/\/old.atletikaolomouc.cz\/wp-content\/gallery\/1-kolo-kp-pripravek-2020\/PHOTO-2020-06-04-22-09-55.jpg\"\n               data-thumbnail=\"https:\/\/old.atletikaolomouc.cz\/wp-content\/gallery\/1-kolo-kp-pripravek-2020\/thumbs\/thumbs_PHOTO-2020-06-04-22-09-55.jpg\"\n               data-image-id=\"5097\"\n               data-title=\"PHOTO-2020-06-04-22-09-55\"\n               data-description=\"\"\n               data-image-slug=\"photo-2020-06-04-22-09-55-3\"\n               class=\"ngg-simplelightbox\" rel=\"d5d80eb65337cec8e019046124c5e676\">\n                <img\n                    title=\"PHOTO-2020-06-04-22-09-55\"\n                    alt=\"PHOTO-2020-06-04-22-09-55\"\n                    src=\"https:\/\/old.atletikaolomouc.cz\/wp-content\/gallery\/1-kolo-kp-pripravek-2020\/thumbs\/thumbs_PHOTO-2020-06-04-22-09-55.jpg\"\n                    width=\"240\"\n                    height=\"160\"\n                    style=\"max-width:100%;\"\n                \/>\n            <\/a>\n        <\/div>\n\t\t\t\t\t\t\t<\/div> \n\t\t\t\n\t\t\t\t<div id=\"ngg-image-14\" class=\"ngg-gallery-thumbnail-box \" >\n\t\t\t\t        <div class=\"ngg-gallery-thumbnail\">\n            <a href=\"https:\/\/old.atletikaolomouc.cz\/wp-content\/gallery\/1-kolo-kp-pripravek-2020\/PHOTO-2020-06-04-22-09-56-2.jpg\"\n               title=\"\"\n               data-src=\"https:\/\/old.atletikaolomouc.cz\/wp-content\/gallery\/1-kolo-kp-pripravek-2020\/PHOTO-2020-06-04-22-09-56-2.jpg\"\n               data-thumbnail=\"https:\/\/old.atletikaolomouc.cz\/wp-content\/gallery\/1-kolo-kp-pripravek-2020\/thumbs\/thumbs_PHOTO-2020-06-04-22-09-56-2.jpg\"\n               data-image-id=\"5098\"\n               data-title=\"PHOTO-2020-06-04-22-09-56-2\"\n               data-description=\"\"\n               data-image-slug=\"photo-2020-06-04-22-09-56-2\"\n               class=\"ngg-simplelightbox\" rel=\"d5d80eb65337cec8e019046124c5e676\">\n                <img\n                    title=\"PHOTO-2020-06-04-22-09-56-2\"\n                    alt=\"PHOTO-2020-06-04-22-09-56-2\"\n                    src=\"https:\/\/old.atletikaolomouc.cz\/wp-content\/gallery\/1-kolo-kp-pripravek-2020\/thumbs\/thumbs_PHOTO-2020-06-04-22-09-56-2.jpg\"\n                    width=\"240\"\n                    height=\"160\"\n                    style=\"max-width:100%;\"\n                \/>\n            <\/a>\n        <\/div>\n\t\t\t\t\t\t\t<\/div> \n\t\t\t\n\t\t\t\t<div id=\"ngg-image-15\" class=\"ngg-gallery-thumbnail-box \" >\n\t\t\t\t        <div class=\"ngg-gallery-thumbnail\">\n            <a href=\"https:\/\/old.atletikaolomouc.cz\/wp-content\/gallery\/1-kolo-kp-pripravek-2020\/PHOTO-2020-06-04-22-09-56.jpg\"\n               title=\"\"\n               data-src=\"https:\/\/old.atletikaolomouc.cz\/wp-content\/gallery\/1-kolo-kp-pripravek-2020\/PHOTO-2020-06-04-22-09-56.jpg\"\n               data-thumbnail=\"https:\/\/old.atletikaolomouc.cz\/wp-content\/gallery\/1-kolo-kp-pripravek-2020\/thumbs\/thumbs_PHOTO-2020-06-04-22-09-56.jpg\"\n               data-image-id=\"5099\"\n               data-title=\"PHOTO-2020-06-04-22-09-56\"\n               data-description=\"\"\n               data-image-slug=\"photo-2020-06-04-22-09-56-3\"\n               class=\"ngg-simplelightbox\" rel=\"d5d80eb65337cec8e019046124c5e676\">\n                <img\n                    title=\"PHOTO-2020-06-04-22-09-56\"\n                    alt=\"PHOTO-2020-06-04-22-09-56\"\n                    src=\"https:\/\/old.atletikaolomouc.cz\/wp-content\/gallery\/1-kolo-kp-pripravek-2020\/thumbs\/thumbs_PHOTO-2020-06-04-22-09-56.jpg\"\n                    width=\"240\"\n                    height=\"160\"\n                    style=\"max-width:100%;\"\n                \/>\n            <\/a>\n        <\/div>\n\t\t\t\t\t\t\t<\/div> \n\t\t\t\n\t\t\t\t<div id=\"ngg-image-16\" class=\"ngg-gallery-thumbnail-box \" >\n\t\t\t\t        <div class=\"ngg-gallery-thumbnail\">\n            <a href=\"https:\/\/old.atletikaolomouc.cz\/wp-content\/gallery\/1-kolo-kp-pripravek-2020\/PHOTO-2020-06-04-22-09-57.jpg\"\n               title=\"\"\n               data-src=\"https:\/\/old.atletikaolomouc.cz\/wp-content\/gallery\/1-kolo-kp-pripravek-2020\/PHOTO-2020-06-04-22-09-57.jpg\"\n               data-thumbnail=\"https:\/\/old.atletikaolomouc.cz\/wp-content\/gallery\/1-kolo-kp-pripravek-2020\/thumbs\/thumbs_PHOTO-2020-06-04-22-09-57.jpg\"\n               data-image-id=\"5100\"\n               data-title=\"PHOTO-2020-06-04-22-09-57\"\n               data-description=\"\"\n               data-image-slug=\"photo-2020-06-04-22-09-57\"\n               class=\"ngg-simplelightbox\" rel=\"d5d80eb65337cec8e019046124c5e676\">\n                <img\n                    title=\"PHOTO-2020-06-04-22-09-57\"\n                    alt=\"PHOTO-2020-06-04-22-09-57\"\n                    src=\"https:\/\/old.atletikaolomouc.cz\/wp-content\/gallery\/1-kolo-kp-pripravek-2020\/thumbs\/thumbs_PHOTO-2020-06-04-22-09-57.jpg\"\n                    width=\"240\"\n                    height=\"160\"\n                    style=\"max-width:100%;\"\n                \/>\n            <\/a>\n        <\/div>\n\t\t\t\t\t\t\t<\/div> \n\t\t\t\n\t\t\t\t<div id=\"ngg-image-17\" class=\"ngg-gallery-thumbnail-box \" >\n\t\t\t\t        <div class=\"ngg-gallery-thumbnail\">\n            <a href=\"https:\/\/old.atletikaolomouc.cz\/wp-content\/gallery\/1-kolo-kp-pripravek-2020\/PHOTO-2020-06-04-22-09-58.jpg\"\n               title=\"\"\n               data-src=\"https:\/\/old.atletikaolomouc.cz\/wp-content\/gallery\/1-kolo-kp-pripravek-2020\/PHOTO-2020-06-04-22-09-58.jpg\"\n               data-thumbnail=\"https:\/\/old.atletikaolomouc.cz\/wp-content\/gallery\/1-kolo-kp-pripravek-2020\/thumbs\/thumbs_PHOTO-2020-06-04-22-09-58.jpg\"\n               data-image-id=\"5101\"\n               data-title=\"PHOTO-2020-06-04-22-09-58\"\n               data-description=\"\"\n               data-image-slug=\"photo-2020-06-04-22-09-58\"\n               class=\"ngg-simplelightbox\" rel=\"d5d80eb65337cec8e019046124c5e676\">\n                <img\n                    title=\"PHOTO-2020-06-04-22-09-58\"\n                    alt=\"PHOTO-2020-06-04-22-09-58\"\n                    src=\"https:\/\/old.atletikaolomouc.cz\/wp-content\/gallery\/1-kolo-kp-pripravek-2020\/thumbs\/thumbs_PHOTO-2020-06-04-22-09-58.jpg\"\n                    width=\"240\"\n                    height=\"160\"\n                    style=\"max-width:100%;\"\n                \/>\n            <\/a>\n        <\/div>\n\t\t\t\t\t\t\t<\/div> \n\t\t\t\n\t\t\t\t<div id=\"ngg-image-18\" class=\"ngg-gallery-thumbnail-box \" >\n\t\t\t\t        <div class=\"ngg-gallery-thumbnail\">\n            <a href=\"https:\/\/old.atletikaolomouc.cz\/wp-content\/gallery\/1-kolo-kp-pripravek-2020\/PHOTO-2020-06-04-22-09-59-2.jpg\"\n               title=\"\"\n               data-src=\"https:\/\/old.atletikaolomouc.cz\/wp-content\/gallery\/1-kolo-kp-pripravek-2020\/PHOTO-2020-06-04-22-09-59-2.jpg\"\n               data-thumbnail=\"https:\/\/old.atletikaolomouc.cz\/wp-content\/gallery\/1-kolo-kp-pripravek-2020\/thumbs\/thumbs_PHOTO-2020-06-04-22-09-59-2.jpg\"\n               data-image-id=\"5102\"\n               data-title=\"PHOTO-2020-06-04-22-09-59-2\"\n               data-description=\"\"\n               data-image-slug=\"photo-2020-06-04-22-09-59-2\"\n               class=\"ngg-simplelightbox\" rel=\"d5d80eb65337cec8e019046124c5e676\">\n                <img\n                    title=\"PHOTO-2020-06-04-22-09-59-2\"\n                    alt=\"PHOTO-2020-06-04-22-09-59-2\"\n                    src=\"https:\/\/old.atletikaolomouc.cz\/wp-content\/gallery\/1-kolo-kp-pripravek-2020\/thumbs\/thumbs_PHOTO-2020-06-04-22-09-59-2.jpg\"\n                    width=\"240\"\n                    height=\"160\"\n                    style=\"max-width:100%;\"\n                \/>\n            <\/a>\n        <\/div>\n\t\t\t\t\t\t\t<\/div> \n\t\t\t\n\t\t\t\t<div id=\"ngg-image-19\" class=\"ngg-gallery-thumbnail-box \" >\n\t\t\t\t        <div class=\"ngg-gallery-thumbnail\">\n            <a href=\"https:\/\/old.atletikaolomouc.cz\/wp-content\/gallery\/1-kolo-kp-pripravek-2020\/PHOTO-2020-06-04-22-09-59.jpg\"\n               title=\"\"\n               data-src=\"https:\/\/old.atletikaolomouc.cz\/wp-content\/gallery\/1-kolo-kp-pripravek-2020\/PHOTO-2020-06-04-22-09-59.jpg\"\n               data-thumbnail=\"https:\/\/old.atletikaolomouc.cz\/wp-content\/gallery\/1-kolo-kp-pripravek-2020\/thumbs\/thumbs_PHOTO-2020-06-04-22-09-59.jpg\"\n               data-image-id=\"5103\"\n               data-title=\"PHOTO-2020-06-04-22-09-59\"\n               data-description=\"\"\n               data-image-slug=\"photo-2020-06-04-22-09-59-3\"\n               class=\"ngg-simplelightbox\" rel=\"d5d80eb65337cec8e019046124c5e676\">\n                <img\n                    title=\"PHOTO-2020-06-04-22-09-59\"\n                    alt=\"PHOTO-2020-06-04-22-09-59\"\n                    src=\"https:\/\/old.atletikaolomouc.cz\/wp-content\/gallery\/1-kolo-kp-pripravek-2020\/thumbs\/thumbs_PHOTO-2020-06-04-22-09-59.jpg\"\n                    width=\"240\"\n                    height=\"160\"\n                    style=\"max-width:100%;\"\n                \/>\n            <\/a>\n        <\/div>\n\t\t\t\t\t\t\t<\/div> \n\t\t\t\n\t\t\t\t<div id=\"ngg-image-20\" class=\"ngg-gallery-thumbnail-box \" >\n\t\t\t\t        <div class=\"ngg-gallery-thumbnail\">\n            <a href=\"https:\/\/old.atletikaolomouc.cz\/wp-content\/gallery\/1-kolo-kp-pripravek-2020\/PHOTO-2020-06-04-22-10-00-2.jpg\"\n               title=\"\"\n               data-src=\"https:\/\/old.atletikaolomouc.cz\/wp-content\/gallery\/1-kolo-kp-pripravek-2020\/PHOTO-2020-06-04-22-10-00-2.jpg\"\n               data-thumbnail=\"https:\/\/old.atletikaolomouc.cz\/wp-content\/gallery\/1-kolo-kp-pripravek-2020\/thumbs\/thumbs_PHOTO-2020-06-04-22-10-00-2.jpg\"\n               data-image-id=\"5104\"\n               data-title=\"PHOTO-2020-06-04-22-10-00-2\"\n               data-description=\"\"\n               data-image-slug=\"photo-2020-06-04-22-10-00-2\"\n               class=\"ngg-simplelightbox\" rel=\"d5d80eb65337cec8e019046124c5e676\">\n                <img\n                    title=\"PHOTO-2020-06-04-22-10-00-2\"\n                    alt=\"PHOTO-2020-06-04-22-10-00-2\"\n                    src=\"https:\/\/old.atletikaolomouc.cz\/wp-content\/gallery\/1-kolo-kp-pripravek-2020\/thumbs\/thumbs_PHOTO-2020-06-04-22-10-00-2.jpg\"\n                    width=\"240\"\n                    height=\"160\"\n                    style=\"max-width:100%;\"\n                \/>\n            <\/a>\n        <\/div>\n\t\t\t\t\t\t\t<\/div> \n\t\t\t\n\t\t\t\t<div id=\"ngg-image-21\" class=\"ngg-gallery-thumbnail-box \" >\n\t\t\t\t        <div class=\"ngg-gallery-thumbnail\">\n            <a href=\"https:\/\/old.atletikaolomouc.cz\/wp-content\/gallery\/1-kolo-kp-pripravek-2020\/PHOTO-2020-06-04-22-10-00.jpg\"\n               title=\"\"\n               data-src=\"https:\/\/old.atletikaolomouc.cz\/wp-content\/gallery\/1-kolo-kp-pripravek-2020\/PHOTO-2020-06-04-22-10-00.jpg\"\n               data-thumbnail=\"https:\/\/old.atletikaolomouc.cz\/wp-content\/gallery\/1-kolo-kp-pripravek-2020\/thumbs\/thumbs_PHOTO-2020-06-04-22-10-00.jpg\"\n               data-image-id=\"5105\"\n               data-title=\"PHOTO-2020-06-04-22-10-00\"\n               data-description=\"\"\n               data-image-slug=\"photo-2020-06-04-22-10-00-3\"\n               class=\"ngg-simplelightbox\" rel=\"d5d80eb65337cec8e019046124c5e676\">\n                <img\n                    title=\"PHOTO-2020-06-04-22-10-00\"\n                    alt=\"PHOTO-2020-06-04-22-10-00\"\n                    src=\"https:\/\/old.atletikaolomouc.cz\/wp-content\/gallery\/1-kolo-kp-pripravek-2020\/thumbs\/thumbs_PHOTO-2020-06-04-22-10-00.jpg\"\n                    width=\"240\"\n                    height=\"160\"\n                    style=\"max-width:100%;\"\n                \/>\n            <\/a>\n        <\/div>\n\t\t\t\t\t\t\t<\/div> \n\t\t\t\n\t\t\t\t<div id=\"ngg-image-22\" class=\"ngg-gallery-thumbnail-box \" >\n\t\t\t\t        <div class=\"ngg-gallery-thumbnail\">\n            <a href=\"https:\/\/old.atletikaolomouc.cz\/wp-content\/gallery\/1-kolo-kp-pripravek-2020\/PHOTO-2020-06-04-22-10-01.jpg\"\n               title=\"\"\n               data-src=\"https:\/\/old.atletikaolomouc.cz\/wp-content\/gallery\/1-kolo-kp-pripravek-2020\/PHOTO-2020-06-04-22-10-01.jpg\"\n               data-thumbnail=\"https:\/\/old.atletikaolomouc.cz\/wp-content\/gallery\/1-kolo-kp-pripravek-2020\/thumbs\/thumbs_PHOTO-2020-06-04-22-10-01.jpg\"\n               data-image-id=\"5106\"\n               data-title=\"PHOTO-2020-06-04-22-10-01\"\n               data-description=\"\"\n               data-image-slug=\"photo-2020-06-04-22-10-01\"\n               class=\"ngg-simplelightbox\" rel=\"d5d80eb65337cec8e019046124c5e676\">\n                <img\n                    title=\"PHOTO-2020-06-04-22-10-01\"\n                    alt=\"PHOTO-2020-06-04-22-10-01\"\n                    src=\"https:\/\/old.atletikaolomouc.cz\/wp-content\/gallery\/1-kolo-kp-pripravek-2020\/thumbs\/thumbs_PHOTO-2020-06-04-22-10-01.jpg\"\n                    width=\"240\"\n                    height=\"160\"\n                    style=\"max-width:100%;\"\n                \/>\n            <\/a>\n        <\/div>\n\t\t\t\t\t\t\t<\/div> \n\t\t\t\n\t\t\t\t<div id=\"ngg-image-23\" class=\"ngg-gallery-thumbnail-box \" >\n\t\t\t\t        <div class=\"ngg-gallery-thumbnail\">\n            <a href=\"https:\/\/old.atletikaolomouc.cz\/wp-content\/gallery\/1-kolo-kp-pripravek-2020\/PHOTO-2020-06-04-22-10-02-2.jpg\"\n               title=\"\"\n               data-src=\"https:\/\/old.atletikaolomouc.cz\/wp-content\/gallery\/1-kolo-kp-pripravek-2020\/PHOTO-2020-06-04-22-10-02-2.jpg\"\n               data-thumbnail=\"https:\/\/old.atletikaolomouc.cz\/wp-content\/gallery\/1-kolo-kp-pripravek-2020\/thumbs\/thumbs_PHOTO-2020-06-04-22-10-02-2.jpg\"\n               data-image-id=\"5107\"\n               data-title=\"PHOTO-2020-06-04-22-10-02-2\"\n               data-description=\"\"\n               data-image-slug=\"photo-2020-06-04-22-10-02-2\"\n               class=\"ngg-simplelightbox\" rel=\"d5d80eb65337cec8e019046124c5e676\">\n                <img\n                    title=\"PHOTO-2020-06-04-22-10-02-2\"\n                    alt=\"PHOTO-2020-06-04-22-10-02-2\"\n                    src=\"https:\/\/old.atletikaolomouc.cz\/wp-content\/gallery\/1-kolo-kp-pripravek-2020\/thumbs\/thumbs_PHOTO-2020-06-04-22-10-02-2.jpg\"\n                    width=\"240\"\n                    height=\"160\"\n                    style=\"max-width:100%;\"\n                \/>\n            <\/a>\n        <\/div>\n\t\t\t\t\t\t\t<\/div> \n\t\t\t\n\t\n\t<br style=\"clear: both\" \/>\n\n\t\n\t\t<!-- Pagination -->\n\t<div class='ngg-navigation'><span class='current'>1<\/span>\n<a class='page-numbers' data-pageid='2' href='https:\/\/old.atletikaolomouc.cz\/index.php\/nggallery\/page\/2?p=16881'>2<\/a>\n<span class='ellipsis'>...<\/span>\n<a class='page-numbers' data-pageid='4' href='https:\/\/old.atletikaolomouc.cz\/index.php\/nggallery\/page\/4?p=16881'>4<\/a>\n<a class='prev' href='https:\/\/old.atletikaolomouc.cz\/index.php\/nggallery\/page\/2?p=16881' data-pageid=2>&#9658;<\/a><\/div>\t<\/div>\n\n","protected":false},"excerpt":{"rendered":"<p>V \u00fater\u00fd 2. \u010dervna prob\u011bhlo na h\u0159i\u0161ti prost\u011bjovsk\u00e9ho gymn\u00e1zia 1. kolo Krajsk\u00e9ho p\u0159eboru p\u0159\u00edpravek.<\/p>\n","protected":false},"author":14,"featured_media":0,"comment_status":"closed","ping_status":"closed","sticky":false,"template":"","format":"standard","meta":{"ngg_post_thumbnail":0},"categories":[6,63],"tags":[],"_links":{"self":[{"href":"https:\/\/old.atletikaolomouc.cz\/index.php?rest_route=\/wp\/v2\/posts\/16881"}],"collection":[{"href":"https:\/\/old.atletikaolomouc.cz\/index.php?rest_route=\/wp\/v2\/posts"}],"about":[{"href":"https:\/\/old.atletikaolomouc.cz\/index.php?rest_route=\/wp\/v2\/types\/post"}],"author":[{"embeddable":true,"href":"https:\/\/old.atletikaolomouc.cz\/index.php?rest_route=\/wp\/v2\/users\/14"}],"replies":[{"embeddable":true,"href":"https:\/\/old.atletikaolomouc.cz\/index.php?rest_route=%2Fwp%2Fv2%2Fcomments&post=16881"}],"version-history":[{"count":4,"href":"https:\/\/old.atletikaolomouc.cz\/index.php?rest_route=\/wp\/v2\/posts\/16881\/revisions"}],"predecessor-version":[{"id":16886,"href":"https:\/\/old.atletikaolomouc.cz\/index.php?rest_route=\/wp\/v2\/posts\/16881\/revisions\/16886"}],"wp:attachment":[{"href":"https:\/\/old.atletikaolomouc.cz\/index.php?rest_route=%2Fwp%2Fv2%2Fmedia&parent=16881"}],"wp:term":[{"taxonomy":"category","embeddable":true,"href":"https:\/\/old.atletikaolomouc.cz\/index.php?rest_route=%2Fwp%2Fv2%2Fcategories&post=16881"},{"taxonomy":"post_tag","embeddable":true,"href":"https:\/\/old.atletikaolomouc.cz\/index.php?rest_route=%2Fwp%2Fv2%2Ftags&post=16881"}],"curies":[{"name":"wp","href":"https:\/\/api.w.org\/{rel}","templated":true}]}}