{"id":16934,"date":"2020-06-07T20:16:46","date_gmt":"2020-06-07T18:16:46","guid":{"rendered":"http:\/\/www.atletikaolomouc.cz\/?p=16934"},"modified":"2020-06-07T20:16:49","modified_gmt":"2020-06-07T18:16:49","slug":"vyznamne-jubileum-olomouckeho-chodce-vaclava-dostalika","status":"publish","type":"post","link":"https:\/\/old.atletikaolomouc.cz\/?p=16934","title":{"rendered":"V\u00fdznamn\u00e9 jubileum olomouck\u00e9ho chodce V\u00e1clava Dostal\u00edka"},"content":{"rendered":"\n<p>V minul\u00fdch dnech se do\u017eil v\u00fdznamn\u00e9ho \u017eivotn\u00edho jubilea 80 let jeden z nejstar\u0161\u00edch a je\u0161t\u011b st\u00e1le aktivn\u00edch \u010dlen\u016f Atletick\u00e9ho klubu Olomouc V\u00e1clav Dostal\u00edk.<!--more-->Ke sportu se dostal jako u\u010de\u0148 v Mari\u00e1nsk\u00e9m \u00dadol\u00ed, kdy 15. \u00fanora roku 1955 b\u011b\u017eel \u0161estikilometrov\u00fd z\u00e1vod na ly\u017e\u00edch v r\u00e1mci Sportovn\u00edch her ml\u00e1de\u017ee p\u0159i spartaki\u00e1d\u011b.&nbsp; V roce 1956 se do\u010detl o n\u00e1borov\u00fdch z\u00e1vodech v atletice, kter\u00e9 organizoval legend\u00e1rn\u00ed Jaroslav Slav\u00ed\u010dek, ve kter\u00fdch mimo jin\u00e9 byla i ch\u016fze. V dal\u0161\u00edch n\u00e1borov\u00fdch z\u00e1vodech o t\u00fdden pozd\u011bji na t\u0159\u00edkilometrov\u00e9 trati skon\u010dil druh\u00fd \u010dasem 18:26 min. Z\u00e1vodn\u00ed ch\u016fze se mu zal\u00edbila natolik, \u017ee se stala jeho celo\u017eivotn\u00ed disciplinou.<\/p>\n<div id=\"attachment_16938\" style=\"width: 1610px\" class=\"wp-caption alignleft\"><a href=\"http:\/\/www.atletikaolomouc.cz\/wp-content\/uploads\/2020\/06\/100-img0052-Dostal\u00edk-Laj\u010d\u00edk-1958.jpg\"><img aria-describedby=\"caption-attachment-16938\" decoding=\"async\" loading=\"lazy\" class=\"size-full wp-image-16938\" src=\"http:\/\/www.atletikaolomouc.cz\/wp-content\/uploads\/2020\/06\/100-img0052-Dostal\u00edk-Laj\u010d\u00edk-1958.jpg\" alt=\"\" width=\"1600\" height=\"1077\" srcset=\"https:\/\/old.atletikaolomouc.cz\/wp-content\/uploads\/2020\/06\/100-img0052-Dostal\u00edk-Laj\u010d\u00edk-1958.jpg 1600w, https:\/\/old.atletikaolomouc.cz\/wp-content\/uploads\/2020\/06\/100-img0052-Dostal\u00edk-Laj\u010d\u00edk-1958-300x202.jpg 300w, https:\/\/old.atletikaolomouc.cz\/wp-content\/uploads\/2020\/06\/100-img0052-Dostal\u00edk-Laj\u010d\u00edk-1958-768x517.jpg 768w, https:\/\/old.atletikaolomouc.cz\/wp-content\/uploads\/2020\/06\/100-img0052-Dostal\u00edk-Laj\u010d\u00edk-1958-800x539.jpg 800w, https:\/\/old.atletikaolomouc.cz\/wp-content\/uploads\/2020\/06\/100-img0052-Dostal\u00edk-Laj\u010d\u00edk-1958-385x258.jpg 385w\" sizes=\"(max-width: 1600px) 100vw, 1600px\" \/><\/a><p id=\"caption-attachment-16938\" class=\"wp-caption-text\">Zleva V\u00e1clav Dostal\u00edk a dal\u0161\u00ed olomouck\u00fd z\u00e1vodn\u00edk Alois Laj\u010d\u00edk v roce 1958<\/p><\/div>\n<p>Jeho tr\u00e9ninkov\u00e1 p\u00edle a \u010dist\u00fd chodeck\u00fd styl jej za\u0159adila mezi tehdej\u0161\u00ed nejlep\u0161\u00ed chodce na pades\u00e1tikilometrov\u00e9 trati. Svoji vlast reprezentoval na t\u0159ech mezist\u00e1tn\u00edch utk\u00e1n\u00edch. Stal se rovn\u011b\u017e spoluzakladatelem chodeck\u00e9ho z\u00e1vodu Olomouck\u00e1 dvac\u00edtka a jako jedin\u00fd chodec se z\u00fa\u010dastnil v\u0161ech dosavadn\u00edch 53 ro\u010dn\u00edk\u016f. V kategorii mu\u017e\u016f v 1. ro\u010dn\u00edku v roce 1967&nbsp; zv\u00edt\u011bzil rovn\u011b\u017e na 10 km trati na kolon\u00e1d\u011b Smetanov\u00fdch sad\u016f \u010dasem&nbsp; 47:54,8 min.<\/p>\n<div id=\"attachment_16936\" style=\"width: 3067px\" class=\"wp-caption alignleft\"><a href=\"http:\/\/www.atletikaolomouc.cz\/wp-content\/uploads\/2020\/06\/str.-13-5-DOSTAL\u00cdK.jpg\"><img aria-describedby=\"caption-attachment-16936\" decoding=\"async\" loading=\"lazy\" class=\"size-full wp-image-16936\" src=\"http:\/\/www.atletikaolomouc.cz\/wp-content\/uploads\/2020\/06\/str.-13-5-DOSTAL\u00cdK.jpg\" alt=\"\" width=\"3057\" height=\"2519\" srcset=\"https:\/\/old.atletikaolomouc.cz\/wp-content\/uploads\/2020\/06\/str.-13-5-DOSTAL\u00cdK.jpg 3057w, https:\/\/old.atletikaolomouc.cz\/wp-content\/uploads\/2020\/06\/str.-13-5-DOSTAL\u00cdK-300x247.jpg 300w, https:\/\/old.atletikaolomouc.cz\/wp-content\/uploads\/2020\/06\/str.-13-5-DOSTAL\u00cdK-768x633.jpg 768w, https:\/\/old.atletikaolomouc.cz\/wp-content\/uploads\/2020\/06\/str.-13-5-DOSTAL\u00cdK-728x600.jpg 728w\" sizes=\"(max-width: 3057px) 100vw, 3057px\" \/><\/a><p id=\"caption-attachment-16936\" class=\"wp-caption-text\">V\u00e1clav Dostal\u00edk na tradi\u010dn\u00ed Olomouck\u00e9 dvac\u00edtce ve sportovn\u00ed ch\u016fzi<\/p><\/div>\n<p>V posledn\u00edch letech se rovn\u011b\u017e z\u00fa\u010dast\u0148uje veter\u00e1nsk\u00fdch Mistrovstv\u00ed Evropy a sv\u011bta a v roce 2019 si v sout\u011b\u017ei t\u0159\u00ed\u010dlenn\u00fdch&nbsp; dru\u017estev&nbsp; na MS v halov\u00e9 atletice v polsk\u00e9 Toruni vybojoval v z\u00e1vod\u011b na 10 km bronzovou medaili.&nbsp; V z\u00e1\u0159\u00ed pak startoval na ME veter\u00e1n\u016f na dr\u00e1ze v italsk\u00fdch Ben\u00e1tk\u00e1ch, kde v sout\u011b\u017ei dru\u017estev na chodeck\u00fdch trat\u00edch&nbsp; 10 a 20 km z\u00edskal st\u0159\u00edbrnou a bronzovou medaili. V\u00e1clav Dostal\u00edk nezah\u00e1l\u00ed ani v m\u00edst\u011b bydli\u0161t\u011b v Lut\u00edn\u011b, kde&nbsp; na m\u00edstn\u00edm fotbalov\u00e9 stadionu a pozd\u011bji na 200 m tartanov\u00e9 dr\u00e1ze u m\u00edstn\u00ed z\u00e1kladn\u00ed \u0161koly v lo\u0148sk\u00e9m roce uspo\u0159\u00e1dal ji\u017e 26. ro\u010dn\u00edk VC obce Lut\u00edn b\u011bhu ml\u00e1de\u017ee do 14 let, kde samoz\u0159ejm\u011b do programu za\u0159adil z\u00e1vod v ch\u016fzi na 1.000 m pro v\u0161echny v\u011bkov\u00e9 kategorie a p\u0159\u00edchoz\u00ed.&nbsp; P\u0159ed n\u011bkolika lety se z\u00e1vodu na 800 m \u00fa\u010dastnila&nbsp; v kategorii d\u00edvek i Michaela Gieselov\u00e1, kter\u00e1 je v sou\u010dasn\u00e9 dob\u011b platnou \u010dlenkou ligov\u00e9ho dru\u017estva \u017een AK Olomouc.<\/p>\n<div id=\"attachment_16935\" style=\"width: 2283px\" class=\"wp-caption alignnone\"><a href=\"http:\/\/www.atletikaolomouc.cz\/wp-content\/uploads\/2020\/06\/P1120965-Dostal\u00edk-ME-veter\u00e1n\u016f-2019a.jpg\"><img aria-describedby=\"caption-attachment-16935\" decoding=\"async\" loading=\"lazy\" class=\"wp-image-16935 size-full\" src=\"http:\/\/www.atletikaolomouc.cz\/wp-content\/uploads\/2020\/06\/P1120965-Dostal\u00edk-ME-veter\u00e1n\u016f-2019a.jpg\" alt=\"\" width=\"2273\" height=\"2938\" srcset=\"https:\/\/old.atletikaolomouc.cz\/wp-content\/uploads\/2020\/06\/P1120965-Dostal\u00edk-ME-veter\u00e1n\u016f-2019a.jpg 2273w, https:\/\/old.atletikaolomouc.cz\/wp-content\/uploads\/2020\/06\/P1120965-Dostal\u00edk-ME-veter\u00e1n\u016f-2019a-232x300.jpg 232w, https:\/\/old.atletikaolomouc.cz\/wp-content\/uploads\/2020\/06\/P1120965-Dostal\u00edk-ME-veter\u00e1n\u016f-2019a-768x993.jpg 768w, https:\/\/old.atletikaolomouc.cz\/wp-content\/uploads\/2020\/06\/P1120965-Dostal\u00edk-ME-veter\u00e1n\u016f-2019a-464x600.jpg 464w\" sizes=\"(max-width: 2273px) 100vw, 2273px\" \/><\/a><p id=\"caption-attachment-16935\" class=\"wp-caption-text\">V\u00e1clav Dostal\u00edk s medailemi a diplomy z veter\u00e1nsk\u00e9ho Mistrovstv\u00ed sv\u011bta 2019<\/p><\/div>\n","protected":false},"excerpt":{"rendered":"<p>V minul\u00fdch dnech se do\u017eil v\u00fdznamn\u00e9ho \u017eivotn\u00edho jubilea 80 let jeden z nejstar\u0161\u00edch a je\u0161t\u011b st\u00e1le aktivn\u00edch \u010dlen\u016f Atletick\u00e9ho klubu Olomouc V\u00e1clav Dostal\u00edk.<\/p>\n","protected":false},"author":14,"featured_media":16940,"comment_status":"closed","ping_status":"closed","sticky":false,"template":"","format":"standard","meta":{"ngg_post_thumbnail":0},"categories":[5,6,37],"tags":[],"_links":{"self":[{"href":"https:\/\/old.atletikaolomouc.cz\/index.php?rest_route=\/wp\/v2\/posts\/16934"}],"collection":[{"href":"https:\/\/old.atletikaolomouc.cz\/index.php?rest_route=\/wp\/v2\/posts"}],"about":[{"href":"https:\/\/old.atletikaolomouc.cz\/index.php?rest_route=\/wp\/v2\/types\/post"}],"author":[{"embeddable":true,"href":"https:\/\/old.atletikaolomouc.cz\/index.php?rest_route=\/wp\/v2\/users\/14"}],"replies":[{"embeddable":true,"href":"https:\/\/old.atletikaolomouc.cz\/index.php?rest_route=%2Fwp%2Fv2%2Fcomments&post=16934"}],"version-history":[{"count":3,"href":"https:\/\/old.atletikaolomouc.cz\/index.php?rest_route=\/wp\/v2\/posts\/16934\/revisions"}],"predecessor-version":[{"id":16942,"href":"https:\/\/old.atletikaolomouc.cz\/index.php?rest_route=\/wp\/v2\/posts\/16934\/revisions\/16942"}],"wp:featuredmedia":[{"embeddable":true,"href":"https:\/\/old.atletikaolomouc.cz\/index.php?rest_route=\/wp\/v2\/media\/16940"}],"wp:attachment":[{"href":"https:\/\/old.atletikaolomouc.cz\/index.php?rest_route=%2Fwp%2Fv2%2Fmedia&parent=16934"}],"wp:term":[{"taxonomy":"category","embeddable":true,"href":"https:\/\/old.atletikaolomouc.cz\/index.php?rest_route=%2Fwp%2Fv2%2Fcategories&post=16934"},{"taxonomy":"post_tag","embeddable":true,"href":"https:\/\/old.atletikaolomouc.cz\/index.php?rest_route=%2Fwp%2Fv2%2Ftags&post=16934"}],"curies":[{"name":"wp","href":"https:\/\/api.w.org\/{rel}","templated":true}]}}