{"id":16989,"date":"2020-06-09T15:09:45","date_gmt":"2020-06-09T13:09:45","guid":{"rendered":"http:\/\/www.atletikaolomouc.cz\/?p=16989"},"modified":"2020-06-09T15:13:33","modified_gmt":"2020-06-09T13:13:33","slug":"info-k-taboru-nesmer-a-primestaku","status":"publish","type":"post","link":"https:\/\/old.atletikaolomouc.cz\/?p=16989","title":{"rendered":"INFO k t\u00e1boru &#8222;Nesm\u011b\u0159&#8220; a &#8222;P\u0159\u00edm\u011b\u0161\u0165\u00e1ku&#8220;"},"content":{"rendered":"\n<p>V\u00e1\u017een\u00ed rodi\u010de, i p\u0159es nep\u0159\u00edzniv\u00e9 ud\u00e1losti leto\u0161n\u00edho jara se mohou Va\u0161e d\u011bti <strong>t\u011b\u0161it na letn\u00ed t\u00e1bory po\u0159\u00e1dan\u00e9 Atletick\u00fdm klubem Olomouc.<\/strong> V\u011bt\u0161ina omezen\u00ed t\u00fdkaj\u00edc\u00edch se epidemie Covidu-19 se pomalu, ale jist\u011b rozvol\u0148uje a nic n\u00e1m tak nebr\u00e1n\u00ed uspo\u0159\u00e1dat P\u0159\u00edm\u011bstsk\u00fd t\u00e1bor i t\u00e1bor Nesm\u011b\u0159 v jejich pl\u00e1novan\u00fdch term\u00ednech.<\/p>\n<p><strong>P\u0159\u00edm\u011bstsk\u00fd t\u00e1bor 13. &#8211; 17. 7. 2020<\/strong><br>seznam p\u0159ihl\u00e1\u0161en\u00fdch <a href=\"http:\/\/www.atletikaolomouc.cz\/wp-content\/uploads\/2020\/06\/seznam-p\u0159ihl\u00e1\u0161en\u00fdch_p\u0159\u00edm\u011b\u0161\u0165\u00e1k.xlsx\" target=\"_blank\" rel=\"noopener\">zde<\/a><\/p>\n<p><strong>t\u00e1bor Nesm\u011b\u0159 8. &#8211; 15. 8. 2020<\/strong><br>seznam p\u0159ihl\u00e1\u0161en\u00fdch <a href=\"http:\/\/www.atletikaolomouc.cz\/wp-content\/uploads\/2020\/06\/seznam-p\u0159ihl\u00e1\u0161en\u00fdch_nesm\u011b\u0159.xlsx\" target=\"_blank\" rel=\"noopener\">zde<\/a>&nbsp;&nbsp;<\/p>\n","protected":false},"excerpt":{"rendered":"<p>V\u00e1\u017een\u00ed rodi\u010de, i p\u0159es nep\u0159\u00edzniv\u00e9 ud\u00e1losti leto\u0161n\u00edho jara se mohou Va\u0161e d\u011bti t\u011b\u0161it na letn\u00ed t\u00e1bory po\u0159\u00e1dan\u00e9 Atletick\u00fdm klubem Olomouc. V\u011bt\u0161ina omezen\u00ed t\u00fdkaj\u00edc\u00edch se epidemie Covidu-19 se pomalu, ale jist\u011b rozvol\u0148uje a nic n\u00e1m tak nebr\u00e1n\u00ed uspo\u0159\u00e1dat P\u0159\u00edm\u011bstsk\u00fd t\u00e1bor i &hellip; <a href=\"https:\/\/old.atletikaolomouc.cz\/?p=16989\">Continue reading <span class=\"meta-nav\">&rarr;<\/span><\/a><\/p>\n","protected":false},"author":14,"featured_media":0,"comment_status":"closed","ping_status":"closed","sticky":false,"template":"","format":"standard","meta":{"ngg_post_thumbnail":0},"categories":[5,19],"tags":[],"_links":{"self":[{"href":"https:\/\/old.atletikaolomouc.cz\/index.php?rest_route=\/wp\/v2\/posts\/16989"}],"collection":[{"href":"https:\/\/old.atletikaolomouc.cz\/index.php?rest_route=\/wp\/v2\/posts"}],"about":[{"href":"https:\/\/old.atletikaolomouc.cz\/index.php?rest_route=\/wp\/v2\/types\/post"}],"author":[{"embeddable":true,"href":"https:\/\/old.atletikaolomouc.cz\/index.php?rest_route=\/wp\/v2\/users\/14"}],"replies":[{"embeddable":true,"href":"https:\/\/old.atletikaolomouc.cz\/index.php?rest_route=%2Fwp%2Fv2%2Fcomments&post=16989"}],"version-history":[{"count":5,"href":"https:\/\/old.atletikaolomouc.cz\/index.php?rest_route=\/wp\/v2\/posts\/16989\/revisions"}],"predecessor-version":[{"id":16996,"href":"https:\/\/old.atletikaolomouc.cz\/index.php?rest_route=\/wp\/v2\/posts\/16989\/revisions\/16996"}],"wp:attachment":[{"href":"https:\/\/old.atletikaolomouc.cz\/index.php?rest_route=%2Fwp%2Fv2%2Fmedia&parent=16989"}],"wp:term":[{"taxonomy":"category","embeddable":true,"href":"https:\/\/old.atletikaolomouc.cz\/index.php?rest_route=%2Fwp%2Fv2%2Fcategories&post=16989"},{"taxonomy":"post_tag","embeddable":true,"href":"https:\/\/old.atletikaolomouc.cz\/index.php?rest_route=%2Fwp%2Fv2%2Ftags&post=16989"}],"curies":[{"name":"wp","href":"https:\/\/api.w.org\/{rel}","templated":true}]}}