{"id":17018,"date":"2020-06-13T21:55:33","date_gmt":"2020-06-13T19:55:33","guid":{"rendered":"http:\/\/www.atletikaolomouc.cz\/?p=17018"},"modified":"2020-06-29T12:32:21","modified_gmt":"2020-06-29T10:32:21","slug":"info-prihlasky-do-atleticke-pripravky-2020-2021","status":"publish","type":"post","link":"https:\/\/old.atletikaolomouc.cz\/?p=17018","title":{"rendered":"INFO: P\u0159ihl\u00e1\u0161ky do atletick\u00e9 p\u0159\u00edpravky 2020\/2021"},"content":{"rendered":"\n<p>Va\u017een\u00ed rodi\u010de,<br>dovolujeme si V\u00e1s touto cestou informovat o mo\u017enosti <strong>p\u0159ihl\u00e1\u0161en\u00ed Va\u0161ich d\u011bt\u00ed do p\u0159\u00edpravek Atletick\u00e9ho klubu Olomouc pro \u0161koln\u00ed rok 2020\/2021.<\/strong><!--more--><\/p>\n<p>P\u0159ihl\u00e1\u0161en\u00ed prob\u00edh\u00e1 formou elektronick\u00e9 online p\u0159ihl\u00e1\u0161ky na na\u0161ich webov\u00fdch str\u00e1nk\u00e1ch <a href=\"http:\/\/www.atletikaolomouc.cz\/?fbclid=IwAR3oiE521WMHifllJ2nTh8QZJfzqj6hDQyf1a_Dltb2rje6Q56Po0SxBghw\" target=\"_blank\" rel=\"nofollow noopener\" data-lynx-mode=\"hover\" data-lynx-uri=\"https:\/\/l.facebook.com\/l.php?u=http%3A%2F%2Fwww.atletikaolomouc.cz%2F%3Ffbclid%3DIwAR3oiE521WMHifllJ2nTh8QZJfzqj6hDQyf1a_Dltb2rje6Q56Po0SxBghw&amp;h=AT02jIqerdufJ22AJRRR9gHlqC9cp3cdaNDq3wZjC-V0u4qAi8l4_ll3SYbDz0wdJqIcJO1TUKCg3z_2OmfmVZnF5vslNyQQoDkaWDRL-YVn-8Rrmo-Zlbqamr3hgiBKRNl551Zoei-KLMqdKGYhwA\">www.atletikaolomouc.cz<\/a> <strong>v&nbsp;sekci p\u0159\u00edpravek<\/strong>. Tato p\u0159ihl\u00e1\u0161ka bude <strong>spu\u0161t\u011bna 6. \u010dervence v 10 hod. <\/strong>Pro dal\u0161\u00ed informace doporu\u010dujeme sledovat <strong>aktu\u00e1ln\u00ed p\u0159\u00edsp\u011bvky na na\u0161ich str\u00e1nk\u00e1ch pr\u00e1v\u011b v sekci p\u0159\u00edpravek.<\/strong><\/p>\n<p>Moment\u00e1ln\u011b za\u0159izujeme pron\u00e1jmy h\u0159i\u0161\u0165 a t\u011blocvi\u010den na p\u0159\u00ed\u0161t\u00ed rok a pros\u00edme V\u00e1s tak o strpen\u00ed, abychom mohli pro Va\u0161e d\u011bti vybrat co nejlep\u0161\u00ed sportovi\u0161t\u011b.<\/p>\n<p>Za Atletick\u00fd klub Olomouc,<strong><br><\/strong>\u0161\u00e9ftren\u00e9rka atletick\u00fdch p\u0159\u00edpravek<strong> Petra Esterkov\u00e1 <\/strong>a<strong> Tom\u00e1\u0161 Do\u010dkal<\/strong> (budouc\u00ed \u0161\u00e9ftren\u00e9r AP,&nbsp; tel. 725&nbsp;752&nbsp;767)<\/p>\n","protected":false},"excerpt":{"rendered":"<p>Va\u017een\u00ed rodi\u010de,dovolujeme si V\u00e1s touto cestou informovat o mo\u017enosti p\u0159ihl\u00e1\u0161en\u00ed Va\u0161ich d\u011bt\u00ed do p\u0159\u00edpravek Atletick\u00e9ho klubu Olomouc pro \u0161koln\u00ed rok 2020\/2021.<\/p>\n","protected":false},"author":14,"featured_media":0,"comment_status":"closed","ping_status":"closed","sticky":false,"template":"","format":"standard","meta":{"ngg_post_thumbnail":0},"categories":[5,6,19],"tags":[],"_links":{"self":[{"href":"https:\/\/old.atletikaolomouc.cz\/index.php?rest_route=\/wp\/v2\/posts\/17018"}],"collection":[{"href":"https:\/\/old.atletikaolomouc.cz\/index.php?rest_route=\/wp\/v2\/posts"}],"about":[{"href":"https:\/\/old.atletikaolomouc.cz\/index.php?rest_route=\/wp\/v2\/types\/post"}],"author":[{"embeddable":true,"href":"https:\/\/old.atletikaolomouc.cz\/index.php?rest_route=\/wp\/v2\/users\/14"}],"replies":[{"embeddable":true,"href":"https:\/\/old.atletikaolomouc.cz\/index.php?rest_route=%2Fwp%2Fv2%2Fcomments&post=17018"}],"version-history":[{"count":7,"href":"https:\/\/old.atletikaolomouc.cz\/index.php?rest_route=\/wp\/v2\/posts\/17018\/revisions"}],"predecessor-version":[{"id":17368,"href":"https:\/\/old.atletikaolomouc.cz\/index.php?rest_route=\/wp\/v2\/posts\/17018\/revisions\/17368"}],"wp:attachment":[{"href":"https:\/\/old.atletikaolomouc.cz\/index.php?rest_route=%2Fwp%2Fv2%2Fmedia&parent=17018"}],"wp:term":[{"taxonomy":"category","embeddable":true,"href":"https:\/\/old.atletikaolomouc.cz\/index.php?rest_route=%2Fwp%2Fv2%2Fcategories&post=17018"},{"taxonomy":"post_tag","embeddable":true,"href":"https:\/\/old.atletikaolomouc.cz\/index.php?rest_route=%2Fwp%2Fv2%2Ftags&post=17018"}],"curies":[{"name":"wp","href":"https:\/\/api.w.org\/{rel}","templated":true}]}}