{"id":17149,"date":"2020-06-20T17:12:52","date_gmt":"2020-06-20T15:12:52","guid":{"rendered":"http:\/\/www.atletikaolomouc.cz\/?p=17149"},"modified":"2020-06-20T17:12:55","modified_gmt":"2020-06-20T15:12:55","slug":"2-kolo-kp-pripravek-2020-foto","status":"publish","type":"post","link":"https:\/\/old.atletikaolomouc.cz\/?p=17149","title":{"rendered":"2. kolo KP p\u0159\u00edpravek 2020 &#8211; foto"},"content":{"rendered":"\n<p><img decoding=\"async\" loading=\"lazy\" class=\"alignleft size-thumbnail wp-image-17150\" src=\"http:\/\/www.atletikaolomouc.cz\/wp-content\/uploads\/2020\/06\/IMG_3827-150x150.jpg\" alt=\"\" width=\"150\" height=\"150\">Ve st\u0159edu 17. \u010dervna prob\u011bhlo v Olomouci 2. kolo Krajsk\u00e9ho p\u0159eboru p\u0159\u00edpravek. Ob\u011b olomouck\u00e1 dru\u017estva vybojovala na dom\u00e1c\u00ed p\u016fd\u011b suver\u00e9nn\u00ed v\u00edt\u011bzstv\u00ed.<!--more--><\/p>\n<!-- default-view.php -->\n<div\n\tclass=\"ngg-galleryoverview default-view \"\n\tid=\"ngg-gallery-9ce85dda22bd611330693d724e6f7648-1\">\n\n\t\t<!-- Thumbnails -->\n\t\t\t\t<div id=\"ngg-image-0\" class=\"ngg-gallery-thumbnail-box \" >\n\t\t\t\t        <div class=\"ngg-gallery-thumbnail\">\n            <a href=\"https:\/\/old.atletikaolomouc.cz\/wp-content\/gallery\/2-kolo-kp-pripravek-2020\/IMG_3827.jpg\"\n               title=\"\"\n               data-src=\"https:\/\/old.atletikaolomouc.cz\/wp-content\/gallery\/2-kolo-kp-pripravek-2020\/IMG_3827.jpg\"\n               data-thumbnail=\"https:\/\/old.atletikaolomouc.cz\/wp-content\/gallery\/2-kolo-kp-pripravek-2020\/thumbs\/thumbs_IMG_3827.jpg\"\n               data-image-id=\"5175\"\n               data-title=\"IMG_3827\"\n               data-description=\"\"\n               data-image-slug=\"img_3827\"\n               class=\"ngg-simplelightbox\" rel=\"9ce85dda22bd611330693d724e6f7648\">\n                <img\n                    title=\"IMG_3827\"\n                    alt=\"IMG_3827\"\n                    src=\"https:\/\/old.atletikaolomouc.cz\/wp-content\/gallery\/2-kolo-kp-pripravek-2020\/thumbs\/thumbs_IMG_3827.jpg\"\n                    width=\"240\"\n                    height=\"160\"\n                    style=\"max-width:100%;\"\n                \/>\n            <\/a>\n        <\/div>\n\t\t\t\t\t\t\t<\/div> \n\t\t\t\n\t\t\t\t<div id=\"ngg-image-1\" class=\"ngg-gallery-thumbnail-box \" >\n\t\t\t\t        <div class=\"ngg-gallery-thumbnail\">\n            <a href=\"https:\/\/old.atletikaolomouc.cz\/wp-content\/gallery\/2-kolo-kp-pripravek-2020\/PHOTO-2020-06-17-19-10-07-2.jpg\"\n               title=\"\"\n               data-src=\"https:\/\/old.atletikaolomouc.cz\/wp-content\/gallery\/2-kolo-kp-pripravek-2020\/PHOTO-2020-06-17-19-10-07-2.jpg\"\n               data-thumbnail=\"https:\/\/old.atletikaolomouc.cz\/wp-content\/gallery\/2-kolo-kp-pripravek-2020\/thumbs\/thumbs_PHOTO-2020-06-17-19-10-07-2.jpg\"\n               data-image-id=\"5176\"\n               data-title=\"PHOTO-2020-06-17-19-10-07-2\"\n               data-description=\"\"\n               data-image-slug=\"photo-2020-06-17-19-10-07-2\"\n               class=\"ngg-simplelightbox\" rel=\"9ce85dda22bd611330693d724e6f7648\">\n                <img\n                    title=\"PHOTO-2020-06-17-19-10-07-2\"\n                    alt=\"PHOTO-2020-06-17-19-10-07-2\"\n                    src=\"https:\/\/old.atletikaolomouc.cz\/wp-content\/gallery\/2-kolo-kp-pripravek-2020\/thumbs\/thumbs_PHOTO-2020-06-17-19-10-07-2.jpg\"\n                    width=\"240\"\n                    height=\"160\"\n                    style=\"max-width:100%;\"\n                \/>\n            <\/a>\n        <\/div>\n\t\t\t\t\t\t\t<\/div> \n\t\t\t\n\t\t\t\t<div id=\"ngg-image-2\" class=\"ngg-gallery-thumbnail-box \" >\n\t\t\t\t        <div class=\"ngg-gallery-thumbnail\">\n            <a href=\"https:\/\/old.atletikaolomouc.cz\/wp-content\/gallery\/2-kolo-kp-pripravek-2020\/PHOTO-2020-06-17-19-10-07.jpg\"\n               title=\"\"\n               data-src=\"https:\/\/old.atletikaolomouc.cz\/wp-content\/gallery\/2-kolo-kp-pripravek-2020\/PHOTO-2020-06-17-19-10-07.jpg\"\n               data-thumbnail=\"https:\/\/old.atletikaolomouc.cz\/wp-content\/gallery\/2-kolo-kp-pripravek-2020\/thumbs\/thumbs_PHOTO-2020-06-17-19-10-07.jpg\"\n               data-image-id=\"5177\"\n               data-title=\"PHOTO-2020-06-17-19-10-07\"\n               data-description=\"\"\n               data-image-slug=\"photo-2020-06-17-19-10-07-3\"\n               class=\"ngg-simplelightbox\" rel=\"9ce85dda22bd611330693d724e6f7648\">\n                <img\n                    title=\"PHOTO-2020-06-17-19-10-07\"\n                    alt=\"PHOTO-2020-06-17-19-10-07\"\n                    src=\"https:\/\/old.atletikaolomouc.cz\/wp-content\/gallery\/2-kolo-kp-pripravek-2020\/thumbs\/thumbs_PHOTO-2020-06-17-19-10-07.jpg\"\n                    width=\"240\"\n                    height=\"160\"\n                    style=\"max-width:100%;\"\n                \/>\n            <\/a>\n        <\/div>\n\t\t\t\t\t\t\t<\/div> \n\t\t\t\n\t\t\t\t<div id=\"ngg-image-3\" class=\"ngg-gallery-thumbnail-box \" >\n\t\t\t\t        <div class=\"ngg-gallery-thumbnail\">\n            <a href=\"https:\/\/old.atletikaolomouc.cz\/wp-content\/gallery\/2-kolo-kp-pripravek-2020\/PHOTO-2020-06-17-19-10-08-3.jpg\"\n               title=\"\"\n               data-src=\"https:\/\/old.atletikaolomouc.cz\/wp-content\/gallery\/2-kolo-kp-pripravek-2020\/PHOTO-2020-06-17-19-10-08-3.jpg\"\n               data-thumbnail=\"https:\/\/old.atletikaolomouc.cz\/wp-content\/gallery\/2-kolo-kp-pripravek-2020\/thumbs\/thumbs_PHOTO-2020-06-17-19-10-08-3.jpg\"\n               data-image-id=\"5178\"\n               data-title=\"PHOTO-2020-06-17-19-10-08-3\"\n               data-description=\"\"\n               data-image-slug=\"photo-2020-06-17-19-10-08-3\"\n               class=\"ngg-simplelightbox\" rel=\"9ce85dda22bd611330693d724e6f7648\">\n                <img\n                    title=\"PHOTO-2020-06-17-19-10-08-3\"\n                    alt=\"PHOTO-2020-06-17-19-10-08-3\"\n                    src=\"https:\/\/old.atletikaolomouc.cz\/wp-content\/gallery\/2-kolo-kp-pripravek-2020\/thumbs\/thumbs_PHOTO-2020-06-17-19-10-08-3.jpg\"\n                    width=\"240\"\n                    height=\"160\"\n                    style=\"max-width:100%;\"\n                \/>\n            <\/a>\n        <\/div>\n\t\t\t\t\t\t\t<\/div> \n\t\t\t\n\t\t\t\t<div id=\"ngg-image-4\" class=\"ngg-gallery-thumbnail-box \" >\n\t\t\t\t        <div class=\"ngg-gallery-thumbnail\">\n            <a href=\"https:\/\/old.atletikaolomouc.cz\/wp-content\/gallery\/2-kolo-kp-pripravek-2020\/PHOTO-2020-06-17-19-10-08.jpg\"\n               title=\"\"\n               data-src=\"https:\/\/old.atletikaolomouc.cz\/wp-content\/gallery\/2-kolo-kp-pripravek-2020\/PHOTO-2020-06-17-19-10-08.jpg\"\n               data-thumbnail=\"https:\/\/old.atletikaolomouc.cz\/wp-content\/gallery\/2-kolo-kp-pripravek-2020\/thumbs\/thumbs_PHOTO-2020-06-17-19-10-08.jpg\"\n               data-image-id=\"5179\"\n               data-title=\"PHOTO-2020-06-17-19-10-08\"\n               data-description=\"\"\n               data-image-slug=\"photo-2020-06-17-19-10-08-4\"\n               class=\"ngg-simplelightbox\" rel=\"9ce85dda22bd611330693d724e6f7648\">\n                <img\n                    title=\"PHOTO-2020-06-17-19-10-08\"\n                    alt=\"PHOTO-2020-06-17-19-10-08\"\n                    src=\"https:\/\/old.atletikaolomouc.cz\/wp-content\/gallery\/2-kolo-kp-pripravek-2020\/thumbs\/thumbs_PHOTO-2020-06-17-19-10-08.jpg\"\n                    width=\"240\"\n                    height=\"160\"\n                    style=\"max-width:100%;\"\n                \/>\n            <\/a>\n        <\/div>\n\t\t\t\t\t\t\t<\/div> \n\t\t\t\n\t\t\t\t<div id=\"ngg-image-5\" class=\"ngg-gallery-thumbnail-box \" >\n\t\t\t\t        <div class=\"ngg-gallery-thumbnail\">\n            <a href=\"https:\/\/old.atletikaolomouc.cz\/wp-content\/gallery\/2-kolo-kp-pripravek-2020\/PHOTO-2020-06-17-19-10-09-2.jpg\"\n               title=\"\"\n               data-src=\"https:\/\/old.atletikaolomouc.cz\/wp-content\/gallery\/2-kolo-kp-pripravek-2020\/PHOTO-2020-06-17-19-10-09-2.jpg\"\n               data-thumbnail=\"https:\/\/old.atletikaolomouc.cz\/wp-content\/gallery\/2-kolo-kp-pripravek-2020\/thumbs\/thumbs_PHOTO-2020-06-17-19-10-09-2.jpg\"\n               data-image-id=\"5180\"\n               data-title=\"PHOTO-2020-06-17-19-10-09-2\"\n               data-description=\"\"\n               data-image-slug=\"photo-2020-06-17-19-10-09-2\"\n               class=\"ngg-simplelightbox\" rel=\"9ce85dda22bd611330693d724e6f7648\">\n                <img\n                    title=\"PHOTO-2020-06-17-19-10-09-2\"\n                    alt=\"PHOTO-2020-06-17-19-10-09-2\"\n                    src=\"https:\/\/old.atletikaolomouc.cz\/wp-content\/gallery\/2-kolo-kp-pripravek-2020\/thumbs\/thumbs_PHOTO-2020-06-17-19-10-09-2.jpg\"\n                    width=\"240\"\n                    height=\"160\"\n                    style=\"max-width:100%;\"\n                \/>\n            <\/a>\n        <\/div>\n\t\t\t\t\t\t\t<\/div> \n\t\t\t\n\t\t\t\t<div id=\"ngg-image-6\" class=\"ngg-gallery-thumbnail-box \" >\n\t\t\t\t        <div class=\"ngg-gallery-thumbnail\">\n            <a href=\"https:\/\/old.atletikaolomouc.cz\/wp-content\/gallery\/2-kolo-kp-pripravek-2020\/PHOTO-2020-06-17-19-10-09-3.jpg\"\n               title=\"\"\n               data-src=\"https:\/\/old.atletikaolomouc.cz\/wp-content\/gallery\/2-kolo-kp-pripravek-2020\/PHOTO-2020-06-17-19-10-09-3.jpg\"\n               data-thumbnail=\"https:\/\/old.atletikaolomouc.cz\/wp-content\/gallery\/2-kolo-kp-pripravek-2020\/thumbs\/thumbs_PHOTO-2020-06-17-19-10-09-3.jpg\"\n               data-image-id=\"5181\"\n               data-title=\"PHOTO-2020-06-17-19-10-09-3\"\n               data-description=\"\"\n               data-image-slug=\"photo-2020-06-17-19-10-09-3\"\n               class=\"ngg-simplelightbox\" rel=\"9ce85dda22bd611330693d724e6f7648\">\n                <img\n                    title=\"PHOTO-2020-06-17-19-10-09-3\"\n                    alt=\"PHOTO-2020-06-17-19-10-09-3\"\n                    src=\"https:\/\/old.atletikaolomouc.cz\/wp-content\/gallery\/2-kolo-kp-pripravek-2020\/thumbs\/thumbs_PHOTO-2020-06-17-19-10-09-3.jpg\"\n                    width=\"240\"\n                    height=\"160\"\n                    style=\"max-width:100%;\"\n                \/>\n            <\/a>\n        <\/div>\n\t\t\t\t\t\t\t<\/div> \n\t\t\t\n\t\t\t\t<div id=\"ngg-image-7\" class=\"ngg-gallery-thumbnail-box \" >\n\t\t\t\t        <div class=\"ngg-gallery-thumbnail\">\n            <a href=\"https:\/\/old.atletikaolomouc.cz\/wp-content\/gallery\/2-kolo-kp-pripravek-2020\/PHOTO-2020-06-17-19-10-10-2.jpg\"\n               title=\"\"\n               data-src=\"https:\/\/old.atletikaolomouc.cz\/wp-content\/gallery\/2-kolo-kp-pripravek-2020\/PHOTO-2020-06-17-19-10-10-2.jpg\"\n               data-thumbnail=\"https:\/\/old.atletikaolomouc.cz\/wp-content\/gallery\/2-kolo-kp-pripravek-2020\/thumbs\/thumbs_PHOTO-2020-06-17-19-10-10-2.jpg\"\n               data-image-id=\"5182\"\n               data-title=\"PHOTO-2020-06-17-19-10-10-2\"\n               data-description=\"\"\n               data-image-slug=\"photo-2020-06-17-19-10-10-2\"\n               class=\"ngg-simplelightbox\" rel=\"9ce85dda22bd611330693d724e6f7648\">\n                <img\n                    title=\"PHOTO-2020-06-17-19-10-10-2\"\n                    alt=\"PHOTO-2020-06-17-19-10-10-2\"\n                    src=\"https:\/\/old.atletikaolomouc.cz\/wp-content\/gallery\/2-kolo-kp-pripravek-2020\/thumbs\/thumbs_PHOTO-2020-06-17-19-10-10-2.jpg\"\n                    width=\"240\"\n                    height=\"160\"\n                    style=\"max-width:100%;\"\n                \/>\n            <\/a>\n        <\/div>\n\t\t\t\t\t\t\t<\/div> \n\t\t\t\n\t\t\t\t<div id=\"ngg-image-8\" class=\"ngg-gallery-thumbnail-box \" >\n\t\t\t\t        <div class=\"ngg-gallery-thumbnail\">\n            <a href=\"https:\/\/old.atletikaolomouc.cz\/wp-content\/gallery\/2-kolo-kp-pripravek-2020\/PHOTO-2020-06-17-19-10-11-2.jpg\"\n               title=\"\"\n               data-src=\"https:\/\/old.atletikaolomouc.cz\/wp-content\/gallery\/2-kolo-kp-pripravek-2020\/PHOTO-2020-06-17-19-10-11-2.jpg\"\n               data-thumbnail=\"https:\/\/old.atletikaolomouc.cz\/wp-content\/gallery\/2-kolo-kp-pripravek-2020\/thumbs\/thumbs_PHOTO-2020-06-17-19-10-11-2.jpg\"\n               data-image-id=\"5183\"\n               data-title=\"PHOTO-2020-06-17-19-10-11-2\"\n               data-description=\"\"\n               data-image-slug=\"photo-2020-06-17-19-10-11-2\"\n               class=\"ngg-simplelightbox\" rel=\"9ce85dda22bd611330693d724e6f7648\">\n                <img\n                    title=\"PHOTO-2020-06-17-19-10-11-2\"\n                    alt=\"PHOTO-2020-06-17-19-10-11-2\"\n                    src=\"https:\/\/old.atletikaolomouc.cz\/wp-content\/gallery\/2-kolo-kp-pripravek-2020\/thumbs\/thumbs_PHOTO-2020-06-17-19-10-11-2.jpg\"\n                    width=\"240\"\n                    height=\"160\"\n                    style=\"max-width:100%;\"\n                \/>\n            <\/a>\n        <\/div>\n\t\t\t\t\t\t\t<\/div> \n\t\t\t\n\t\t\t\t<div id=\"ngg-image-9\" class=\"ngg-gallery-thumbnail-box \" >\n\t\t\t\t        <div class=\"ngg-gallery-thumbnail\">\n            <a href=\"https:\/\/old.atletikaolomouc.cz\/wp-content\/gallery\/2-kolo-kp-pripravek-2020\/PHOTO-2020-06-17-19-10-11.jpg\"\n               title=\"\"\n               data-src=\"https:\/\/old.atletikaolomouc.cz\/wp-content\/gallery\/2-kolo-kp-pripravek-2020\/PHOTO-2020-06-17-19-10-11.jpg\"\n               data-thumbnail=\"https:\/\/old.atletikaolomouc.cz\/wp-content\/gallery\/2-kolo-kp-pripravek-2020\/thumbs\/thumbs_PHOTO-2020-06-17-19-10-11.jpg\"\n               data-image-id=\"5184\"\n               data-title=\"PHOTO-2020-06-17-19-10-11\"\n               data-description=\"\"\n               data-image-slug=\"photo-2020-06-17-19-10-11-3\"\n               class=\"ngg-simplelightbox\" rel=\"9ce85dda22bd611330693d724e6f7648\">\n                <img\n                    title=\"PHOTO-2020-06-17-19-10-11\"\n                    alt=\"PHOTO-2020-06-17-19-10-11\"\n                    src=\"https:\/\/old.atletikaolomouc.cz\/wp-content\/gallery\/2-kolo-kp-pripravek-2020\/thumbs\/thumbs_PHOTO-2020-06-17-19-10-11.jpg\"\n                    width=\"240\"\n                    height=\"160\"\n                    style=\"max-width:100%;\"\n                \/>\n            <\/a>\n        <\/div>\n\t\t\t\t\t\t\t<\/div> \n\t\t\t\n\t\t\t\t<div id=\"ngg-image-10\" class=\"ngg-gallery-thumbnail-box \" >\n\t\t\t\t        <div class=\"ngg-gallery-thumbnail\">\n            <a href=\"https:\/\/old.atletikaolomouc.cz\/wp-content\/gallery\/2-kolo-kp-pripravek-2020\/PHOTO-2020-06-17-19-10-12-2.jpg\"\n               title=\"\"\n               data-src=\"https:\/\/old.atletikaolomouc.cz\/wp-content\/gallery\/2-kolo-kp-pripravek-2020\/PHOTO-2020-06-17-19-10-12-2.jpg\"\n               data-thumbnail=\"https:\/\/old.atletikaolomouc.cz\/wp-content\/gallery\/2-kolo-kp-pripravek-2020\/thumbs\/thumbs_PHOTO-2020-06-17-19-10-12-2.jpg\"\n               data-image-id=\"5185\"\n               data-title=\"PHOTO-2020-06-17-19-10-12-2\"\n               data-description=\"\"\n               data-image-slug=\"photo-2020-06-17-19-10-12-2\"\n               class=\"ngg-simplelightbox\" rel=\"9ce85dda22bd611330693d724e6f7648\">\n                <img\n                    title=\"PHOTO-2020-06-17-19-10-12-2\"\n                    alt=\"PHOTO-2020-06-17-19-10-12-2\"\n                    src=\"https:\/\/old.atletikaolomouc.cz\/wp-content\/gallery\/2-kolo-kp-pripravek-2020\/thumbs\/thumbs_PHOTO-2020-06-17-19-10-12-2.jpg\"\n                    width=\"240\"\n                    height=\"160\"\n                    style=\"max-width:100%;\"\n                \/>\n            <\/a>\n        <\/div>\n\t\t\t\t\t\t\t<\/div> \n\t\t\t\n\t\t\t\t<div id=\"ngg-image-11\" class=\"ngg-gallery-thumbnail-box \" >\n\t\t\t\t        <div class=\"ngg-gallery-thumbnail\">\n            <a href=\"https:\/\/old.atletikaolomouc.cz\/wp-content\/gallery\/2-kolo-kp-pripravek-2020\/PHOTO-2020-06-17-19-10-12-3.jpg\"\n               title=\"\"\n               data-src=\"https:\/\/old.atletikaolomouc.cz\/wp-content\/gallery\/2-kolo-kp-pripravek-2020\/PHOTO-2020-06-17-19-10-12-3.jpg\"\n               data-thumbnail=\"https:\/\/old.atletikaolomouc.cz\/wp-content\/gallery\/2-kolo-kp-pripravek-2020\/thumbs\/thumbs_PHOTO-2020-06-17-19-10-12-3.jpg\"\n               data-image-id=\"5186\"\n               data-title=\"PHOTO-2020-06-17-19-10-12-3\"\n               data-description=\"\"\n               data-image-slug=\"photo-2020-06-17-19-10-12-3\"\n               class=\"ngg-simplelightbox\" rel=\"9ce85dda22bd611330693d724e6f7648\">\n                <img\n                    title=\"PHOTO-2020-06-17-19-10-12-3\"\n                    alt=\"PHOTO-2020-06-17-19-10-12-3\"\n                    src=\"https:\/\/old.atletikaolomouc.cz\/wp-content\/gallery\/2-kolo-kp-pripravek-2020\/thumbs\/thumbs_PHOTO-2020-06-17-19-10-12-3.jpg\"\n                    width=\"240\"\n                    height=\"160\"\n                    style=\"max-width:100%;\"\n                \/>\n            <\/a>\n        <\/div>\n\t\t\t\t\t\t\t<\/div> \n\t\t\t\n\t\t\t\t<div id=\"ngg-image-12\" class=\"ngg-gallery-thumbnail-box \" >\n\t\t\t\t        <div class=\"ngg-gallery-thumbnail\">\n            <a href=\"https:\/\/old.atletikaolomouc.cz\/wp-content\/gallery\/2-kolo-kp-pripravek-2020\/PHOTO-2020-06-17-19-10-12.jpg\"\n               title=\"\"\n               data-src=\"https:\/\/old.atletikaolomouc.cz\/wp-content\/gallery\/2-kolo-kp-pripravek-2020\/PHOTO-2020-06-17-19-10-12.jpg\"\n               data-thumbnail=\"https:\/\/old.atletikaolomouc.cz\/wp-content\/gallery\/2-kolo-kp-pripravek-2020\/thumbs\/thumbs_PHOTO-2020-06-17-19-10-12.jpg\"\n               data-image-id=\"5187\"\n               data-title=\"PHOTO-2020-06-17-19-10-12\"\n               data-description=\"\"\n               data-image-slug=\"photo-2020-06-17-19-10-12-4\"\n               class=\"ngg-simplelightbox\" rel=\"9ce85dda22bd611330693d724e6f7648\">\n                <img\n                    title=\"PHOTO-2020-06-17-19-10-12\"\n                    alt=\"PHOTO-2020-06-17-19-10-12\"\n                    src=\"https:\/\/old.atletikaolomouc.cz\/wp-content\/gallery\/2-kolo-kp-pripravek-2020\/thumbs\/thumbs_PHOTO-2020-06-17-19-10-12.jpg\"\n                    width=\"240\"\n                    height=\"160\"\n                    style=\"max-width:100%;\"\n                \/>\n            <\/a>\n        <\/div>\n\t\t\t\t\t\t\t<\/div> \n\t\t\t\n\t\t\t\t<div id=\"ngg-image-13\" class=\"ngg-gallery-thumbnail-box \" >\n\t\t\t\t        <div class=\"ngg-gallery-thumbnail\">\n            <a href=\"https:\/\/old.atletikaolomouc.cz\/wp-content\/gallery\/2-kolo-kp-pripravek-2020\/PHOTO-2020-06-17-19-10-13-2.jpg\"\n               title=\"\"\n               data-src=\"https:\/\/old.atletikaolomouc.cz\/wp-content\/gallery\/2-kolo-kp-pripravek-2020\/PHOTO-2020-06-17-19-10-13-2.jpg\"\n               data-thumbnail=\"https:\/\/old.atletikaolomouc.cz\/wp-content\/gallery\/2-kolo-kp-pripravek-2020\/thumbs\/thumbs_PHOTO-2020-06-17-19-10-13-2.jpg\"\n               data-image-id=\"5188\"\n               data-title=\"PHOTO-2020-06-17-19-10-13-2\"\n               data-description=\"\"\n               data-image-slug=\"photo-2020-06-17-19-10-13-2\"\n               class=\"ngg-simplelightbox\" rel=\"9ce85dda22bd611330693d724e6f7648\">\n                <img\n                    title=\"PHOTO-2020-06-17-19-10-13-2\"\n                    alt=\"PHOTO-2020-06-17-19-10-13-2\"\n                    src=\"https:\/\/old.atletikaolomouc.cz\/wp-content\/gallery\/2-kolo-kp-pripravek-2020\/thumbs\/thumbs_PHOTO-2020-06-17-19-10-13-2.jpg\"\n                    width=\"240\"\n                    height=\"160\"\n                    style=\"max-width:100%;\"\n                \/>\n            <\/a>\n        <\/div>\n\t\t\t\t\t\t\t<\/div> \n\t\t\t\n\t\t\t\t<div id=\"ngg-image-14\" class=\"ngg-gallery-thumbnail-box \" >\n\t\t\t\t        <div class=\"ngg-gallery-thumbnail\">\n            <a href=\"https:\/\/old.atletikaolomouc.cz\/wp-content\/gallery\/2-kolo-kp-pripravek-2020\/PHOTO-2020-06-17-19-10-13.jpg\"\n               title=\"\"\n               data-src=\"https:\/\/old.atletikaolomouc.cz\/wp-content\/gallery\/2-kolo-kp-pripravek-2020\/PHOTO-2020-06-17-19-10-13.jpg\"\n               data-thumbnail=\"https:\/\/old.atletikaolomouc.cz\/wp-content\/gallery\/2-kolo-kp-pripravek-2020\/thumbs\/thumbs_PHOTO-2020-06-17-19-10-13.jpg\"\n               data-image-id=\"5189\"\n               data-title=\"PHOTO-2020-06-17-19-10-13\"\n               data-description=\"\"\n               data-image-slug=\"photo-2020-06-17-19-10-13-3\"\n               class=\"ngg-simplelightbox\" rel=\"9ce85dda22bd611330693d724e6f7648\">\n                <img\n                    title=\"PHOTO-2020-06-17-19-10-13\"\n                    alt=\"PHOTO-2020-06-17-19-10-13\"\n                    src=\"https:\/\/old.atletikaolomouc.cz\/wp-content\/gallery\/2-kolo-kp-pripravek-2020\/thumbs\/thumbs_PHOTO-2020-06-17-19-10-13.jpg\"\n                    width=\"240\"\n                    height=\"160\"\n                    style=\"max-width:100%;\"\n                \/>\n            <\/a>\n        <\/div>\n\t\t\t\t\t\t\t<\/div> \n\t\t\t\n\t\t\t\t<div id=\"ngg-image-15\" class=\"ngg-gallery-thumbnail-box \" >\n\t\t\t\t        <div class=\"ngg-gallery-thumbnail\">\n            <a href=\"https:\/\/old.atletikaolomouc.cz\/wp-content\/gallery\/2-kolo-kp-pripravek-2020\/PHOTO-2020-06-17-19-10-14.jpg\"\n               title=\"\"\n               data-src=\"https:\/\/old.atletikaolomouc.cz\/wp-content\/gallery\/2-kolo-kp-pripravek-2020\/PHOTO-2020-06-17-19-10-14.jpg\"\n               data-thumbnail=\"https:\/\/old.atletikaolomouc.cz\/wp-content\/gallery\/2-kolo-kp-pripravek-2020\/thumbs\/thumbs_PHOTO-2020-06-17-19-10-14.jpg\"\n               data-image-id=\"5190\"\n               data-title=\"PHOTO-2020-06-17-19-10-14\"\n               data-description=\"\"\n               data-image-slug=\"photo-2020-06-17-19-10-14\"\n               class=\"ngg-simplelightbox\" rel=\"9ce85dda22bd611330693d724e6f7648\">\n                <img\n                    title=\"PHOTO-2020-06-17-19-10-14\"\n                    alt=\"PHOTO-2020-06-17-19-10-14\"\n                    src=\"https:\/\/old.atletikaolomouc.cz\/wp-content\/gallery\/2-kolo-kp-pripravek-2020\/thumbs\/thumbs_PHOTO-2020-06-17-19-10-14.jpg\"\n                    width=\"240\"\n                    height=\"160\"\n                    style=\"max-width:100%;\"\n                \/>\n            <\/a>\n        <\/div>\n\t\t\t\t\t\t\t<\/div> \n\t\t\t\n\t\t\t\t<div id=\"ngg-image-16\" class=\"ngg-gallery-thumbnail-box \" >\n\t\t\t\t        <div class=\"ngg-gallery-thumbnail\">\n            <a href=\"https:\/\/old.atletikaolomouc.cz\/wp-content\/gallery\/2-kolo-kp-pripravek-2020\/PHOTO-2020-06-17-19-10-15-2.jpg\"\n               title=\"\"\n               data-src=\"https:\/\/old.atletikaolomouc.cz\/wp-content\/gallery\/2-kolo-kp-pripravek-2020\/PHOTO-2020-06-17-19-10-15-2.jpg\"\n               data-thumbnail=\"https:\/\/old.atletikaolomouc.cz\/wp-content\/gallery\/2-kolo-kp-pripravek-2020\/thumbs\/thumbs_PHOTO-2020-06-17-19-10-15-2.jpg\"\n               data-image-id=\"5191\"\n               data-title=\"PHOTO-2020-06-17-19-10-15-2\"\n               data-description=\"\"\n               data-image-slug=\"photo-2020-06-17-19-10-15-2\"\n               class=\"ngg-simplelightbox\" rel=\"9ce85dda22bd611330693d724e6f7648\">\n                <img\n                    title=\"PHOTO-2020-06-17-19-10-15-2\"\n                    alt=\"PHOTO-2020-06-17-19-10-15-2\"\n                    src=\"https:\/\/old.atletikaolomouc.cz\/wp-content\/gallery\/2-kolo-kp-pripravek-2020\/thumbs\/thumbs_PHOTO-2020-06-17-19-10-15-2.jpg\"\n                    width=\"240\"\n                    height=\"160\"\n                    style=\"max-width:100%;\"\n                \/>\n            <\/a>\n        <\/div>\n\t\t\t\t\t\t\t<\/div> \n\t\t\t\n\t\t\t\t<div id=\"ngg-image-17\" class=\"ngg-gallery-thumbnail-box \" >\n\t\t\t\t        <div class=\"ngg-gallery-thumbnail\">\n            <a href=\"https:\/\/old.atletikaolomouc.cz\/wp-content\/gallery\/2-kolo-kp-pripravek-2020\/PHOTO-2020-06-17-19-10-15-3.jpg\"\n               title=\"\"\n               data-src=\"https:\/\/old.atletikaolomouc.cz\/wp-content\/gallery\/2-kolo-kp-pripravek-2020\/PHOTO-2020-06-17-19-10-15-3.jpg\"\n               data-thumbnail=\"https:\/\/old.atletikaolomouc.cz\/wp-content\/gallery\/2-kolo-kp-pripravek-2020\/thumbs\/thumbs_PHOTO-2020-06-17-19-10-15-3.jpg\"\n               data-image-id=\"5192\"\n               data-title=\"PHOTO-2020-06-17-19-10-15-3\"\n               data-description=\"\"\n               data-image-slug=\"photo-2020-06-17-19-10-15-3\"\n               class=\"ngg-simplelightbox\" rel=\"9ce85dda22bd611330693d724e6f7648\">\n                <img\n                    title=\"PHOTO-2020-06-17-19-10-15-3\"\n                    alt=\"PHOTO-2020-06-17-19-10-15-3\"\n                    src=\"https:\/\/old.atletikaolomouc.cz\/wp-content\/gallery\/2-kolo-kp-pripravek-2020\/thumbs\/thumbs_PHOTO-2020-06-17-19-10-15-3.jpg\"\n                    width=\"240\"\n                    height=\"160\"\n                    style=\"max-width:100%;\"\n                \/>\n            <\/a>\n        <\/div>\n\t\t\t\t\t\t\t<\/div> \n\t\t\t\n\t\t\t\t<div id=\"ngg-image-18\" class=\"ngg-gallery-thumbnail-box \" >\n\t\t\t\t        <div class=\"ngg-gallery-thumbnail\">\n            <a href=\"https:\/\/old.atletikaolomouc.cz\/wp-content\/gallery\/2-kolo-kp-pripravek-2020\/PHOTO-2020-06-17-19-10-17-2.jpg\"\n               title=\"\"\n               data-src=\"https:\/\/old.atletikaolomouc.cz\/wp-content\/gallery\/2-kolo-kp-pripravek-2020\/PHOTO-2020-06-17-19-10-17-2.jpg\"\n               data-thumbnail=\"https:\/\/old.atletikaolomouc.cz\/wp-content\/gallery\/2-kolo-kp-pripravek-2020\/thumbs\/thumbs_PHOTO-2020-06-17-19-10-17-2.jpg\"\n               data-image-id=\"5193\"\n               data-title=\"PHOTO-2020-06-17-19-10-17-2\"\n               data-description=\"\"\n               data-image-slug=\"photo-2020-06-17-19-10-17-2\"\n               class=\"ngg-simplelightbox\" rel=\"9ce85dda22bd611330693d724e6f7648\">\n                <img\n                    title=\"PHOTO-2020-06-17-19-10-17-2\"\n                    alt=\"PHOTO-2020-06-17-19-10-17-2\"\n                    src=\"https:\/\/old.atletikaolomouc.cz\/wp-content\/gallery\/2-kolo-kp-pripravek-2020\/thumbs\/thumbs_PHOTO-2020-06-17-19-10-17-2.jpg\"\n                    width=\"240\"\n                    height=\"160\"\n                    style=\"max-width:100%;\"\n                \/>\n            <\/a>\n        <\/div>\n\t\t\t\t\t\t\t<\/div> \n\t\t\t\n\t\t\t\t<div id=\"ngg-image-19\" class=\"ngg-gallery-thumbnail-box \" >\n\t\t\t\t        <div class=\"ngg-gallery-thumbnail\">\n            <a href=\"https:\/\/old.atletikaolomouc.cz\/wp-content\/gallery\/2-kolo-kp-pripravek-2020\/PHOTO-2020-06-17-19-10-17-3.jpg\"\n               title=\"\"\n               data-src=\"https:\/\/old.atletikaolomouc.cz\/wp-content\/gallery\/2-kolo-kp-pripravek-2020\/PHOTO-2020-06-17-19-10-17-3.jpg\"\n               data-thumbnail=\"https:\/\/old.atletikaolomouc.cz\/wp-content\/gallery\/2-kolo-kp-pripravek-2020\/thumbs\/thumbs_PHOTO-2020-06-17-19-10-17-3.jpg\"\n               data-image-id=\"5194\"\n               data-title=\"PHOTO-2020-06-17-19-10-17-3\"\n               data-description=\"\"\n               data-image-slug=\"photo-2020-06-17-19-10-17-3\"\n               class=\"ngg-simplelightbox\" rel=\"9ce85dda22bd611330693d724e6f7648\">\n                <img\n                    title=\"PHOTO-2020-06-17-19-10-17-3\"\n                    alt=\"PHOTO-2020-06-17-19-10-17-3\"\n                    src=\"https:\/\/old.atletikaolomouc.cz\/wp-content\/gallery\/2-kolo-kp-pripravek-2020\/thumbs\/thumbs_PHOTO-2020-06-17-19-10-17-3.jpg\"\n                    width=\"240\"\n                    height=\"160\"\n                    style=\"max-width:100%;\"\n                \/>\n            <\/a>\n        <\/div>\n\t\t\t\t\t\t\t<\/div> \n\t\t\t\n\t\t\t\t<div id=\"ngg-image-20\" class=\"ngg-gallery-thumbnail-box \" >\n\t\t\t\t        <div class=\"ngg-gallery-thumbnail\">\n            <a href=\"https:\/\/old.atletikaolomouc.cz\/wp-content\/gallery\/2-kolo-kp-pripravek-2020\/PHOTO-2020-06-17-19-10-17-4.jpg\"\n               title=\"\"\n               data-src=\"https:\/\/old.atletikaolomouc.cz\/wp-content\/gallery\/2-kolo-kp-pripravek-2020\/PHOTO-2020-06-17-19-10-17-4.jpg\"\n               data-thumbnail=\"https:\/\/old.atletikaolomouc.cz\/wp-content\/gallery\/2-kolo-kp-pripravek-2020\/thumbs\/thumbs_PHOTO-2020-06-17-19-10-17-4.jpg\"\n               data-image-id=\"5195\"\n               data-title=\"PHOTO-2020-06-17-19-10-17-4\"\n               data-description=\"\"\n               data-image-slug=\"photo-2020-06-17-19-10-17-4\"\n               class=\"ngg-simplelightbox\" rel=\"9ce85dda22bd611330693d724e6f7648\">\n                <img\n                    title=\"PHOTO-2020-06-17-19-10-17-4\"\n                    alt=\"PHOTO-2020-06-17-19-10-17-4\"\n                    src=\"https:\/\/old.atletikaolomouc.cz\/wp-content\/gallery\/2-kolo-kp-pripravek-2020\/thumbs\/thumbs_PHOTO-2020-06-17-19-10-17-4.jpg\"\n                    width=\"240\"\n                    height=\"160\"\n                    style=\"max-width:100%;\"\n                \/>\n            <\/a>\n        <\/div>\n\t\t\t\t\t\t\t<\/div> \n\t\t\t\n\t\t\t\t<div id=\"ngg-image-21\" class=\"ngg-gallery-thumbnail-box \" >\n\t\t\t\t        <div class=\"ngg-gallery-thumbnail\">\n            <a href=\"https:\/\/old.atletikaolomouc.cz\/wp-content\/gallery\/2-kolo-kp-pripravek-2020\/PHOTO-2020-06-17-19-10-17.jpg\"\n               title=\"\"\n               data-src=\"https:\/\/old.atletikaolomouc.cz\/wp-content\/gallery\/2-kolo-kp-pripravek-2020\/PHOTO-2020-06-17-19-10-17.jpg\"\n               data-thumbnail=\"https:\/\/old.atletikaolomouc.cz\/wp-content\/gallery\/2-kolo-kp-pripravek-2020\/thumbs\/thumbs_PHOTO-2020-06-17-19-10-17.jpg\"\n               data-image-id=\"5196\"\n               data-title=\"PHOTO-2020-06-17-19-10-17\"\n               data-description=\"\"\n               data-image-slug=\"photo-2020-06-17-19-10-17-5\"\n               class=\"ngg-simplelightbox\" rel=\"9ce85dda22bd611330693d724e6f7648\">\n                <img\n                    title=\"PHOTO-2020-06-17-19-10-17\"\n                    alt=\"PHOTO-2020-06-17-19-10-17\"\n                    src=\"https:\/\/old.atletikaolomouc.cz\/wp-content\/gallery\/2-kolo-kp-pripravek-2020\/thumbs\/thumbs_PHOTO-2020-06-17-19-10-17.jpg\"\n                    width=\"240\"\n                    height=\"160\"\n                    style=\"max-width:100%;\"\n                \/>\n            <\/a>\n        <\/div>\n\t\t\t\t\t\t\t<\/div> \n\t\t\t\n\t\t\t\t<div id=\"ngg-image-22\" class=\"ngg-gallery-thumbnail-box \" >\n\t\t\t\t        <div class=\"ngg-gallery-thumbnail\">\n            <a href=\"https:\/\/old.atletikaolomouc.cz\/wp-content\/gallery\/2-kolo-kp-pripravek-2020\/PHOTO-2020-06-17-19-10-57.jpg\"\n               title=\"\"\n               data-src=\"https:\/\/old.atletikaolomouc.cz\/wp-content\/gallery\/2-kolo-kp-pripravek-2020\/PHOTO-2020-06-17-19-10-57.jpg\"\n               data-thumbnail=\"https:\/\/old.atletikaolomouc.cz\/wp-content\/gallery\/2-kolo-kp-pripravek-2020\/thumbs\/thumbs_PHOTO-2020-06-17-19-10-57.jpg\"\n               data-image-id=\"5197\"\n               data-title=\"PHOTO-2020-06-17-19-10-57\"\n               data-description=\"\"\n               data-image-slug=\"photo-2020-06-17-19-10-57\"\n               class=\"ngg-simplelightbox\" rel=\"9ce85dda22bd611330693d724e6f7648\">\n                <img\n                    title=\"PHOTO-2020-06-17-19-10-57\"\n                    alt=\"PHOTO-2020-06-17-19-10-57\"\n                    src=\"https:\/\/old.atletikaolomouc.cz\/wp-content\/gallery\/2-kolo-kp-pripravek-2020\/thumbs\/thumbs_PHOTO-2020-06-17-19-10-57.jpg\"\n                    width=\"240\"\n                    height=\"160\"\n                    style=\"max-width:100%;\"\n                \/>\n            <\/a>\n        <\/div>\n\t\t\t\t\t\t\t<\/div> \n\t\t\t\n\t\t\t\t<div id=\"ngg-image-23\" class=\"ngg-gallery-thumbnail-box \" >\n\t\t\t\t        <div class=\"ngg-gallery-thumbnail\">\n            <a href=\"https:\/\/old.atletikaolomouc.cz\/wp-content\/gallery\/2-kolo-kp-pripravek-2020\/PHOTO-2020-06-17-19-10-58-2.jpg\"\n               title=\"\"\n               data-src=\"https:\/\/old.atletikaolomouc.cz\/wp-content\/gallery\/2-kolo-kp-pripravek-2020\/PHOTO-2020-06-17-19-10-58-2.jpg\"\n               data-thumbnail=\"https:\/\/old.atletikaolomouc.cz\/wp-content\/gallery\/2-kolo-kp-pripravek-2020\/thumbs\/thumbs_PHOTO-2020-06-17-19-10-58-2.jpg\"\n               data-image-id=\"5198\"\n               data-title=\"PHOTO-2020-06-17-19-10-58-2\"\n               data-description=\"\"\n               data-image-slug=\"photo-2020-06-17-19-10-58-2\"\n               class=\"ngg-simplelightbox\" rel=\"9ce85dda22bd611330693d724e6f7648\">\n                <img\n                    title=\"PHOTO-2020-06-17-19-10-58-2\"\n                    alt=\"PHOTO-2020-06-17-19-10-58-2\"\n                    src=\"https:\/\/old.atletikaolomouc.cz\/wp-content\/gallery\/2-kolo-kp-pripravek-2020\/thumbs\/thumbs_PHOTO-2020-06-17-19-10-58-2.jpg\"\n                    width=\"240\"\n                    height=\"160\"\n                    style=\"max-width:100%;\"\n                \/>\n            <\/a>\n        <\/div>\n\t\t\t\t\t\t\t<\/div> \n\t\t\t\n\t\n\t<br style=\"clear: both\" \/>\n\n\t\n\t\t<!-- Pagination -->\n\t<div class='ngg-navigation'><span class='current'>1<\/span>\n<a class='page-numbers' data-pageid='2' href='https:\/\/old.atletikaolomouc.cz\/index.php\/nggallery\/page\/2?p=17149'>2<\/a>\n<a class='prev' href='https:\/\/old.atletikaolomouc.cz\/index.php\/nggallery\/page\/2?p=17149' data-pageid=2>&#9658;<\/a><\/div>\t<\/div>\n\n","protected":false},"excerpt":{"rendered":"<p>Ve st\u0159edu 17. \u010dervna prob\u011bhlo v Olomouci 2. kolo Krajsk\u00e9ho p\u0159eboru p\u0159\u00edpravek. Ob\u011b olomouck\u00e1 dru\u017estva vybojovala na dom\u00e1c\u00ed p\u016fd\u011b suver\u00e9nn\u00ed v\u00edt\u011bzstv\u00ed.<\/p>\n","protected":false},"author":14,"featured_media":0,"comment_status":"closed","ping_status":"closed","sticky":false,"template":"","format":"standard","meta":{"ngg_post_thumbnail":0},"categories":[6,63],"tags":[],"_links":{"self":[{"href":"https:\/\/old.atletikaolomouc.cz\/index.php?rest_route=\/wp\/v2\/posts\/17149"}],"collection":[{"href":"https:\/\/old.atletikaolomouc.cz\/index.php?rest_route=\/wp\/v2\/posts"}],"about":[{"href":"https:\/\/old.atletikaolomouc.cz\/index.php?rest_route=\/wp\/v2\/types\/post"}],"author":[{"embeddable":true,"href":"https:\/\/old.atletikaolomouc.cz\/index.php?rest_route=\/wp\/v2\/users\/14"}],"replies":[{"embeddable":true,"href":"https:\/\/old.atletikaolomouc.cz\/index.php?rest_route=%2Fwp%2Fv2%2Fcomments&post=17149"}],"version-history":[{"count":1,"href":"https:\/\/old.atletikaolomouc.cz\/index.php?rest_route=\/wp\/v2\/posts\/17149\/revisions"}],"predecessor-version":[{"id":17151,"href":"https:\/\/old.atletikaolomouc.cz\/index.php?rest_route=\/wp\/v2\/posts\/17149\/revisions\/17151"}],"wp:attachment":[{"href":"https:\/\/old.atletikaolomouc.cz\/index.php?rest_route=%2Fwp%2Fv2%2Fmedia&parent=17149"}],"wp:term":[{"taxonomy":"category","embeddable":true,"href":"https:\/\/old.atletikaolomouc.cz\/index.php?rest_route=%2Fwp%2Fv2%2Fcategories&post=17149"},{"taxonomy":"post_tag","embeddable":true,"href":"https:\/\/old.atletikaolomouc.cz\/index.php?rest_route=%2Fwp%2Fv2%2Ftags&post=17149"}],"curies":[{"name":"wp","href":"https:\/\/api.w.org\/{rel}","templated":true}]}}