{"id":17155,"date":"2020-06-22T06:35:19","date_gmt":"2020-06-22T04:35:19","guid":{"rendered":"http:\/\/www.atletikaolomouc.cz\/?p=17155"},"modified":"2020-06-22T06:35:22","modified_gmt":"2020-06-22T04:35:22","slug":"zpravodaj-c-1-druzstva-zen-2020","status":"publish","type":"post","link":"https:\/\/old.atletikaolomouc.cz\/?p=17155","title":{"rendered":"Zpravodaj \u010d. 1 dru\u017estva \u017een 2020"},"content":{"rendered":"\n<p>V Olomouci prob\u011bhne 4. \u010dervence 1. kolo I. n\u00e1rodn\u00ed ligy mu\u017e\u016f a \u017een a vedouc\u00ed dru\u017estva \u017een Pavel Vrzala pos\u00edl\u00e1 olomouck\u00fdm z\u00e1vodnic\u00edm p\u00e1r slov na \u00favod sez\u00f3ny.<\/p>\n<p>Zpravodaj <a href=\"http:\/\/www.atletikaolomouc.cz\/wp-content\/uploads\/2020\/06\/Zpravodaj-\u010d.1-20.pdf\" target=\"_blank\" rel=\"noopener\">zde<\/a><\/p>\n","protected":false},"excerpt":{"rendered":"<p>V Olomouci prob\u011bhne 4. \u010dervence 1. kolo I. n\u00e1rodn\u00ed ligy mu\u017e\u016f a \u017een a vedouc\u00ed dru\u017estva \u017een Pavel Vrzala pos\u00edl\u00e1 olomouck\u00fdm z\u00e1vodnic\u00edm p\u00e1r slov na \u00favod sez\u00f3ny. Zpravodaj zde<\/p>\n","protected":false},"author":14,"featured_media":0,"comment_status":"closed","ping_status":"closed","sticky":false,"template":"","format":"standard","meta":{"ngg_post_thumbnail":0},"categories":[5,6],"tags":[],"_links":{"self":[{"href":"https:\/\/old.atletikaolomouc.cz\/index.php?rest_route=\/wp\/v2\/posts\/17155"}],"collection":[{"href":"https:\/\/old.atletikaolomouc.cz\/index.php?rest_route=\/wp\/v2\/posts"}],"about":[{"href":"https:\/\/old.atletikaolomouc.cz\/index.php?rest_route=\/wp\/v2\/types\/post"}],"author":[{"embeddable":true,"href":"https:\/\/old.atletikaolomouc.cz\/index.php?rest_route=\/wp\/v2\/users\/14"}],"replies":[{"embeddable":true,"href":"https:\/\/old.atletikaolomouc.cz\/index.php?rest_route=%2Fwp%2Fv2%2Fcomments&post=17155"}],"version-history":[{"count":1,"href":"https:\/\/old.atletikaolomouc.cz\/index.php?rest_route=\/wp\/v2\/posts\/17155\/revisions"}],"predecessor-version":[{"id":17157,"href":"https:\/\/old.atletikaolomouc.cz\/index.php?rest_route=\/wp\/v2\/posts\/17155\/revisions\/17157"}],"wp:attachment":[{"href":"https:\/\/old.atletikaolomouc.cz\/index.php?rest_route=%2Fwp%2Fv2%2Fmedia&parent=17155"}],"wp:term":[{"taxonomy":"category","embeddable":true,"href":"https:\/\/old.atletikaolomouc.cz\/index.php?rest_route=%2Fwp%2Fv2%2Fcategories&post=17155"},{"taxonomy":"post_tag","embeddable":true,"href":"https:\/\/old.atletikaolomouc.cz\/index.php?rest_route=%2Fwp%2Fv2%2Ftags&post=17155"}],"curies":[{"name":"wp","href":"https:\/\/api.w.org\/{rel}","templated":true}]}}