{"id":17216,"date":"2020-06-23T08:17:37","date_gmt":"2020-06-23T06:17:37","guid":{"rendered":"http:\/\/www.atletikaolomouc.cz\/?p=17216"},"modified":"2020-06-23T08:17:40","modified_gmt":"2020-06-23T06:17:40","slug":"2-kolo-kp-pripravek","status":"publish","type":"post","link":"https:\/\/old.atletikaolomouc.cz\/?p=17216","title":{"rendered":"2. kolo KP p\u0159\u00edpravek"},"content":{"rendered":"\n<p>Olomouck\u00e1 dru\u017estva suver\u00e9nn\u011b ovl\u00e1dla ve st\u0159edu 17. \u010dervna na dom\u00e1c\u00ed p\u016fd\u011b 2. kolo Krajsk\u00e9ho p\u0159eboru p\u0159\u00edpravek a do fin\u00e1lov\u00e9ho kola, kter\u00e9 se kon\u00e1 ve \u010dtvrtek 25. \u010dervna, tak vstoup\u00ed se zna\u010dn\u00fdm n\u00e1skokem v celkov\u00e9m bodov\u00e1n\u00ed.<!--more--><\/p>\n<p><a href=\"https:\/\/online.atletika.cz\/vysledky\/44518\" target=\"_blank\" rel=\"noopener\">Kompletn\u00ed v\u00fdsledky<\/a><\/p>\n<p><a href=\"http:\/\/www.atletikaolomouc.cz\/?p=17149\" target=\"_blank\" rel=\"noopener\">Fotogalerie<\/a><\/p>\n<p><a href=\"http:\/\/www.atletikaolomouc.cz\/wp-content\/uploads\/2020\/06\/ZPRAVODAJ-PO-2.-kole-KP.pdf\" target=\"_blank\" rel=\"noopener\">Zpravodaj po 2. kole<\/a><\/p>\n","protected":false},"excerpt":{"rendered":"<p>Olomouck\u00e1 dru\u017estva suver\u00e9nn\u011b ovl\u00e1dla ve st\u0159edu 17. \u010dervna na dom\u00e1c\u00ed p\u016fd\u011b 2. kolo Krajsk\u00e9ho p\u0159eboru p\u0159\u00edpravek a do fin\u00e1lov\u00e9ho kola, kter\u00e9 se kon\u00e1 ve \u010dtvrtek 25. \u010dervna, tak vstoup\u00ed se zna\u010dn\u00fdm n\u00e1skokem v celkov\u00e9m bodov\u00e1n\u00ed.<\/p>\n","protected":false},"author":14,"featured_media":0,"comment_status":"closed","ping_status":"closed","sticky":false,"template":"","format":"standard","meta":{"ngg_post_thumbnail":0},"categories":[5,6],"tags":[],"_links":{"self":[{"href":"https:\/\/old.atletikaolomouc.cz\/index.php?rest_route=\/wp\/v2\/posts\/17216"}],"collection":[{"href":"https:\/\/old.atletikaolomouc.cz\/index.php?rest_route=\/wp\/v2\/posts"}],"about":[{"href":"https:\/\/old.atletikaolomouc.cz\/index.php?rest_route=\/wp\/v2\/types\/post"}],"author":[{"embeddable":true,"href":"https:\/\/old.atletikaolomouc.cz\/index.php?rest_route=\/wp\/v2\/users\/14"}],"replies":[{"embeddable":true,"href":"https:\/\/old.atletikaolomouc.cz\/index.php?rest_route=%2Fwp%2Fv2%2Fcomments&post=17216"}],"version-history":[{"count":1,"href":"https:\/\/old.atletikaolomouc.cz\/index.php?rest_route=\/wp\/v2\/posts\/17216\/revisions"}],"predecessor-version":[{"id":17218,"href":"https:\/\/old.atletikaolomouc.cz\/index.php?rest_route=\/wp\/v2\/posts\/17216\/revisions\/17218"}],"wp:attachment":[{"href":"https:\/\/old.atletikaolomouc.cz\/index.php?rest_route=%2Fwp%2Fv2%2Fmedia&parent=17216"}],"wp:term":[{"taxonomy":"category","embeddable":true,"href":"https:\/\/old.atletikaolomouc.cz\/index.php?rest_route=%2Fwp%2Fv2%2Fcategories&post=17216"},{"taxonomy":"post_tag","embeddable":true,"href":"https:\/\/old.atletikaolomouc.cz\/index.php?rest_route=%2Fwp%2Fv2%2Ftags&post=17216"}],"curies":[{"name":"wp","href":"https:\/\/api.w.org\/{rel}","templated":true}]}}