{"id":17361,"date":"2020-06-28T20:14:49","date_gmt":"2020-06-28T18:14:49","guid":{"rendered":"http:\/\/www.atletikaolomouc.cz\/?p=17361"},"modified":"2020-06-28T20:15:30","modified_gmt":"2020-06-28T18:15:30","slug":"3-kolo-kp-pripravek-foto","status":"publish","type":"post","link":"https:\/\/old.atletikaolomouc.cz\/?p=17361","title":{"rendered":"3. kolo KP p\u0159\u00edpravek 2020 &#8211; foto"},"content":{"rendered":"\n<p><img decoding=\"async\" loading=\"lazy\" class=\"alignleft size-thumbnail wp-image-17362\" src=\"http:\/\/www.atletikaolomouc.cz\/wp-content\/uploads\/2020\/06\/IMG_2038-150x150.jpg\" alt=\"\" width=\"150\" height=\"150\">Ve \u010dtvrtek 25. \u010dervna se v Z\u00e1b\u0159ehu konalo fin\u00e1lov\u00e9 kolo Krajsk\u00e9ho p\u0159eboru dru\u017estev p\u0159\u00edpravek. Ob\u011b olomouck\u00e1 dru\u017estva vybojovala v sout\u011b\u017ei celkov\u00e9 prvenstv\u00ed.<!--more--><\/p>\n<!-- default-view.php -->\n<div\n\tclass=\"ngg-galleryoverview default-view \"\n\tid=\"ngg-gallery-3286a3dcc2fea8d6142b67a9d40e0eb2-1\">\n\n\t\t<!-- Thumbnails -->\n\t\t\t\t<div id=\"ngg-image-0\" class=\"ngg-gallery-thumbnail-box \" >\n\t\t\t\t        <div class=\"ngg-gallery-thumbnail\">\n            <a href=\"https:\/\/old.atletikaolomouc.cz\/wp-content\/gallery\/3-kolo-kp-pripravek-2020\/IMG_2064.JPG\"\n               title=\"\"\n               data-src=\"https:\/\/old.atletikaolomouc.cz\/wp-content\/gallery\/3-kolo-kp-pripravek-2020\/IMG_2064.JPG\"\n               data-thumbnail=\"https:\/\/old.atletikaolomouc.cz\/wp-content\/gallery\/3-kolo-kp-pripravek-2020\/thumbs\/thumbs_IMG_2064.JPG\"\n               data-image-id=\"5273\"\n               data-title=\"IMG_2064\"\n               data-description=\"\"\n               data-image-slug=\"img_2064\"\n               class=\"ngg-simplelightbox\" rel=\"3286a3dcc2fea8d6142b67a9d40e0eb2\">\n                <img\n                    title=\"IMG_2064\"\n                    alt=\"IMG_2064\"\n                    src=\"https:\/\/old.atletikaolomouc.cz\/wp-content\/gallery\/3-kolo-kp-pripravek-2020\/thumbs\/thumbs_IMG_2064.JPG\"\n                    width=\"240\"\n                    height=\"160\"\n                    style=\"max-width:100%;\"\n                \/>\n            <\/a>\n        <\/div>\n\t\t\t\t\t\t\t<\/div> \n\t\t\t\n\t\t\t\t<div id=\"ngg-image-1\" class=\"ngg-gallery-thumbnail-box \" >\n\t\t\t\t        <div class=\"ngg-gallery-thumbnail\">\n            <a href=\"https:\/\/old.atletikaolomouc.cz\/wp-content\/gallery\/3-kolo-kp-pripravek-2020\/IMG_2019.JPG\"\n               title=\"\"\n               data-src=\"https:\/\/old.atletikaolomouc.cz\/wp-content\/gallery\/3-kolo-kp-pripravek-2020\/IMG_2019.JPG\"\n               data-thumbnail=\"https:\/\/old.atletikaolomouc.cz\/wp-content\/gallery\/3-kolo-kp-pripravek-2020\/thumbs\/thumbs_IMG_2019.JPG\"\n               data-image-id=\"5241\"\n               data-title=\"IMG_2019\"\n               data-description=\"\"\n               data-image-slug=\"img_2019\"\n               class=\"ngg-simplelightbox\" rel=\"3286a3dcc2fea8d6142b67a9d40e0eb2\">\n                <img\n                    title=\"IMG_2019\"\n                    alt=\"IMG_2019\"\n                    src=\"https:\/\/old.atletikaolomouc.cz\/wp-content\/gallery\/3-kolo-kp-pripravek-2020\/thumbs\/thumbs_IMG_2019.JPG\"\n                    width=\"240\"\n                    height=\"160\"\n                    style=\"max-width:100%;\"\n                \/>\n            <\/a>\n        <\/div>\n\t\t\t\t\t\t\t<\/div> \n\t\t\t\n\t\t\t\t<div id=\"ngg-image-2\" class=\"ngg-gallery-thumbnail-box \" >\n\t\t\t\t        <div class=\"ngg-gallery-thumbnail\">\n            <a href=\"https:\/\/old.atletikaolomouc.cz\/wp-content\/gallery\/3-kolo-kp-pripravek-2020\/IMG_2020.JPG\"\n               title=\"\"\n               data-src=\"https:\/\/old.atletikaolomouc.cz\/wp-content\/gallery\/3-kolo-kp-pripravek-2020\/IMG_2020.JPG\"\n               data-thumbnail=\"https:\/\/old.atletikaolomouc.cz\/wp-content\/gallery\/3-kolo-kp-pripravek-2020\/thumbs\/thumbs_IMG_2020.JPG\"\n               data-image-id=\"5242\"\n               data-title=\"IMG_2020\"\n               data-description=\"\"\n               data-image-slug=\"img_2020\"\n               class=\"ngg-simplelightbox\" rel=\"3286a3dcc2fea8d6142b67a9d40e0eb2\">\n                <img\n                    title=\"IMG_2020\"\n                    alt=\"IMG_2020\"\n                    src=\"https:\/\/old.atletikaolomouc.cz\/wp-content\/gallery\/3-kolo-kp-pripravek-2020\/thumbs\/thumbs_IMG_2020.JPG\"\n                    width=\"240\"\n                    height=\"160\"\n                    style=\"max-width:100%;\"\n                \/>\n            <\/a>\n        <\/div>\n\t\t\t\t\t\t\t<\/div> \n\t\t\t\n\t\t\t\t<div id=\"ngg-image-3\" class=\"ngg-gallery-thumbnail-box \" >\n\t\t\t\t        <div class=\"ngg-gallery-thumbnail\">\n            <a href=\"https:\/\/old.atletikaolomouc.cz\/wp-content\/gallery\/3-kolo-kp-pripravek-2020\/IMG_2074.JPG\"\n               title=\"\"\n               data-src=\"https:\/\/old.atletikaolomouc.cz\/wp-content\/gallery\/3-kolo-kp-pripravek-2020\/IMG_2074.JPG\"\n               data-thumbnail=\"https:\/\/old.atletikaolomouc.cz\/wp-content\/gallery\/3-kolo-kp-pripravek-2020\/thumbs\/thumbs_IMG_2074.JPG\"\n               data-image-id=\"5283\"\n               data-title=\"IMG_2074\"\n               data-description=\"\"\n               data-image-slug=\"img_2074\"\n               class=\"ngg-simplelightbox\" rel=\"3286a3dcc2fea8d6142b67a9d40e0eb2\">\n                <img\n                    title=\"IMG_2074\"\n                    alt=\"IMG_2074\"\n                    src=\"https:\/\/old.atletikaolomouc.cz\/wp-content\/gallery\/3-kolo-kp-pripravek-2020\/thumbs\/thumbs_IMG_2074.JPG\"\n                    width=\"240\"\n                    height=\"160\"\n                    style=\"max-width:100%;\"\n                \/>\n            <\/a>\n        <\/div>\n\t\t\t\t\t\t\t<\/div> \n\t\t\t\n\t\t\t\t<div id=\"ngg-image-4\" class=\"ngg-gallery-thumbnail-box \" >\n\t\t\t\t        <div class=\"ngg-gallery-thumbnail\">\n            <a href=\"https:\/\/old.atletikaolomouc.cz\/wp-content\/gallery\/3-kolo-kp-pripravek-2020\/IMG_2047.JPG\"\n               title=\"\"\n               data-src=\"https:\/\/old.atletikaolomouc.cz\/wp-content\/gallery\/3-kolo-kp-pripravek-2020\/IMG_2047.JPG\"\n               data-thumbnail=\"https:\/\/old.atletikaolomouc.cz\/wp-content\/gallery\/3-kolo-kp-pripravek-2020\/thumbs\/thumbs_IMG_2047.JPG\"\n               data-image-id=\"5261\"\n               data-title=\"IMG_2047\"\n               data-description=\"\"\n               data-image-slug=\"img_2047\"\n               class=\"ngg-simplelightbox\" rel=\"3286a3dcc2fea8d6142b67a9d40e0eb2\">\n                <img\n                    title=\"IMG_2047\"\n                    alt=\"IMG_2047\"\n                    src=\"https:\/\/old.atletikaolomouc.cz\/wp-content\/gallery\/3-kolo-kp-pripravek-2020\/thumbs\/thumbs_IMG_2047.JPG\"\n                    width=\"240\"\n                    height=\"160\"\n                    style=\"max-width:100%;\"\n                \/>\n            <\/a>\n        <\/div>\n\t\t\t\t\t\t\t<\/div> \n\t\t\t\n\t\t\t\t<div id=\"ngg-image-5\" class=\"ngg-gallery-thumbnail-box \" >\n\t\t\t\t        <div class=\"ngg-gallery-thumbnail\">\n            <a href=\"https:\/\/old.atletikaolomouc.cz\/wp-content\/gallery\/3-kolo-kp-pripravek-2020\/IMG_2024.JPG\"\n               title=\"\"\n               data-src=\"https:\/\/old.atletikaolomouc.cz\/wp-content\/gallery\/3-kolo-kp-pripravek-2020\/IMG_2024.JPG\"\n               data-thumbnail=\"https:\/\/old.atletikaolomouc.cz\/wp-content\/gallery\/3-kolo-kp-pripravek-2020\/thumbs\/thumbs_IMG_2024.JPG\"\n               data-image-id=\"5243\"\n               data-title=\"IMG_2024\"\n               data-description=\"\"\n               data-image-slug=\"img_2024\"\n               class=\"ngg-simplelightbox\" rel=\"3286a3dcc2fea8d6142b67a9d40e0eb2\">\n                <img\n                    title=\"IMG_2024\"\n                    alt=\"IMG_2024\"\n                    src=\"https:\/\/old.atletikaolomouc.cz\/wp-content\/gallery\/3-kolo-kp-pripravek-2020\/thumbs\/thumbs_IMG_2024.JPG\"\n                    width=\"240\"\n                    height=\"160\"\n                    style=\"max-width:100%;\"\n                \/>\n            <\/a>\n        <\/div>\n\t\t\t\t\t\t\t<\/div> \n\t\t\t\n\t\t\t\t<div id=\"ngg-image-6\" class=\"ngg-gallery-thumbnail-box \" >\n\t\t\t\t        <div class=\"ngg-gallery-thumbnail\">\n            <a href=\"https:\/\/old.atletikaolomouc.cz\/wp-content\/gallery\/3-kolo-kp-pripravek-2020\/IMG_2070.JPG\"\n               title=\"\"\n               data-src=\"https:\/\/old.atletikaolomouc.cz\/wp-content\/gallery\/3-kolo-kp-pripravek-2020\/IMG_2070.JPG\"\n               data-thumbnail=\"https:\/\/old.atletikaolomouc.cz\/wp-content\/gallery\/3-kolo-kp-pripravek-2020\/thumbs\/thumbs_IMG_2070.JPG\"\n               data-image-id=\"5279\"\n               data-title=\"IMG_2070\"\n               data-description=\"\"\n               data-image-slug=\"img_2070\"\n               class=\"ngg-simplelightbox\" rel=\"3286a3dcc2fea8d6142b67a9d40e0eb2\">\n                <img\n                    title=\"IMG_2070\"\n                    alt=\"IMG_2070\"\n                    src=\"https:\/\/old.atletikaolomouc.cz\/wp-content\/gallery\/3-kolo-kp-pripravek-2020\/thumbs\/thumbs_IMG_2070.JPG\"\n                    width=\"240\"\n                    height=\"160\"\n                    style=\"max-width:100%;\"\n                \/>\n            <\/a>\n        <\/div>\n\t\t\t\t\t\t\t<\/div> \n\t\t\t\n\t\t\t\t<div id=\"ngg-image-7\" class=\"ngg-gallery-thumbnail-box \" >\n\t\t\t\t        <div class=\"ngg-gallery-thumbnail\">\n            <a href=\"https:\/\/old.atletikaolomouc.cz\/wp-content\/gallery\/3-kolo-kp-pripravek-2020\/IMG_2060.JPG\"\n               title=\"\"\n               data-src=\"https:\/\/old.atletikaolomouc.cz\/wp-content\/gallery\/3-kolo-kp-pripravek-2020\/IMG_2060.JPG\"\n               data-thumbnail=\"https:\/\/old.atletikaolomouc.cz\/wp-content\/gallery\/3-kolo-kp-pripravek-2020\/thumbs\/thumbs_IMG_2060.JPG\"\n               data-image-id=\"5271\"\n               data-title=\"IMG_2060\"\n               data-description=\"\"\n               data-image-slug=\"img_2060\"\n               class=\"ngg-simplelightbox\" rel=\"3286a3dcc2fea8d6142b67a9d40e0eb2\">\n                <img\n                    title=\"IMG_2060\"\n                    alt=\"IMG_2060\"\n                    src=\"https:\/\/old.atletikaolomouc.cz\/wp-content\/gallery\/3-kolo-kp-pripravek-2020\/thumbs\/thumbs_IMG_2060.JPG\"\n                    width=\"240\"\n                    height=\"160\"\n                    style=\"max-width:100%;\"\n                \/>\n            <\/a>\n        <\/div>\n\t\t\t\t\t\t\t<\/div> \n\t\t\t\n\t\t\t\t<div id=\"ngg-image-8\" class=\"ngg-gallery-thumbnail-box \" >\n\t\t\t\t        <div class=\"ngg-gallery-thumbnail\">\n            <a href=\"https:\/\/old.atletikaolomouc.cz\/wp-content\/gallery\/3-kolo-kp-pripravek-2020\/IMG_2069.JPG\"\n               title=\"\"\n               data-src=\"https:\/\/old.atletikaolomouc.cz\/wp-content\/gallery\/3-kolo-kp-pripravek-2020\/IMG_2069.JPG\"\n               data-thumbnail=\"https:\/\/old.atletikaolomouc.cz\/wp-content\/gallery\/3-kolo-kp-pripravek-2020\/thumbs\/thumbs_IMG_2069.JPG\"\n               data-image-id=\"5278\"\n               data-title=\"IMG_2069\"\n               data-description=\"\"\n               data-image-slug=\"img_2069\"\n               class=\"ngg-simplelightbox\" rel=\"3286a3dcc2fea8d6142b67a9d40e0eb2\">\n                <img\n                    title=\"IMG_2069\"\n                    alt=\"IMG_2069\"\n                    src=\"https:\/\/old.atletikaolomouc.cz\/wp-content\/gallery\/3-kolo-kp-pripravek-2020\/thumbs\/thumbs_IMG_2069.JPG\"\n                    width=\"240\"\n                    height=\"160\"\n                    style=\"max-width:100%;\"\n                \/>\n            <\/a>\n        <\/div>\n\t\t\t\t\t\t\t<\/div> \n\t\t\t\n\t\t\t\t<div id=\"ngg-image-9\" class=\"ngg-gallery-thumbnail-box \" >\n\t\t\t\t        <div class=\"ngg-gallery-thumbnail\">\n            <a href=\"https:\/\/old.atletikaolomouc.cz\/wp-content\/gallery\/3-kolo-kp-pripravek-2020\/IMG_2067.JPG\"\n               title=\"\"\n               data-src=\"https:\/\/old.atletikaolomouc.cz\/wp-content\/gallery\/3-kolo-kp-pripravek-2020\/IMG_2067.JPG\"\n               data-thumbnail=\"https:\/\/old.atletikaolomouc.cz\/wp-content\/gallery\/3-kolo-kp-pripravek-2020\/thumbs\/thumbs_IMG_2067.JPG\"\n               data-image-id=\"5276\"\n               data-title=\"IMG_2067\"\n               data-description=\"\"\n               data-image-slug=\"img_2067\"\n               class=\"ngg-simplelightbox\" rel=\"3286a3dcc2fea8d6142b67a9d40e0eb2\">\n                <img\n                    title=\"IMG_2067\"\n                    alt=\"IMG_2067\"\n                    src=\"https:\/\/old.atletikaolomouc.cz\/wp-content\/gallery\/3-kolo-kp-pripravek-2020\/thumbs\/thumbs_IMG_2067.JPG\"\n                    width=\"240\"\n                    height=\"160\"\n                    style=\"max-width:100%;\"\n                \/>\n            <\/a>\n        <\/div>\n\t\t\t\t\t\t\t<\/div> \n\t\t\t\n\t\t\t\t<div id=\"ngg-image-10\" class=\"ngg-gallery-thumbnail-box \" >\n\t\t\t\t        <div class=\"ngg-gallery-thumbnail\">\n            <a href=\"https:\/\/old.atletikaolomouc.cz\/wp-content\/gallery\/3-kolo-kp-pripravek-2020\/IMG_2037.JPG\"\n               title=\"\"\n               data-src=\"https:\/\/old.atletikaolomouc.cz\/wp-content\/gallery\/3-kolo-kp-pripravek-2020\/IMG_2037.JPG\"\n               data-thumbnail=\"https:\/\/old.atletikaolomouc.cz\/wp-content\/gallery\/3-kolo-kp-pripravek-2020\/thumbs\/thumbs_IMG_2037.JPG\"\n               data-image-id=\"5252\"\n               data-title=\"IMG_2037\"\n               data-description=\"\"\n               data-image-slug=\"img_2037\"\n               class=\"ngg-simplelightbox\" rel=\"3286a3dcc2fea8d6142b67a9d40e0eb2\">\n                <img\n                    title=\"IMG_2037\"\n                    alt=\"IMG_2037\"\n                    src=\"https:\/\/old.atletikaolomouc.cz\/wp-content\/gallery\/3-kolo-kp-pripravek-2020\/thumbs\/thumbs_IMG_2037.JPG\"\n                    width=\"240\"\n                    height=\"160\"\n                    style=\"max-width:100%;\"\n                \/>\n            <\/a>\n        <\/div>\n\t\t\t\t\t\t\t<\/div> \n\t\t\t\n\t\t\t\t<div id=\"ngg-image-11\" class=\"ngg-gallery-thumbnail-box \" >\n\t\t\t\t        <div class=\"ngg-gallery-thumbnail\">\n            <a href=\"https:\/\/old.atletikaolomouc.cz\/wp-content\/gallery\/3-kolo-kp-pripravek-2020\/IMG_2054.JPG\"\n               title=\"\"\n               data-src=\"https:\/\/old.atletikaolomouc.cz\/wp-content\/gallery\/3-kolo-kp-pripravek-2020\/IMG_2054.JPG\"\n               data-thumbnail=\"https:\/\/old.atletikaolomouc.cz\/wp-content\/gallery\/3-kolo-kp-pripravek-2020\/thumbs\/thumbs_IMG_2054.JPG\"\n               data-image-id=\"5265\"\n               data-title=\"IMG_2054\"\n               data-description=\"\"\n               data-image-slug=\"img_2054\"\n               class=\"ngg-simplelightbox\" rel=\"3286a3dcc2fea8d6142b67a9d40e0eb2\">\n                <img\n                    title=\"IMG_2054\"\n                    alt=\"IMG_2054\"\n                    src=\"https:\/\/old.atletikaolomouc.cz\/wp-content\/gallery\/3-kolo-kp-pripravek-2020\/thumbs\/thumbs_IMG_2054.JPG\"\n                    width=\"240\"\n                    height=\"160\"\n                    style=\"max-width:100%;\"\n                \/>\n            <\/a>\n        <\/div>\n\t\t\t\t\t\t\t<\/div> \n\t\t\t\n\t\t\t\t<div id=\"ngg-image-12\" class=\"ngg-gallery-thumbnail-box \" >\n\t\t\t\t        <div class=\"ngg-gallery-thumbnail\">\n            <a href=\"https:\/\/old.atletikaolomouc.cz\/wp-content\/gallery\/3-kolo-kp-pripravek-2020\/IMG_2057.JPG\"\n               title=\"\"\n               data-src=\"https:\/\/old.atletikaolomouc.cz\/wp-content\/gallery\/3-kolo-kp-pripravek-2020\/IMG_2057.JPG\"\n               data-thumbnail=\"https:\/\/old.atletikaolomouc.cz\/wp-content\/gallery\/3-kolo-kp-pripravek-2020\/thumbs\/thumbs_IMG_2057.JPG\"\n               data-image-id=\"5268\"\n               data-title=\"IMG_2057\"\n               data-description=\"\"\n               data-image-slug=\"img_2057\"\n               class=\"ngg-simplelightbox\" rel=\"3286a3dcc2fea8d6142b67a9d40e0eb2\">\n                <img\n                    title=\"IMG_2057\"\n                    alt=\"IMG_2057\"\n                    src=\"https:\/\/old.atletikaolomouc.cz\/wp-content\/gallery\/3-kolo-kp-pripravek-2020\/thumbs\/thumbs_IMG_2057.JPG\"\n                    width=\"240\"\n                    height=\"160\"\n                    style=\"max-width:100%;\"\n                \/>\n            <\/a>\n        <\/div>\n\t\t\t\t\t\t\t<\/div> \n\t\t\t\n\t\t\t\t<div id=\"ngg-image-13\" class=\"ngg-gallery-thumbnail-box \" >\n\t\t\t\t        <div class=\"ngg-gallery-thumbnail\">\n            <a href=\"https:\/\/old.atletikaolomouc.cz\/wp-content\/gallery\/3-kolo-kp-pripravek-2020\/IMG_2056.JPG\"\n               title=\"\"\n               data-src=\"https:\/\/old.atletikaolomouc.cz\/wp-content\/gallery\/3-kolo-kp-pripravek-2020\/IMG_2056.JPG\"\n               data-thumbnail=\"https:\/\/old.atletikaolomouc.cz\/wp-content\/gallery\/3-kolo-kp-pripravek-2020\/thumbs\/thumbs_IMG_2056.JPG\"\n               data-image-id=\"5267\"\n               data-title=\"IMG_2056\"\n               data-description=\"\"\n               data-image-slug=\"img_2056\"\n               class=\"ngg-simplelightbox\" rel=\"3286a3dcc2fea8d6142b67a9d40e0eb2\">\n                <img\n                    title=\"IMG_2056\"\n                    alt=\"IMG_2056\"\n                    src=\"https:\/\/old.atletikaolomouc.cz\/wp-content\/gallery\/3-kolo-kp-pripravek-2020\/thumbs\/thumbs_IMG_2056.JPG\"\n                    width=\"240\"\n                    height=\"160\"\n                    style=\"max-width:100%;\"\n                \/>\n            <\/a>\n        <\/div>\n\t\t\t\t\t\t\t<\/div> \n\t\t\t\n\t\t\t\t<div id=\"ngg-image-14\" class=\"ngg-gallery-thumbnail-box \" >\n\t\t\t\t        <div class=\"ngg-gallery-thumbnail\">\n            <a href=\"https:\/\/old.atletikaolomouc.cz\/wp-content\/gallery\/3-kolo-kp-pripravek-2020\/IMG_2030.JPG\"\n               title=\"\"\n               data-src=\"https:\/\/old.atletikaolomouc.cz\/wp-content\/gallery\/3-kolo-kp-pripravek-2020\/IMG_2030.JPG\"\n               data-thumbnail=\"https:\/\/old.atletikaolomouc.cz\/wp-content\/gallery\/3-kolo-kp-pripravek-2020\/thumbs\/thumbs_IMG_2030.JPG\"\n               data-image-id=\"5246\"\n               data-title=\"IMG_2030\"\n               data-description=\"\"\n               data-image-slug=\"img_2030\"\n               class=\"ngg-simplelightbox\" rel=\"3286a3dcc2fea8d6142b67a9d40e0eb2\">\n                <img\n                    title=\"IMG_2030\"\n                    alt=\"IMG_2030\"\n                    src=\"https:\/\/old.atletikaolomouc.cz\/wp-content\/gallery\/3-kolo-kp-pripravek-2020\/thumbs\/thumbs_IMG_2030.JPG\"\n                    width=\"240\"\n                    height=\"160\"\n                    style=\"max-width:100%;\"\n                \/>\n            <\/a>\n        <\/div>\n\t\t\t\t\t\t\t<\/div> \n\t\t\t\n\t\t\t\t<div id=\"ngg-image-15\" class=\"ngg-gallery-thumbnail-box \" >\n\t\t\t\t        <div class=\"ngg-gallery-thumbnail\">\n            <a href=\"https:\/\/old.atletikaolomouc.cz\/wp-content\/gallery\/3-kolo-kp-pripravek-2020\/IMG_2076.JPG\"\n               title=\"\"\n               data-src=\"https:\/\/old.atletikaolomouc.cz\/wp-content\/gallery\/3-kolo-kp-pripravek-2020\/IMG_2076.JPG\"\n               data-thumbnail=\"https:\/\/old.atletikaolomouc.cz\/wp-content\/gallery\/3-kolo-kp-pripravek-2020\/thumbs\/thumbs_IMG_2076.JPG\"\n               data-image-id=\"5285\"\n               data-title=\"IMG_2076\"\n               data-description=\"\"\n               data-image-slug=\"img_2076\"\n               class=\"ngg-simplelightbox\" rel=\"3286a3dcc2fea8d6142b67a9d40e0eb2\">\n                <img\n                    title=\"IMG_2076\"\n                    alt=\"IMG_2076\"\n                    src=\"https:\/\/old.atletikaolomouc.cz\/wp-content\/gallery\/3-kolo-kp-pripravek-2020\/thumbs\/thumbs_IMG_2076.JPG\"\n                    width=\"240\"\n                    height=\"160\"\n                    style=\"max-width:100%;\"\n                \/>\n            <\/a>\n        <\/div>\n\t\t\t\t\t\t\t<\/div> \n\t\t\t\n\t\t\t\t<div id=\"ngg-image-16\" class=\"ngg-gallery-thumbnail-box \" >\n\t\t\t\t        <div class=\"ngg-gallery-thumbnail\">\n            <a href=\"https:\/\/old.atletikaolomouc.cz\/wp-content\/gallery\/3-kolo-kp-pripravek-2020\/IMG_2018.JPG\"\n               title=\"\"\n               data-src=\"https:\/\/old.atletikaolomouc.cz\/wp-content\/gallery\/3-kolo-kp-pripravek-2020\/IMG_2018.JPG\"\n               data-thumbnail=\"https:\/\/old.atletikaolomouc.cz\/wp-content\/gallery\/3-kolo-kp-pripravek-2020\/thumbs\/thumbs_IMG_2018.JPG\"\n               data-image-id=\"5240\"\n               data-title=\"IMG_2018\"\n               data-description=\"\"\n               data-image-slug=\"img_2018\"\n               class=\"ngg-simplelightbox\" rel=\"3286a3dcc2fea8d6142b67a9d40e0eb2\">\n                <img\n                    title=\"IMG_2018\"\n                    alt=\"IMG_2018\"\n                    src=\"https:\/\/old.atletikaolomouc.cz\/wp-content\/gallery\/3-kolo-kp-pripravek-2020\/thumbs\/thumbs_IMG_2018.JPG\"\n                    width=\"240\"\n                    height=\"160\"\n                    style=\"max-width:100%;\"\n                \/>\n            <\/a>\n        <\/div>\n\t\t\t\t\t\t\t<\/div> \n\t\t\t\n\t\t\t\t<div id=\"ngg-image-17\" class=\"ngg-gallery-thumbnail-box \" >\n\t\t\t\t        <div class=\"ngg-gallery-thumbnail\">\n            <a href=\"https:\/\/old.atletikaolomouc.cz\/wp-content\/gallery\/3-kolo-kp-pripravek-2020\/IMG_2045.JPG\"\n               title=\"\"\n               data-src=\"https:\/\/old.atletikaolomouc.cz\/wp-content\/gallery\/3-kolo-kp-pripravek-2020\/IMG_2045.JPG\"\n               data-thumbnail=\"https:\/\/old.atletikaolomouc.cz\/wp-content\/gallery\/3-kolo-kp-pripravek-2020\/thumbs\/thumbs_IMG_2045.JPG\"\n               data-image-id=\"5259\"\n               data-title=\"IMG_2045\"\n               data-description=\"\"\n               data-image-slug=\"img_2045\"\n               class=\"ngg-simplelightbox\" rel=\"3286a3dcc2fea8d6142b67a9d40e0eb2\">\n                <img\n                    title=\"IMG_2045\"\n                    alt=\"IMG_2045\"\n                    src=\"https:\/\/old.atletikaolomouc.cz\/wp-content\/gallery\/3-kolo-kp-pripravek-2020\/thumbs\/thumbs_IMG_2045.JPG\"\n                    width=\"240\"\n                    height=\"160\"\n                    style=\"max-width:100%;\"\n                \/>\n            <\/a>\n        <\/div>\n\t\t\t\t\t\t\t<\/div> \n\t\t\t\n\t\t\t\t<div id=\"ngg-image-18\" class=\"ngg-gallery-thumbnail-box \" >\n\t\t\t\t        <div class=\"ngg-gallery-thumbnail\">\n            <a href=\"https:\/\/old.atletikaolomouc.cz\/wp-content\/gallery\/3-kolo-kp-pripravek-2020\/IMG_2017.JPG\"\n               title=\"\"\n               data-src=\"https:\/\/old.atletikaolomouc.cz\/wp-content\/gallery\/3-kolo-kp-pripravek-2020\/IMG_2017.JPG\"\n               data-thumbnail=\"https:\/\/old.atletikaolomouc.cz\/wp-content\/gallery\/3-kolo-kp-pripravek-2020\/thumbs\/thumbs_IMG_2017.JPG\"\n               data-image-id=\"5239\"\n               data-title=\"IMG_2017\"\n               data-description=\"\"\n               data-image-slug=\"img_2017\"\n               class=\"ngg-simplelightbox\" rel=\"3286a3dcc2fea8d6142b67a9d40e0eb2\">\n                <img\n                    title=\"IMG_2017\"\n                    alt=\"IMG_2017\"\n                    src=\"https:\/\/old.atletikaolomouc.cz\/wp-content\/gallery\/3-kolo-kp-pripravek-2020\/thumbs\/thumbs_IMG_2017.JPG\"\n                    width=\"240\"\n                    height=\"160\"\n                    style=\"max-width:100%;\"\n                \/>\n            <\/a>\n        <\/div>\n\t\t\t\t\t\t\t<\/div> \n\t\t\t\n\t\t\t\t<div id=\"ngg-image-19\" class=\"ngg-gallery-thumbnail-box \" >\n\t\t\t\t        <div class=\"ngg-gallery-thumbnail\">\n            <a href=\"https:\/\/old.atletikaolomouc.cz\/wp-content\/gallery\/3-kolo-kp-pripravek-2020\/IMG_2046.JPG\"\n               title=\"\"\n               data-src=\"https:\/\/old.atletikaolomouc.cz\/wp-content\/gallery\/3-kolo-kp-pripravek-2020\/IMG_2046.JPG\"\n               data-thumbnail=\"https:\/\/old.atletikaolomouc.cz\/wp-content\/gallery\/3-kolo-kp-pripravek-2020\/thumbs\/thumbs_IMG_2046.JPG\"\n               data-image-id=\"5260\"\n               data-title=\"IMG_2046\"\n               data-description=\"\"\n               data-image-slug=\"img_2046\"\n               class=\"ngg-simplelightbox\" rel=\"3286a3dcc2fea8d6142b67a9d40e0eb2\">\n                <img\n                    title=\"IMG_2046\"\n                    alt=\"IMG_2046\"\n                    src=\"https:\/\/old.atletikaolomouc.cz\/wp-content\/gallery\/3-kolo-kp-pripravek-2020\/thumbs\/thumbs_IMG_2046.JPG\"\n                    width=\"240\"\n                    height=\"160\"\n                    style=\"max-width:100%;\"\n                \/>\n            <\/a>\n        <\/div>\n\t\t\t\t\t\t\t<\/div> \n\t\t\t\n\t\t\t\t<div id=\"ngg-image-20\" class=\"ngg-gallery-thumbnail-box \" >\n\t\t\t\t        <div class=\"ngg-gallery-thumbnail\">\n            <a href=\"https:\/\/old.atletikaolomouc.cz\/wp-content\/gallery\/3-kolo-kp-pripravek-2020\/IMG_2016.JPG\"\n               title=\"\"\n               data-src=\"https:\/\/old.atletikaolomouc.cz\/wp-content\/gallery\/3-kolo-kp-pripravek-2020\/IMG_2016.JPG\"\n               data-thumbnail=\"https:\/\/old.atletikaolomouc.cz\/wp-content\/gallery\/3-kolo-kp-pripravek-2020\/thumbs\/thumbs_IMG_2016.JPG\"\n               data-image-id=\"5238\"\n               data-title=\"IMG_2016\"\n               data-description=\"\"\n               data-image-slug=\"img_2016\"\n               class=\"ngg-simplelightbox\" rel=\"3286a3dcc2fea8d6142b67a9d40e0eb2\">\n                <img\n                    title=\"IMG_2016\"\n                    alt=\"IMG_2016\"\n                    src=\"https:\/\/old.atletikaolomouc.cz\/wp-content\/gallery\/3-kolo-kp-pripravek-2020\/thumbs\/thumbs_IMG_2016.JPG\"\n                    width=\"240\"\n                    height=\"160\"\n                    style=\"max-width:100%;\"\n                \/>\n            <\/a>\n        <\/div>\n\t\t\t\t\t\t\t<\/div> \n\t\t\t\n\t\t\t\t<div id=\"ngg-image-21\" class=\"ngg-gallery-thumbnail-box \" >\n\t\t\t\t        <div class=\"ngg-gallery-thumbnail\">\n            <a href=\"https:\/\/old.atletikaolomouc.cz\/wp-content\/gallery\/3-kolo-kp-pripravek-2020\/IMG_2031.JPG\"\n               title=\"\"\n               data-src=\"https:\/\/old.atletikaolomouc.cz\/wp-content\/gallery\/3-kolo-kp-pripravek-2020\/IMG_2031.JPG\"\n               data-thumbnail=\"https:\/\/old.atletikaolomouc.cz\/wp-content\/gallery\/3-kolo-kp-pripravek-2020\/thumbs\/thumbs_IMG_2031.JPG\"\n               data-image-id=\"5247\"\n               data-title=\"IMG_2031\"\n               data-description=\"\"\n               data-image-slug=\"img_2031\"\n               class=\"ngg-simplelightbox\" rel=\"3286a3dcc2fea8d6142b67a9d40e0eb2\">\n                <img\n                    title=\"IMG_2031\"\n                    alt=\"IMG_2031\"\n                    src=\"https:\/\/old.atletikaolomouc.cz\/wp-content\/gallery\/3-kolo-kp-pripravek-2020\/thumbs\/thumbs_IMG_2031.JPG\"\n                    width=\"240\"\n                    height=\"160\"\n                    style=\"max-width:100%;\"\n                \/>\n            <\/a>\n        <\/div>\n\t\t\t\t\t\t\t<\/div> \n\t\t\t\n\t\t\t\t<div id=\"ngg-image-22\" class=\"ngg-gallery-thumbnail-box \" >\n\t\t\t\t        <div class=\"ngg-gallery-thumbnail\">\n            <a href=\"https:\/\/old.atletikaolomouc.cz\/wp-content\/gallery\/3-kolo-kp-pripravek-2020\/IMG_2055.JPG\"\n               title=\"\"\n               data-src=\"https:\/\/old.atletikaolomouc.cz\/wp-content\/gallery\/3-kolo-kp-pripravek-2020\/IMG_2055.JPG\"\n               data-thumbnail=\"https:\/\/old.atletikaolomouc.cz\/wp-content\/gallery\/3-kolo-kp-pripravek-2020\/thumbs\/thumbs_IMG_2055.JPG\"\n               data-image-id=\"5266\"\n               data-title=\"IMG_2055\"\n               data-description=\"\"\n               data-image-slug=\"img_2055\"\n               class=\"ngg-simplelightbox\" rel=\"3286a3dcc2fea8d6142b67a9d40e0eb2\">\n                <img\n                    title=\"IMG_2055\"\n                    alt=\"IMG_2055\"\n                    src=\"https:\/\/old.atletikaolomouc.cz\/wp-content\/gallery\/3-kolo-kp-pripravek-2020\/thumbs\/thumbs_IMG_2055.JPG\"\n                    width=\"240\"\n                    height=\"160\"\n                    style=\"max-width:100%;\"\n                \/>\n            <\/a>\n        <\/div>\n\t\t\t\t\t\t\t<\/div> \n\t\t\t\n\t\t\t\t<div id=\"ngg-image-23\" class=\"ngg-gallery-thumbnail-box \" >\n\t\t\t\t        <div class=\"ngg-gallery-thumbnail\">\n            <a href=\"https:\/\/old.atletikaolomouc.cz\/wp-content\/gallery\/3-kolo-kp-pripravek-2020\/IMG_2066.JPG\"\n               title=\"\"\n               data-src=\"https:\/\/old.atletikaolomouc.cz\/wp-content\/gallery\/3-kolo-kp-pripravek-2020\/IMG_2066.JPG\"\n               data-thumbnail=\"https:\/\/old.atletikaolomouc.cz\/wp-content\/gallery\/3-kolo-kp-pripravek-2020\/thumbs\/thumbs_IMG_2066.JPG\"\n               data-image-id=\"5275\"\n               data-title=\"IMG_2066\"\n               data-description=\"\"\n               data-image-slug=\"img_2066\"\n               class=\"ngg-simplelightbox\" rel=\"3286a3dcc2fea8d6142b67a9d40e0eb2\">\n                <img\n                    title=\"IMG_2066\"\n                    alt=\"IMG_2066\"\n                    src=\"https:\/\/old.atletikaolomouc.cz\/wp-content\/gallery\/3-kolo-kp-pripravek-2020\/thumbs\/thumbs_IMG_2066.JPG\"\n                    width=\"240\"\n                    height=\"160\"\n                    style=\"max-width:100%;\"\n                \/>\n            <\/a>\n        <\/div>\n\t\t\t\t\t\t\t<\/div> \n\t\t\t\n\t\n\t<br style=\"clear: both\" \/>\n\n\t\n\t\t<!-- Pagination -->\n\t<div class='ngg-navigation'><span class='current'>1<\/span>\n<a class='page-numbers' data-pageid='2' href='https:\/\/old.atletikaolomouc.cz\/index.php\/nggallery\/page\/2?p=17361'>2<\/a>\n<a class='prev' href='https:\/\/old.atletikaolomouc.cz\/index.php\/nggallery\/page\/2?p=17361' data-pageid=2>&#9658;<\/a><\/div>\t<\/div>\n\n","protected":false},"excerpt":{"rendered":"<p>Ve \u010dtvrtek 25. \u010dervna se v Z\u00e1b\u0159ehu konalo fin\u00e1lov\u00e9 kolo Krajsk\u00e9ho p\u0159eboru dru\u017estev p\u0159\u00edpravek. Ob\u011b olomouck\u00e1 dru\u017estva vybojovala v sout\u011b\u017ei celkov\u00e9 prvenstv\u00ed.<\/p>\n","protected":false},"author":14,"featured_media":0,"comment_status":"closed","ping_status":"closed","sticky":false,"template":"","format":"standard","meta":{"ngg_post_thumbnail":0},"categories":[6,63,19],"tags":[],"_links":{"self":[{"href":"https:\/\/old.atletikaolomouc.cz\/index.php?rest_route=\/wp\/v2\/posts\/17361"}],"collection":[{"href":"https:\/\/old.atletikaolomouc.cz\/index.php?rest_route=\/wp\/v2\/posts"}],"about":[{"href":"https:\/\/old.atletikaolomouc.cz\/index.php?rest_route=\/wp\/v2\/types\/post"}],"author":[{"embeddable":true,"href":"https:\/\/old.atletikaolomouc.cz\/index.php?rest_route=\/wp\/v2\/users\/14"}],"replies":[{"embeddable":true,"href":"https:\/\/old.atletikaolomouc.cz\/index.php?rest_route=%2Fwp%2Fv2%2Fcomments&post=17361"}],"version-history":[{"count":2,"href":"https:\/\/old.atletikaolomouc.cz\/index.php?rest_route=\/wp\/v2\/posts\/17361\/revisions"}],"predecessor-version":[{"id":17364,"href":"https:\/\/old.atletikaolomouc.cz\/index.php?rest_route=\/wp\/v2\/posts\/17361\/revisions\/17364"}],"wp:attachment":[{"href":"https:\/\/old.atletikaolomouc.cz\/index.php?rest_route=%2Fwp%2Fv2%2Fmedia&parent=17361"}],"wp:term":[{"taxonomy":"category","embeddable":true,"href":"https:\/\/old.atletikaolomouc.cz\/index.php?rest_route=%2Fwp%2Fv2%2Fcategories&post=17361"},{"taxonomy":"post_tag","embeddable":true,"href":"https:\/\/old.atletikaolomouc.cz\/index.php?rest_route=%2Fwp%2Fv2%2Ftags&post=17361"}],"curies":[{"name":"wp","href":"https:\/\/api.w.org\/{rel}","templated":true}]}}