{"id":17411,"date":"2020-06-30T09:14:50","date_gmt":"2020-06-30T07:14:50","guid":{"rendered":"http:\/\/www.atletikaolomouc.cz\/?p=17411"},"modified":"2020-06-30T09:28:15","modified_gmt":"2020-06-30T07:28:15","slug":"olomoucti-atleti-na-velke-cene-2020","status":"publish","type":"post","link":"https:\/\/old.atletikaolomouc.cz\/?p=17411","title":{"rendered":"Olomou\u010dt\u00ed atleti na Velk\u00e9 Cen\u011b 2020"},"content":{"rendered":"\n<p>Tak\u00e9&nbsp;olomouck\u00fdm z\u00e1vodn\u00edk\u016fm se na dom\u00e1c\u00edm stadionu v&nbsp;siln\u00e9 konkurenci \u010desk\u00e9 atletick\u00e9 \u0161pi\u010dky da\u0159ilo.<!--more--> V&nbsp;b\u011bhu na 400 m dos\u00e1hl Patrik D\u00f6m\u00f6t\u00f6r&nbsp; v&nbsp;\u010dase 48.56 s&nbsp;na st\u0159\u00edbrnou p\u0159\u00ed\u010dku. Kl\u00e1ra Machkov\u00e1 z\u00edskala bronz v&nbsp;b\u011bhu na 800 m v&nbsp;nov\u00e9m osobn\u00edm rekordu 2:18,00 min. V&nbsp;b\u011bz\u00edch na 1500 m dob\u011bhla Hana Sk\u00e1celov\u00e1 na druh\u00e9m m\u00edst\u011b v&nbsp;nov\u00e9m osob\u00e1ku &nbsp;5:03,50 min a Michal Hroch dob\u011bhl \u010dtvrt\u00fd tak\u00e9 v nov\u00e9m osobn\u00edm rekordu 4:01,92 min.<\/p>\n<div id=\"attachment_17420\" style=\"width: 3518px\" class=\"wp-caption alignleft\"><a href=\"http:\/\/www.atletikaolomouc.cz\/wp-content\/uploads\/2020\/06\/JAR01079.jpg\"><img aria-describedby=\"caption-attachment-17420\" decoding=\"async\" loading=\"lazy\" class=\"size-full wp-image-17420\" src=\"http:\/\/www.atletikaolomouc.cz\/wp-content\/uploads\/2020\/06\/JAR01079.jpg\" alt=\"\" width=\"3508\" height=\"2481\" srcset=\"https:\/\/old.atletikaolomouc.cz\/wp-content\/uploads\/2020\/06\/JAR01079.jpg 3508w, https:\/\/old.atletikaolomouc.cz\/wp-content\/uploads\/2020\/06\/JAR01079-300x212.jpg 300w, https:\/\/old.atletikaolomouc.cz\/wp-content\/uploads\/2020\/06\/JAR01079-768x543.jpg 768w, https:\/\/old.atletikaolomouc.cz\/wp-content\/uploads\/2020\/06\/JAR01079-800x566.jpg 800w\" sizes=\"(max-width: 3508px) 100vw, 3508px\" \/><\/a><p id=\"caption-attachment-17420\" class=\"wp-caption-text\">Michal Hroch<\/p><\/div>\n<p>V Memori\u00e1lu Pavla \u010cech\u00e1ka na 110 m p\u0159. skon\u010dil na druh\u00e9m m\u00edst\u011b Martin Pokorn\u00fd v&nbsp;\u010dase 15.77 s. Dorostenec Vojt\u011bch Hor\u00e1k zv\u00edt\u011bzil ve fin\u00e1le \u201eB\u201c b\u011bhu na 100 m v&nbsp;\u010dase 11,39&nbsp;s (v rozb\u011bhu 11.38 s).<\/p>\n<div id=\"attachment_17416\" style=\"width: 3382px\" class=\"wp-caption alignleft\"><a href=\"http:\/\/www.atletikaolomouc.cz\/wp-content\/uploads\/2020\/06\/JAR1342.jpg\"><img aria-describedby=\"caption-attachment-17416\" decoding=\"async\" loading=\"lazy\" class=\"size-full wp-image-17416\" src=\"http:\/\/www.atletikaolomouc.cz\/wp-content\/uploads\/2020\/06\/JAR1342.jpg\" alt=\"\" width=\"3372\" height=\"2384\" srcset=\"https:\/\/old.atletikaolomouc.cz\/wp-content\/uploads\/2020\/06\/JAR1342.jpg 3372w, https:\/\/old.atletikaolomouc.cz\/wp-content\/uploads\/2020\/06\/JAR1342-300x212.jpg 300w, https:\/\/old.atletikaolomouc.cz\/wp-content\/uploads\/2020\/06\/JAR1342-768x543.jpg 768w, https:\/\/old.atletikaolomouc.cz\/wp-content\/uploads\/2020\/06\/JAR1342-800x566.jpg 800w\" sizes=\"(max-width: 3372px) 100vw, 3372px\" \/><\/a><p id=\"caption-attachment-17416\" class=\"wp-caption-text\">Fin\u00e1le &#8222;B&#8220; v b\u011bhu na 100 m<\/p><\/div>\n<p>Sprinterky Eva Kub\u00ed\u010dkov\u00e1 (12.26 s) a Lucie Mi\u010dunkov\u00e1 (12.36 s) se probojovaly v&nbsp;b\u011bhu na 100 m a\u017e do fin\u00e1le \u201eA\u201c, ale na silnou \u017eenskou konkurenci nesta\u010dily a skon\u010dily t\u011bsn\u011b pod stupni v\u00edt\u011bz\u016f. Eva si nicm\u00e9n\u011b zab\u011bhla je\u0161t\u011b osobn\u00ed rekord v dorosteneck\u00e9m b\u011bhu na 100&nbsp;m p\u0159. 14.17 s&nbsp;a Lucie se um\u00edstila t\u0159et\u00ed ve skoku dalek\u00e9m za 5.49 m.<\/p>\n<div id=\"attachment_17421\" style=\"width: 2157px\" class=\"wp-caption alignleft\"><a href=\"http:\/\/www.atletikaolomouc.cz\/wp-content\/uploads\/2020\/06\/JAR09851.jpg\"><img aria-describedby=\"caption-attachment-17421\" decoding=\"async\" loading=\"lazy\" class=\"size-full wp-image-17421\" src=\"http:\/\/www.atletikaolomouc.cz\/wp-content\/uploads\/2020\/06\/JAR09851.jpg\" alt=\"\" width=\"2147\" height=\"1518\" srcset=\"https:\/\/old.atletikaolomouc.cz\/wp-content\/uploads\/2020\/06\/JAR09851.jpg 2147w, https:\/\/old.atletikaolomouc.cz\/wp-content\/uploads\/2020\/06\/JAR09851-300x212.jpg 300w, https:\/\/old.atletikaolomouc.cz\/wp-content\/uploads\/2020\/06\/JAR09851-768x543.jpg 768w, https:\/\/old.atletikaolomouc.cz\/wp-content\/uploads\/2020\/06\/JAR09851-800x566.jpg 800w\" sizes=\"(max-width: 2147px) 100vw, 2147px\" \/><\/a><p id=\"caption-attachment-17421\" class=\"wp-caption-text\">Eva Kub\u00ed\u010dkov\u00e1<\/p><\/div>\n<p>Ve skoku dalek\u00e9m mu\u017e\u016f sice \u0160t\u011bp\u00e1n Smutn\u00fd nedos\u00e1hl na medailov\u00e9 um\u00edst\u011bn\u00ed, ale zlep\u0161il si sv\u00e9 leto\u0161n\u00ed maximum na 6.77 m. Ve skoku o ty\u010di zv\u00edt\u011bzil Ji\u0159\u00ed Novotn\u00fd nov\u00fdm venkovn\u00edm osob\u00e1kem 420 cm &nbsp;p\u0159ed dal\u0161\u00edm olomouck\u00fdm z\u00e1vodn\u00edkem Luk\u00e1\u0161em Do\u010dkalem, kter\u00fd sko\u010dil 410 cm. Ve v\u00fd\u0161ka\u0159sk\u00e9m sektoru se mezi mu\u017ei nejl\u00e9pe um\u00edstil p\u00e1t\u00fd Ond\u0159ej Tesa\u0159 v\u00fdkonem 194 cm a mezi \u017eenami v&nbsp;nov\u00e9m sez\u00f3nn\u00edm maximu 161 cm tak\u00e9 p\u00e1t\u00e1 Alena Levkov\u00e1.<\/p>\n<div id=\"attachment_17417\" style=\"width: 3066px\" class=\"wp-caption alignleft\"><a href=\"http:\/\/www.atletikaolomouc.cz\/wp-content\/uploads\/2020\/06\/JAR00058.jpg\"><img aria-describedby=\"caption-attachment-17417\" decoding=\"async\" loading=\"lazy\" class=\"size-full wp-image-17417\" src=\"http:\/\/www.atletikaolomouc.cz\/wp-content\/uploads\/2020\/06\/JAR00058.jpg\" alt=\"\" width=\"3056\" height=\"2161\" srcset=\"https:\/\/old.atletikaolomouc.cz\/wp-content\/uploads\/2020\/06\/JAR00058.jpg 3056w, https:\/\/old.atletikaolomouc.cz\/wp-content\/uploads\/2020\/06\/JAR00058-300x212.jpg 300w, https:\/\/old.atletikaolomouc.cz\/wp-content\/uploads\/2020\/06\/JAR00058-768x543.jpg 768w, https:\/\/old.atletikaolomouc.cz\/wp-content\/uploads\/2020\/06\/JAR00058-800x566.jpg 800w\" sizes=\"(max-width: 3056px) 100vw, 3056px\" \/><\/a><p id=\"caption-attachment-17417\" class=\"wp-caption-text\">Jakub H\u00e9\u017ea<\/p><\/div>\n<p>Ve vrhu koul\u00ed skon\u010dil Jakub H\u00e9\u017ea v&nbsp;siln\u00e9 mu\u017esk\u00e9 konkurenci \u010dtvrt\u00fd za v\u00fdkon 16.63 m a Martina Mazurov\u00e1 op\u011bt zlep\u0161ila sv\u016fj vlastn\u00ed odd\u00edlov\u00fd rekord ve vrhu koul\u00ed star\u0161\u00edch \u017e\u00e1ky\u0148 na 15.20 m. V&nbsp;hodu diskem pak Jakub H\u00e9\u017ea p\u0159idal je\u0161t\u011b st\u0159\u00edbro za 45,67 m a mezi dorostenci vybojoval tak\u00e9 st\u0159\u00edbrnou p\u0159\u00ed\u010dku Daniel Matu\u0161\u00edk v\u00fdkonem 44.56 m.<\/p>\n<p><a href=\"https:\/\/online.atletika.cz\/vysledky\/44519\/\" target=\"_blank\" rel=\"noopener\">Kompletn\u00ed v\u00fdsledky<\/a><\/p>\n","protected":false},"excerpt":{"rendered":"<p>Tak\u00e9&nbsp;olomouck\u00fdm z\u00e1vodn\u00edk\u016fm se na dom\u00e1c\u00edm stadionu v&nbsp;siln\u00e9 konkurenci \u010desk\u00e9 atletick\u00e9 \u0161pi\u010dky da\u0159ilo.<\/p>\n","protected":false},"author":14,"featured_media":17424,"comment_status":"closed","ping_status":"closed","sticky":false,"template":"","format":"standard","meta":{"ngg_post_thumbnail":0},"categories":[5,6,37],"tags":[],"_links":{"self":[{"href":"https:\/\/old.atletikaolomouc.cz\/index.php?rest_route=\/wp\/v2\/posts\/17411"}],"collection":[{"href":"https:\/\/old.atletikaolomouc.cz\/index.php?rest_route=\/wp\/v2\/posts"}],"about":[{"href":"https:\/\/old.atletikaolomouc.cz\/index.php?rest_route=\/wp\/v2\/types\/post"}],"author":[{"embeddable":true,"href":"https:\/\/old.atletikaolomouc.cz\/index.php?rest_route=\/wp\/v2\/users\/14"}],"replies":[{"embeddable":true,"href":"https:\/\/old.atletikaolomouc.cz\/index.php?rest_route=%2Fwp%2Fv2%2Fcomments&post=17411"}],"version-history":[{"count":5,"href":"https:\/\/old.atletikaolomouc.cz\/index.php?rest_route=\/wp\/v2\/posts\/17411\/revisions"}],"predecessor-version":[{"id":17426,"href":"https:\/\/old.atletikaolomouc.cz\/index.php?rest_route=\/wp\/v2\/posts\/17411\/revisions\/17426"}],"wp:featuredmedia":[{"embeddable":true,"href":"https:\/\/old.atletikaolomouc.cz\/index.php?rest_route=\/wp\/v2\/media\/17424"}],"wp:attachment":[{"href":"https:\/\/old.atletikaolomouc.cz\/index.php?rest_route=%2Fwp%2Fv2%2Fmedia&parent=17411"}],"wp:term":[{"taxonomy":"category","embeddable":true,"href":"https:\/\/old.atletikaolomouc.cz\/index.php?rest_route=%2Fwp%2Fv2%2Fcategories&post=17411"},{"taxonomy":"post_tag","embeddable":true,"href":"https:\/\/old.atletikaolomouc.cz\/index.php?rest_route=%2Fwp%2Fv2%2Ftags&post=17411"}],"curies":[{"name":"wp","href":"https:\/\/api.w.org\/{rel}","templated":true}]}}