{"id":17453,"date":"2020-07-02T16:27:05","date_gmt":"2020-07-02T14:27:05","guid":{"rendered":"http:\/\/www.atletikaolomouc.cz\/?p=17453"},"modified":"2020-07-02T16:27:53","modified_gmt":"2020-07-02T14:27:53","slug":"3-kolo-druzstev-mladsiho-zactva-2","status":"publish","type":"post","link":"https:\/\/old.atletikaolomouc.cz\/?p=17453","title":{"rendered":"3. kolo dru\u017estev mlad\u0161\u00edho \u017eactva"},"content":{"rendered":"\n<p>V \u00fater\u00fd 30. \u010dervna se v \u0160umperku konalo 3. kolo sout\u011b\u017ee dru\u017estev mlad\u0161\u00edch \u017e\u00e1k\u016f a \u017e\u00e1ky\u0148.<!--more--><\/p>\n<p>Oba olomouck\u00e9 t\u00fdmy uh\u00e1jily sv\u00e9 celkov\u00e9 prvenstv\u00ed a 4. \u0159\u00edjna je v Blansku \u010dek\u00e1 Mistrovstv\u00ed Moravy a Slezska dru\u017estev mlad\u0161\u00edho \u017eactva.<\/p>\n<p><a href=\"https:\/\/online.atletika.cz\/vysledky\/44711\" target=\"_blank\" rel=\"noopener\">Kompletn\u00ed v\u00fdsledky<\/a><\/p>\n<p><a href=\"http:\/\/www.atletikaolomouc.cz\/wp-content\/uploads\/2020\/07\/Zpravodaj-mlad\u0161\u00edch-\u017e\u00e1k\u016f-2020-po-3.-kole.docx\" target=\"_blank\" rel=\"noopener\">Zpravodaj mlad\u0161\u00edch \u017e\u00e1k\u016f<\/a><br><a href=\"http:\/\/www.atletikaolomouc.cz\/wp-content\/uploads\/2020\/07\/Zpravodaj-mlad\u0161\u00edch-\u017e\u00e1ky\u0148-2020-po-3.-kole.pdf\" target=\"_blank\" rel=\"noopener\">Zpravodaj mlad\u0161\u00edch \u017e\u00e1ky\u0148<\/a><\/p>\n","protected":false},"excerpt":{"rendered":"<p>V \u00fater\u00fd 30. \u010dervna se v \u0160umperku konalo 3. kolo sout\u011b\u017ee dru\u017estev mlad\u0161\u00edch \u017e\u00e1k\u016f a \u017e\u00e1ky\u0148.<\/p>\n","protected":false},"author":14,"featured_media":0,"comment_status":"closed","ping_status":"closed","sticky":false,"template":"","format":"standard","meta":{"ngg_post_thumbnail":0},"categories":[5,6],"tags":[],"_links":{"self":[{"href":"https:\/\/old.atletikaolomouc.cz\/index.php?rest_route=\/wp\/v2\/posts\/17453"}],"collection":[{"href":"https:\/\/old.atletikaolomouc.cz\/index.php?rest_route=\/wp\/v2\/posts"}],"about":[{"href":"https:\/\/old.atletikaolomouc.cz\/index.php?rest_route=\/wp\/v2\/types\/post"}],"author":[{"embeddable":true,"href":"https:\/\/old.atletikaolomouc.cz\/index.php?rest_route=\/wp\/v2\/users\/14"}],"replies":[{"embeddable":true,"href":"https:\/\/old.atletikaolomouc.cz\/index.php?rest_route=%2Fwp%2Fv2%2Fcomments&post=17453"}],"version-history":[{"count":2,"href":"https:\/\/old.atletikaolomouc.cz\/index.php?rest_route=\/wp\/v2\/posts\/17453\/revisions"}],"predecessor-version":[{"id":17457,"href":"https:\/\/old.atletikaolomouc.cz\/index.php?rest_route=\/wp\/v2\/posts\/17453\/revisions\/17457"}],"wp:attachment":[{"href":"https:\/\/old.atletikaolomouc.cz\/index.php?rest_route=%2Fwp%2Fv2%2Fmedia&parent=17453"}],"wp:term":[{"taxonomy":"category","embeddable":true,"href":"https:\/\/old.atletikaolomouc.cz\/index.php?rest_route=%2Fwp%2Fv2%2Fcategories&post=17453"},{"taxonomy":"post_tag","embeddable":true,"href":"https:\/\/old.atletikaolomouc.cz\/index.php?rest_route=%2Fwp%2Fv2%2Ftags&post=17453"}],"curies":[{"name":"wp","href":"https:\/\/api.w.org\/{rel}","templated":true}]}}