{"id":17649,"date":"2020-07-03T18:32:59","date_gmt":"2020-07-03T16:32:59","guid":{"rendered":"http:\/\/www.atletikaolomouc.cz\/?p=17649"},"modified":"2020-07-03T18:33:03","modified_gmt":"2020-07-03T16:33:03","slug":"2-kolo-detske-zlate-ligy-foto-2","status":"publish","type":"post","link":"https:\/\/old.atletikaolomouc.cz\/?p=17649","title":{"rendered":"2. kolo D\u011btsk\u00e9 Zlat\u00e9 ligy &#8211; foto"},"content":{"rendered":"\n<p><img decoding=\"async\" loading=\"lazy\" class=\"alignleft size-thumbnail wp-image-17650\" src=\"http:\/\/www.atletikaolomouc.cz\/wp-content\/uploads\/2020\/07\/img2830-150x150.jpg\" alt=\"\" width=\"150\" height=\"150\">V p\u00e1tek 3.7.2020 prob\u011bhlo 2. kolo D\u011btsk\u00e9 Zlat\u00e9 ligy 2020.<\/p>\n<p>&nbsp;<\/p>\n<p><!--more--><\/p>\n<!-- default-view.php -->\n<div\n\tclass=\"ngg-galleryoverview default-view \"\n\tid=\"ngg-gallery-33121f739128a5072dff9946c83e6c2f-1\">\n\n\t\t<!-- Thumbnails -->\n\t\t\t\t<div id=\"ngg-image-0\" class=\"ngg-gallery-thumbnail-box \" >\n\t\t\t\t        <div class=\"ngg-gallery-thumbnail\">\n            <a href=\"https:\/\/old.atletikaolomouc.cz\/wp-content\/gallery\/2-kolo-detske-zlate-ligy-2020\/img2799.jpg\"\n               title=\"\"\n               data-src=\"https:\/\/old.atletikaolomouc.cz\/wp-content\/gallery\/2-kolo-detske-zlate-ligy-2020\/img2799.jpg\"\n               data-thumbnail=\"https:\/\/old.atletikaolomouc.cz\/wp-content\/gallery\/2-kolo-detske-zlate-ligy-2020\/thumbs\/thumbs_img2799.jpg\"\n               data-image-id=\"5286\"\n               data-title=\"img2799\"\n               data-description=\"\"\n               data-image-slug=\"img2799\"\n               class=\"ngg-simplelightbox\" rel=\"33121f739128a5072dff9946c83e6c2f\">\n                <img\n                    title=\"img2799\"\n                    alt=\"img2799\"\n                    src=\"https:\/\/old.atletikaolomouc.cz\/wp-content\/gallery\/2-kolo-detske-zlate-ligy-2020\/thumbs\/thumbs_img2799.jpg\"\n                    width=\"240\"\n                    height=\"160\"\n                    style=\"max-width:100%;\"\n                \/>\n            <\/a>\n        <\/div>\n\t\t\t\t\t\t\t<\/div> \n\t\t\t\n\t\t\t\t<div id=\"ngg-image-1\" class=\"ngg-gallery-thumbnail-box \" >\n\t\t\t\t        <div class=\"ngg-gallery-thumbnail\">\n            <a href=\"https:\/\/old.atletikaolomouc.cz\/wp-content\/gallery\/2-kolo-detske-zlate-ligy-2020\/img2800.jpg\"\n               title=\"\"\n               data-src=\"https:\/\/old.atletikaolomouc.cz\/wp-content\/gallery\/2-kolo-detske-zlate-ligy-2020\/img2800.jpg\"\n               data-thumbnail=\"https:\/\/old.atletikaolomouc.cz\/wp-content\/gallery\/2-kolo-detske-zlate-ligy-2020\/thumbs\/thumbs_img2800.jpg\"\n               data-image-id=\"5287\"\n               data-title=\"img2800\"\n               data-description=\"\"\n               data-image-slug=\"img2800\"\n               class=\"ngg-simplelightbox\" rel=\"33121f739128a5072dff9946c83e6c2f\">\n                <img\n                    title=\"img2800\"\n                    alt=\"img2800\"\n                    src=\"https:\/\/old.atletikaolomouc.cz\/wp-content\/gallery\/2-kolo-detske-zlate-ligy-2020\/thumbs\/thumbs_img2800.jpg\"\n                    width=\"240\"\n                    height=\"160\"\n                    style=\"max-width:100%;\"\n                \/>\n            <\/a>\n        <\/div>\n\t\t\t\t\t\t\t<\/div> \n\t\t\t\n\t\t\t\t<div id=\"ngg-image-2\" class=\"ngg-gallery-thumbnail-box \" >\n\t\t\t\t        <div class=\"ngg-gallery-thumbnail\">\n            <a href=\"https:\/\/old.atletikaolomouc.cz\/wp-content\/gallery\/2-kolo-detske-zlate-ligy-2020\/img2801.jpg\"\n               title=\"\"\n               data-src=\"https:\/\/old.atletikaolomouc.cz\/wp-content\/gallery\/2-kolo-detske-zlate-ligy-2020\/img2801.jpg\"\n               data-thumbnail=\"https:\/\/old.atletikaolomouc.cz\/wp-content\/gallery\/2-kolo-detske-zlate-ligy-2020\/thumbs\/thumbs_img2801.jpg\"\n               data-image-id=\"5288\"\n               data-title=\"img2801\"\n               data-description=\"\"\n               data-image-slug=\"img2801\"\n               class=\"ngg-simplelightbox\" rel=\"33121f739128a5072dff9946c83e6c2f\">\n                <img\n                    title=\"img2801\"\n                    alt=\"img2801\"\n                    src=\"https:\/\/old.atletikaolomouc.cz\/wp-content\/gallery\/2-kolo-detske-zlate-ligy-2020\/thumbs\/thumbs_img2801.jpg\"\n                    width=\"240\"\n                    height=\"160\"\n                    style=\"max-width:100%;\"\n                \/>\n            <\/a>\n        <\/div>\n\t\t\t\t\t\t\t<\/div> \n\t\t\t\n\t\t\t\t<div id=\"ngg-image-3\" class=\"ngg-gallery-thumbnail-box \" >\n\t\t\t\t        <div class=\"ngg-gallery-thumbnail\">\n            <a href=\"https:\/\/old.atletikaolomouc.cz\/wp-content\/gallery\/2-kolo-detske-zlate-ligy-2020\/img2802.jpg\"\n               title=\"\"\n               data-src=\"https:\/\/old.atletikaolomouc.cz\/wp-content\/gallery\/2-kolo-detske-zlate-ligy-2020\/img2802.jpg\"\n               data-thumbnail=\"https:\/\/old.atletikaolomouc.cz\/wp-content\/gallery\/2-kolo-detske-zlate-ligy-2020\/thumbs\/thumbs_img2802.jpg\"\n               data-image-id=\"5289\"\n               data-title=\"img2802\"\n               data-description=\"\"\n               data-image-slug=\"img2802\"\n               class=\"ngg-simplelightbox\" rel=\"33121f739128a5072dff9946c83e6c2f\">\n                <img\n                    title=\"img2802\"\n                    alt=\"img2802\"\n                    src=\"https:\/\/old.atletikaolomouc.cz\/wp-content\/gallery\/2-kolo-detske-zlate-ligy-2020\/thumbs\/thumbs_img2802.jpg\"\n                    width=\"240\"\n                    height=\"160\"\n                    style=\"max-width:100%;\"\n                \/>\n            <\/a>\n        <\/div>\n\t\t\t\t\t\t\t<\/div> \n\t\t\t\n\t\t\t\t<div id=\"ngg-image-4\" class=\"ngg-gallery-thumbnail-box \" >\n\t\t\t\t        <div class=\"ngg-gallery-thumbnail\">\n            <a href=\"https:\/\/old.atletikaolomouc.cz\/wp-content\/gallery\/2-kolo-detske-zlate-ligy-2020\/img2803.jpg\"\n               title=\"\"\n               data-src=\"https:\/\/old.atletikaolomouc.cz\/wp-content\/gallery\/2-kolo-detske-zlate-ligy-2020\/img2803.jpg\"\n               data-thumbnail=\"https:\/\/old.atletikaolomouc.cz\/wp-content\/gallery\/2-kolo-detske-zlate-ligy-2020\/thumbs\/thumbs_img2803.jpg\"\n               data-image-id=\"5290\"\n               data-title=\"img2803\"\n               data-description=\"\"\n               data-image-slug=\"img2803\"\n               class=\"ngg-simplelightbox\" rel=\"33121f739128a5072dff9946c83e6c2f\">\n                <img\n                    title=\"img2803\"\n                    alt=\"img2803\"\n                    src=\"https:\/\/old.atletikaolomouc.cz\/wp-content\/gallery\/2-kolo-detske-zlate-ligy-2020\/thumbs\/thumbs_img2803.jpg\"\n                    width=\"240\"\n                    height=\"160\"\n                    style=\"max-width:100%;\"\n                \/>\n            <\/a>\n        <\/div>\n\t\t\t\t\t\t\t<\/div> \n\t\t\t\n\t\t\t\t<div id=\"ngg-image-5\" class=\"ngg-gallery-thumbnail-box \" >\n\t\t\t\t        <div class=\"ngg-gallery-thumbnail\">\n            <a href=\"https:\/\/old.atletikaolomouc.cz\/wp-content\/gallery\/2-kolo-detske-zlate-ligy-2020\/img2805.jpg\"\n               title=\"\"\n               data-src=\"https:\/\/old.atletikaolomouc.cz\/wp-content\/gallery\/2-kolo-detske-zlate-ligy-2020\/img2805.jpg\"\n               data-thumbnail=\"https:\/\/old.atletikaolomouc.cz\/wp-content\/gallery\/2-kolo-detske-zlate-ligy-2020\/thumbs\/thumbs_img2805.jpg\"\n               data-image-id=\"5291\"\n               data-title=\"img2805\"\n               data-description=\"\"\n               data-image-slug=\"img2805\"\n               class=\"ngg-simplelightbox\" rel=\"33121f739128a5072dff9946c83e6c2f\">\n                <img\n                    title=\"img2805\"\n                    alt=\"img2805\"\n                    src=\"https:\/\/old.atletikaolomouc.cz\/wp-content\/gallery\/2-kolo-detske-zlate-ligy-2020\/thumbs\/thumbs_img2805.jpg\"\n                    width=\"240\"\n                    height=\"160\"\n                    style=\"max-width:100%;\"\n                \/>\n            <\/a>\n        <\/div>\n\t\t\t\t\t\t\t<\/div> \n\t\t\t\n\t\t\t\t<div id=\"ngg-image-6\" class=\"ngg-gallery-thumbnail-box \" >\n\t\t\t\t        <div class=\"ngg-gallery-thumbnail\">\n            <a href=\"https:\/\/old.atletikaolomouc.cz\/wp-content\/gallery\/2-kolo-detske-zlate-ligy-2020\/img2807.jpg\"\n               title=\"\"\n               data-src=\"https:\/\/old.atletikaolomouc.cz\/wp-content\/gallery\/2-kolo-detske-zlate-ligy-2020\/img2807.jpg\"\n               data-thumbnail=\"https:\/\/old.atletikaolomouc.cz\/wp-content\/gallery\/2-kolo-detske-zlate-ligy-2020\/thumbs\/thumbs_img2807.jpg\"\n               data-image-id=\"5292\"\n               data-title=\"img2807\"\n               data-description=\"\"\n               data-image-slug=\"img2807\"\n               class=\"ngg-simplelightbox\" rel=\"33121f739128a5072dff9946c83e6c2f\">\n                <img\n                    title=\"img2807\"\n                    alt=\"img2807\"\n                    src=\"https:\/\/old.atletikaolomouc.cz\/wp-content\/gallery\/2-kolo-detske-zlate-ligy-2020\/thumbs\/thumbs_img2807.jpg\"\n                    width=\"240\"\n                    height=\"160\"\n                    style=\"max-width:100%;\"\n                \/>\n            <\/a>\n        <\/div>\n\t\t\t\t\t\t\t<\/div> \n\t\t\t\n\t\t\t\t<div id=\"ngg-image-7\" class=\"ngg-gallery-thumbnail-box \" >\n\t\t\t\t        <div class=\"ngg-gallery-thumbnail\">\n            <a href=\"https:\/\/old.atletikaolomouc.cz\/wp-content\/gallery\/2-kolo-detske-zlate-ligy-2020\/img2810.jpg\"\n               title=\"\"\n               data-src=\"https:\/\/old.atletikaolomouc.cz\/wp-content\/gallery\/2-kolo-detske-zlate-ligy-2020\/img2810.jpg\"\n               data-thumbnail=\"https:\/\/old.atletikaolomouc.cz\/wp-content\/gallery\/2-kolo-detske-zlate-ligy-2020\/thumbs\/thumbs_img2810.jpg\"\n               data-image-id=\"5293\"\n               data-title=\"img2810\"\n               data-description=\"\"\n               data-image-slug=\"img2810\"\n               class=\"ngg-simplelightbox\" rel=\"33121f739128a5072dff9946c83e6c2f\">\n                <img\n                    title=\"img2810\"\n                    alt=\"img2810\"\n                    src=\"https:\/\/old.atletikaolomouc.cz\/wp-content\/gallery\/2-kolo-detske-zlate-ligy-2020\/thumbs\/thumbs_img2810.jpg\"\n                    width=\"240\"\n                    height=\"160\"\n                    style=\"max-width:100%;\"\n                \/>\n            <\/a>\n        <\/div>\n\t\t\t\t\t\t\t<\/div> \n\t\t\t\n\t\t\t\t<div id=\"ngg-image-8\" class=\"ngg-gallery-thumbnail-box \" >\n\t\t\t\t        <div class=\"ngg-gallery-thumbnail\">\n            <a href=\"https:\/\/old.atletikaolomouc.cz\/wp-content\/gallery\/2-kolo-detske-zlate-ligy-2020\/img2812.jpg\"\n               title=\"\"\n               data-src=\"https:\/\/old.atletikaolomouc.cz\/wp-content\/gallery\/2-kolo-detske-zlate-ligy-2020\/img2812.jpg\"\n               data-thumbnail=\"https:\/\/old.atletikaolomouc.cz\/wp-content\/gallery\/2-kolo-detske-zlate-ligy-2020\/thumbs\/thumbs_img2812.jpg\"\n               data-image-id=\"5294\"\n               data-title=\"img2812\"\n               data-description=\"\"\n               data-image-slug=\"img2812\"\n               class=\"ngg-simplelightbox\" rel=\"33121f739128a5072dff9946c83e6c2f\">\n                <img\n                    title=\"img2812\"\n                    alt=\"img2812\"\n                    src=\"https:\/\/old.atletikaolomouc.cz\/wp-content\/gallery\/2-kolo-detske-zlate-ligy-2020\/thumbs\/thumbs_img2812.jpg\"\n                    width=\"240\"\n                    height=\"160\"\n                    style=\"max-width:100%;\"\n                \/>\n            <\/a>\n        <\/div>\n\t\t\t\t\t\t\t<\/div> \n\t\t\t\n\t\t\t\t<div id=\"ngg-image-9\" class=\"ngg-gallery-thumbnail-box \" >\n\t\t\t\t        <div class=\"ngg-gallery-thumbnail\">\n            <a href=\"https:\/\/old.atletikaolomouc.cz\/wp-content\/gallery\/2-kolo-detske-zlate-ligy-2020\/img2814.jpg\"\n               title=\"\"\n               data-src=\"https:\/\/old.atletikaolomouc.cz\/wp-content\/gallery\/2-kolo-detske-zlate-ligy-2020\/img2814.jpg\"\n               data-thumbnail=\"https:\/\/old.atletikaolomouc.cz\/wp-content\/gallery\/2-kolo-detske-zlate-ligy-2020\/thumbs\/thumbs_img2814.jpg\"\n               data-image-id=\"5295\"\n               data-title=\"img2814\"\n               data-description=\"\"\n               data-image-slug=\"img2814\"\n               class=\"ngg-simplelightbox\" rel=\"33121f739128a5072dff9946c83e6c2f\">\n                <img\n                    title=\"img2814\"\n                    alt=\"img2814\"\n                    src=\"https:\/\/old.atletikaolomouc.cz\/wp-content\/gallery\/2-kolo-detske-zlate-ligy-2020\/thumbs\/thumbs_img2814.jpg\"\n                    width=\"240\"\n                    height=\"160\"\n                    style=\"max-width:100%;\"\n                \/>\n            <\/a>\n        <\/div>\n\t\t\t\t\t\t\t<\/div> \n\t\t\t\n\t\t\t\t<div id=\"ngg-image-10\" class=\"ngg-gallery-thumbnail-box \" >\n\t\t\t\t        <div class=\"ngg-gallery-thumbnail\">\n            <a href=\"https:\/\/old.atletikaolomouc.cz\/wp-content\/gallery\/2-kolo-detske-zlate-ligy-2020\/img2815.jpg\"\n               title=\"\"\n               data-src=\"https:\/\/old.atletikaolomouc.cz\/wp-content\/gallery\/2-kolo-detske-zlate-ligy-2020\/img2815.jpg\"\n               data-thumbnail=\"https:\/\/old.atletikaolomouc.cz\/wp-content\/gallery\/2-kolo-detske-zlate-ligy-2020\/thumbs\/thumbs_img2815.jpg\"\n               data-image-id=\"5296\"\n               data-title=\"img2815\"\n               data-description=\"\"\n               data-image-slug=\"img2815\"\n               class=\"ngg-simplelightbox\" rel=\"33121f739128a5072dff9946c83e6c2f\">\n                <img\n                    title=\"img2815\"\n                    alt=\"img2815\"\n                    src=\"https:\/\/old.atletikaolomouc.cz\/wp-content\/gallery\/2-kolo-detske-zlate-ligy-2020\/thumbs\/thumbs_img2815.jpg\"\n                    width=\"240\"\n                    height=\"160\"\n                    style=\"max-width:100%;\"\n                \/>\n            <\/a>\n        <\/div>\n\t\t\t\t\t\t\t<\/div> \n\t\t\t\n\t\t\t\t<div id=\"ngg-image-11\" class=\"ngg-gallery-thumbnail-box \" >\n\t\t\t\t        <div class=\"ngg-gallery-thumbnail\">\n            <a href=\"https:\/\/old.atletikaolomouc.cz\/wp-content\/gallery\/2-kolo-detske-zlate-ligy-2020\/img2818.jpg\"\n               title=\"\"\n               data-src=\"https:\/\/old.atletikaolomouc.cz\/wp-content\/gallery\/2-kolo-detske-zlate-ligy-2020\/img2818.jpg\"\n               data-thumbnail=\"https:\/\/old.atletikaolomouc.cz\/wp-content\/gallery\/2-kolo-detske-zlate-ligy-2020\/thumbs\/thumbs_img2818.jpg\"\n               data-image-id=\"5297\"\n               data-title=\"img2818\"\n               data-description=\"\"\n               data-image-slug=\"img2818\"\n               class=\"ngg-simplelightbox\" rel=\"33121f739128a5072dff9946c83e6c2f\">\n                <img\n                    title=\"img2818\"\n                    alt=\"img2818\"\n                    src=\"https:\/\/old.atletikaolomouc.cz\/wp-content\/gallery\/2-kolo-detske-zlate-ligy-2020\/thumbs\/thumbs_img2818.jpg\"\n                    width=\"240\"\n                    height=\"160\"\n                    style=\"max-width:100%;\"\n                \/>\n            <\/a>\n        <\/div>\n\t\t\t\t\t\t\t<\/div> \n\t\t\t\n\t\t\t\t<div id=\"ngg-image-12\" class=\"ngg-gallery-thumbnail-box \" >\n\t\t\t\t        <div class=\"ngg-gallery-thumbnail\">\n            <a href=\"https:\/\/old.atletikaolomouc.cz\/wp-content\/gallery\/2-kolo-detske-zlate-ligy-2020\/img2819.jpg\"\n               title=\"\"\n               data-src=\"https:\/\/old.atletikaolomouc.cz\/wp-content\/gallery\/2-kolo-detske-zlate-ligy-2020\/img2819.jpg\"\n               data-thumbnail=\"https:\/\/old.atletikaolomouc.cz\/wp-content\/gallery\/2-kolo-detske-zlate-ligy-2020\/thumbs\/thumbs_img2819.jpg\"\n               data-image-id=\"5298\"\n               data-title=\"img2819\"\n               data-description=\"\"\n               data-image-slug=\"img2819\"\n               class=\"ngg-simplelightbox\" rel=\"33121f739128a5072dff9946c83e6c2f\">\n                <img\n                    title=\"img2819\"\n                    alt=\"img2819\"\n                    src=\"https:\/\/old.atletikaolomouc.cz\/wp-content\/gallery\/2-kolo-detske-zlate-ligy-2020\/thumbs\/thumbs_img2819.jpg\"\n                    width=\"240\"\n                    height=\"160\"\n                    style=\"max-width:100%;\"\n                \/>\n            <\/a>\n        <\/div>\n\t\t\t\t\t\t\t<\/div> \n\t\t\t\n\t\t\t\t<div id=\"ngg-image-13\" class=\"ngg-gallery-thumbnail-box \" >\n\t\t\t\t        <div class=\"ngg-gallery-thumbnail\">\n            <a href=\"https:\/\/old.atletikaolomouc.cz\/wp-content\/gallery\/2-kolo-detske-zlate-ligy-2020\/img2820.jpg\"\n               title=\"\"\n               data-src=\"https:\/\/old.atletikaolomouc.cz\/wp-content\/gallery\/2-kolo-detske-zlate-ligy-2020\/img2820.jpg\"\n               data-thumbnail=\"https:\/\/old.atletikaolomouc.cz\/wp-content\/gallery\/2-kolo-detske-zlate-ligy-2020\/thumbs\/thumbs_img2820.jpg\"\n               data-image-id=\"5299\"\n               data-title=\"img2820\"\n               data-description=\"\"\n               data-image-slug=\"img2820\"\n               class=\"ngg-simplelightbox\" rel=\"33121f739128a5072dff9946c83e6c2f\">\n                <img\n                    title=\"img2820\"\n                    alt=\"img2820\"\n                    src=\"https:\/\/old.atletikaolomouc.cz\/wp-content\/gallery\/2-kolo-detske-zlate-ligy-2020\/thumbs\/thumbs_img2820.jpg\"\n                    width=\"240\"\n                    height=\"160\"\n                    style=\"max-width:100%;\"\n                \/>\n            <\/a>\n        <\/div>\n\t\t\t\t\t\t\t<\/div> \n\t\t\t\n\t\t\t\t<div id=\"ngg-image-14\" class=\"ngg-gallery-thumbnail-box \" >\n\t\t\t\t        <div class=\"ngg-gallery-thumbnail\">\n            <a href=\"https:\/\/old.atletikaolomouc.cz\/wp-content\/gallery\/2-kolo-detske-zlate-ligy-2020\/img2823.jpg\"\n               title=\"\"\n               data-src=\"https:\/\/old.atletikaolomouc.cz\/wp-content\/gallery\/2-kolo-detske-zlate-ligy-2020\/img2823.jpg\"\n               data-thumbnail=\"https:\/\/old.atletikaolomouc.cz\/wp-content\/gallery\/2-kolo-detske-zlate-ligy-2020\/thumbs\/thumbs_img2823.jpg\"\n               data-image-id=\"5300\"\n               data-title=\"img2823\"\n               data-description=\"\"\n               data-image-slug=\"img2823\"\n               class=\"ngg-simplelightbox\" rel=\"33121f739128a5072dff9946c83e6c2f\">\n                <img\n                    title=\"img2823\"\n                    alt=\"img2823\"\n                    src=\"https:\/\/old.atletikaolomouc.cz\/wp-content\/gallery\/2-kolo-detske-zlate-ligy-2020\/thumbs\/thumbs_img2823.jpg\"\n                    width=\"240\"\n                    height=\"160\"\n                    style=\"max-width:100%;\"\n                \/>\n            <\/a>\n        <\/div>\n\t\t\t\t\t\t\t<\/div> \n\t\t\t\n\t\t\t\t<div id=\"ngg-image-15\" class=\"ngg-gallery-thumbnail-box \" >\n\t\t\t\t        <div class=\"ngg-gallery-thumbnail\">\n            <a href=\"https:\/\/old.atletikaolomouc.cz\/wp-content\/gallery\/2-kolo-detske-zlate-ligy-2020\/img2826.jpg\"\n               title=\"\"\n               data-src=\"https:\/\/old.atletikaolomouc.cz\/wp-content\/gallery\/2-kolo-detske-zlate-ligy-2020\/img2826.jpg\"\n               data-thumbnail=\"https:\/\/old.atletikaolomouc.cz\/wp-content\/gallery\/2-kolo-detske-zlate-ligy-2020\/thumbs\/thumbs_img2826.jpg\"\n               data-image-id=\"5301\"\n               data-title=\"img2826\"\n               data-description=\"\"\n               data-image-slug=\"img2826\"\n               class=\"ngg-simplelightbox\" rel=\"33121f739128a5072dff9946c83e6c2f\">\n                <img\n                    title=\"img2826\"\n                    alt=\"img2826\"\n                    src=\"https:\/\/old.atletikaolomouc.cz\/wp-content\/gallery\/2-kolo-detske-zlate-ligy-2020\/thumbs\/thumbs_img2826.jpg\"\n                    width=\"240\"\n                    height=\"160\"\n                    style=\"max-width:100%;\"\n                \/>\n            <\/a>\n        <\/div>\n\t\t\t\t\t\t\t<\/div> \n\t\t\t\n\t\t\t\t<div id=\"ngg-image-16\" class=\"ngg-gallery-thumbnail-box \" >\n\t\t\t\t        <div class=\"ngg-gallery-thumbnail\">\n            <a href=\"https:\/\/old.atletikaolomouc.cz\/wp-content\/gallery\/2-kolo-detske-zlate-ligy-2020\/img2827.jpg\"\n               title=\"\"\n               data-src=\"https:\/\/old.atletikaolomouc.cz\/wp-content\/gallery\/2-kolo-detske-zlate-ligy-2020\/img2827.jpg\"\n               data-thumbnail=\"https:\/\/old.atletikaolomouc.cz\/wp-content\/gallery\/2-kolo-detske-zlate-ligy-2020\/thumbs\/thumbs_img2827.jpg\"\n               data-image-id=\"5302\"\n               data-title=\"img2827\"\n               data-description=\"\"\n               data-image-slug=\"img2827\"\n               class=\"ngg-simplelightbox\" rel=\"33121f739128a5072dff9946c83e6c2f\">\n                <img\n                    title=\"img2827\"\n                    alt=\"img2827\"\n                    src=\"https:\/\/old.atletikaolomouc.cz\/wp-content\/gallery\/2-kolo-detske-zlate-ligy-2020\/thumbs\/thumbs_img2827.jpg\"\n                    width=\"240\"\n                    height=\"160\"\n                    style=\"max-width:100%;\"\n                \/>\n            <\/a>\n        <\/div>\n\t\t\t\t\t\t\t<\/div> \n\t\t\t\n\t\t\t\t<div id=\"ngg-image-17\" class=\"ngg-gallery-thumbnail-box \" >\n\t\t\t\t        <div class=\"ngg-gallery-thumbnail\">\n            <a href=\"https:\/\/old.atletikaolomouc.cz\/wp-content\/gallery\/2-kolo-detske-zlate-ligy-2020\/img2829.jpg\"\n               title=\"\"\n               data-src=\"https:\/\/old.atletikaolomouc.cz\/wp-content\/gallery\/2-kolo-detske-zlate-ligy-2020\/img2829.jpg\"\n               data-thumbnail=\"https:\/\/old.atletikaolomouc.cz\/wp-content\/gallery\/2-kolo-detske-zlate-ligy-2020\/thumbs\/thumbs_img2829.jpg\"\n               data-image-id=\"5303\"\n               data-title=\"img2829\"\n               data-description=\"\"\n               data-image-slug=\"img2829\"\n               class=\"ngg-simplelightbox\" rel=\"33121f739128a5072dff9946c83e6c2f\">\n                <img\n                    title=\"img2829\"\n                    alt=\"img2829\"\n                    src=\"https:\/\/old.atletikaolomouc.cz\/wp-content\/gallery\/2-kolo-detske-zlate-ligy-2020\/thumbs\/thumbs_img2829.jpg\"\n                    width=\"240\"\n                    height=\"160\"\n                    style=\"max-width:100%;\"\n                \/>\n            <\/a>\n        <\/div>\n\t\t\t\t\t\t\t<\/div> \n\t\t\t\n\t\t\t\t<div id=\"ngg-image-18\" class=\"ngg-gallery-thumbnail-box \" >\n\t\t\t\t        <div class=\"ngg-gallery-thumbnail\">\n            <a href=\"https:\/\/old.atletikaolomouc.cz\/wp-content\/gallery\/2-kolo-detske-zlate-ligy-2020\/img2830.jpg\"\n               title=\"\"\n               data-src=\"https:\/\/old.atletikaolomouc.cz\/wp-content\/gallery\/2-kolo-detske-zlate-ligy-2020\/img2830.jpg\"\n               data-thumbnail=\"https:\/\/old.atletikaolomouc.cz\/wp-content\/gallery\/2-kolo-detske-zlate-ligy-2020\/thumbs\/thumbs_img2830.jpg\"\n               data-image-id=\"5304\"\n               data-title=\"img2830\"\n               data-description=\"\"\n               data-image-slug=\"img2830\"\n               class=\"ngg-simplelightbox\" rel=\"33121f739128a5072dff9946c83e6c2f\">\n                <img\n                    title=\"img2830\"\n                    alt=\"img2830\"\n                    src=\"https:\/\/old.atletikaolomouc.cz\/wp-content\/gallery\/2-kolo-detske-zlate-ligy-2020\/thumbs\/thumbs_img2830.jpg\"\n                    width=\"240\"\n                    height=\"160\"\n                    style=\"max-width:100%;\"\n                \/>\n            <\/a>\n        <\/div>\n\t\t\t\t\t\t\t<\/div> \n\t\t\t\n\t\t\t\t<div id=\"ngg-image-19\" class=\"ngg-gallery-thumbnail-box \" >\n\t\t\t\t        <div class=\"ngg-gallery-thumbnail\">\n            <a href=\"https:\/\/old.atletikaolomouc.cz\/wp-content\/gallery\/2-kolo-detske-zlate-ligy-2020\/img2833.jpg\"\n               title=\"\"\n               data-src=\"https:\/\/old.atletikaolomouc.cz\/wp-content\/gallery\/2-kolo-detske-zlate-ligy-2020\/img2833.jpg\"\n               data-thumbnail=\"https:\/\/old.atletikaolomouc.cz\/wp-content\/gallery\/2-kolo-detske-zlate-ligy-2020\/thumbs\/thumbs_img2833.jpg\"\n               data-image-id=\"5305\"\n               data-title=\"img2833\"\n               data-description=\"\"\n               data-image-slug=\"img2833\"\n               class=\"ngg-simplelightbox\" rel=\"33121f739128a5072dff9946c83e6c2f\">\n                <img\n                    title=\"img2833\"\n                    alt=\"img2833\"\n                    src=\"https:\/\/old.atletikaolomouc.cz\/wp-content\/gallery\/2-kolo-detske-zlate-ligy-2020\/thumbs\/thumbs_img2833.jpg\"\n                    width=\"240\"\n                    height=\"160\"\n                    style=\"max-width:100%;\"\n                \/>\n            <\/a>\n        <\/div>\n\t\t\t\t\t\t\t<\/div> \n\t\t\t\n\t\t\t\t<div id=\"ngg-image-20\" class=\"ngg-gallery-thumbnail-box \" >\n\t\t\t\t        <div class=\"ngg-gallery-thumbnail\">\n            <a href=\"https:\/\/old.atletikaolomouc.cz\/wp-content\/gallery\/2-kolo-detske-zlate-ligy-2020\/img2834.jpg\"\n               title=\"\"\n               data-src=\"https:\/\/old.atletikaolomouc.cz\/wp-content\/gallery\/2-kolo-detske-zlate-ligy-2020\/img2834.jpg\"\n               data-thumbnail=\"https:\/\/old.atletikaolomouc.cz\/wp-content\/gallery\/2-kolo-detske-zlate-ligy-2020\/thumbs\/thumbs_img2834.jpg\"\n               data-image-id=\"5306\"\n               data-title=\"img2834\"\n               data-description=\"\"\n               data-image-slug=\"img2834\"\n               class=\"ngg-simplelightbox\" rel=\"33121f739128a5072dff9946c83e6c2f\">\n                <img\n                    title=\"img2834\"\n                    alt=\"img2834\"\n                    src=\"https:\/\/old.atletikaolomouc.cz\/wp-content\/gallery\/2-kolo-detske-zlate-ligy-2020\/thumbs\/thumbs_img2834.jpg\"\n                    width=\"240\"\n                    height=\"160\"\n                    style=\"max-width:100%;\"\n                \/>\n            <\/a>\n        <\/div>\n\t\t\t\t\t\t\t<\/div> \n\t\t\t\n\t\t\t\t<div id=\"ngg-image-21\" class=\"ngg-gallery-thumbnail-box \" >\n\t\t\t\t        <div class=\"ngg-gallery-thumbnail\">\n            <a href=\"https:\/\/old.atletikaolomouc.cz\/wp-content\/gallery\/2-kolo-detske-zlate-ligy-2020\/img2835.jpg\"\n               title=\"\"\n               data-src=\"https:\/\/old.atletikaolomouc.cz\/wp-content\/gallery\/2-kolo-detske-zlate-ligy-2020\/img2835.jpg\"\n               data-thumbnail=\"https:\/\/old.atletikaolomouc.cz\/wp-content\/gallery\/2-kolo-detske-zlate-ligy-2020\/thumbs\/thumbs_img2835.jpg\"\n               data-image-id=\"5307\"\n               data-title=\"img2835\"\n               data-description=\"\"\n               data-image-slug=\"img2835\"\n               class=\"ngg-simplelightbox\" rel=\"33121f739128a5072dff9946c83e6c2f\">\n                <img\n                    title=\"img2835\"\n                    alt=\"img2835\"\n                    src=\"https:\/\/old.atletikaolomouc.cz\/wp-content\/gallery\/2-kolo-detske-zlate-ligy-2020\/thumbs\/thumbs_img2835.jpg\"\n                    width=\"240\"\n                    height=\"160\"\n                    style=\"max-width:100%;\"\n                \/>\n            <\/a>\n        <\/div>\n\t\t\t\t\t\t\t<\/div> \n\t\t\t\n\t\t\t\t<div id=\"ngg-image-22\" class=\"ngg-gallery-thumbnail-box \" >\n\t\t\t\t        <div class=\"ngg-gallery-thumbnail\">\n            <a href=\"https:\/\/old.atletikaolomouc.cz\/wp-content\/gallery\/2-kolo-detske-zlate-ligy-2020\/img2837.jpg\"\n               title=\"\"\n               data-src=\"https:\/\/old.atletikaolomouc.cz\/wp-content\/gallery\/2-kolo-detske-zlate-ligy-2020\/img2837.jpg\"\n               data-thumbnail=\"https:\/\/old.atletikaolomouc.cz\/wp-content\/gallery\/2-kolo-detske-zlate-ligy-2020\/thumbs\/thumbs_img2837.jpg\"\n               data-image-id=\"5308\"\n               data-title=\"img2837\"\n               data-description=\"\"\n               data-image-slug=\"img2837\"\n               class=\"ngg-simplelightbox\" rel=\"33121f739128a5072dff9946c83e6c2f\">\n                <img\n                    title=\"img2837\"\n                    alt=\"img2837\"\n                    src=\"https:\/\/old.atletikaolomouc.cz\/wp-content\/gallery\/2-kolo-detske-zlate-ligy-2020\/thumbs\/thumbs_img2837.jpg\"\n                    width=\"240\"\n                    height=\"160\"\n                    style=\"max-width:100%;\"\n                \/>\n            <\/a>\n        <\/div>\n\t\t\t\t\t\t\t<\/div> \n\t\t\t\n\t\t\t\t<div id=\"ngg-image-23\" class=\"ngg-gallery-thumbnail-box \" >\n\t\t\t\t        <div class=\"ngg-gallery-thumbnail\">\n            <a href=\"https:\/\/old.atletikaolomouc.cz\/wp-content\/gallery\/2-kolo-detske-zlate-ligy-2020\/img2838.jpg\"\n               title=\"\"\n               data-src=\"https:\/\/old.atletikaolomouc.cz\/wp-content\/gallery\/2-kolo-detske-zlate-ligy-2020\/img2838.jpg\"\n               data-thumbnail=\"https:\/\/old.atletikaolomouc.cz\/wp-content\/gallery\/2-kolo-detske-zlate-ligy-2020\/thumbs\/thumbs_img2838.jpg\"\n               data-image-id=\"5309\"\n               data-title=\"img2838\"\n               data-description=\"\"\n               data-image-slug=\"img2838\"\n               class=\"ngg-simplelightbox\" rel=\"33121f739128a5072dff9946c83e6c2f\">\n                <img\n                    title=\"img2838\"\n                    alt=\"img2838\"\n                    src=\"https:\/\/old.atletikaolomouc.cz\/wp-content\/gallery\/2-kolo-detske-zlate-ligy-2020\/thumbs\/thumbs_img2838.jpg\"\n                    width=\"240\"\n                    height=\"160\"\n                    style=\"max-width:100%;\"\n                \/>\n            <\/a>\n        <\/div>\n\t\t\t\t\t\t\t<\/div> \n\t\t\t\n\t\n\t<br style=\"clear: both\" \/>\n\n\t\n\t\t<!-- Pagination -->\n\t<div class='ngg-navigation'><span class='current'>1<\/span>\n<a class='page-numbers' data-pageid='2' href='https:\/\/old.atletikaolomouc.cz\/index.php\/nggallery\/page\/2?p=17649'>2<\/a>\n<span class='ellipsis'>...<\/span>\n<a class='page-numbers' data-pageid='5' href='https:\/\/old.atletikaolomouc.cz\/index.php\/nggallery\/page\/5?p=17649'>5<\/a>\n<a class='prev' href='https:\/\/old.atletikaolomouc.cz\/index.php\/nggallery\/page\/2?p=17649' data-pageid=2>&#9658;<\/a><\/div>\t<\/div>\n\n","protected":false},"excerpt":{"rendered":"<p>V p\u00e1tek 3.7.2020 prob\u011bhlo 2. kolo D\u011btsk\u00e9 Zlat\u00e9 ligy 2020. &nbsp;<\/p>\n","protected":false},"author":4,"featured_media":0,"comment_status":"closed","ping_status":"closed","sticky":false,"template":"","format":"standard","meta":{"ngg_post_thumbnail":0},"categories":[63],"tags":[],"_links":{"self":[{"href":"https:\/\/old.atletikaolomouc.cz\/index.php?rest_route=\/wp\/v2\/posts\/17649"}],"collection":[{"href":"https:\/\/old.atletikaolomouc.cz\/index.php?rest_route=\/wp\/v2\/posts"}],"about":[{"href":"https:\/\/old.atletikaolomouc.cz\/index.php?rest_route=\/wp\/v2\/types\/post"}],"author":[{"embeddable":true,"href":"https:\/\/old.atletikaolomouc.cz\/index.php?rest_route=\/wp\/v2\/users\/4"}],"replies":[{"embeddable":true,"href":"https:\/\/old.atletikaolomouc.cz\/index.php?rest_route=%2Fwp%2Fv2%2Fcomments&post=17649"}],"version-history":[{"count":1,"href":"https:\/\/old.atletikaolomouc.cz\/index.php?rest_route=\/wp\/v2\/posts\/17649\/revisions"}],"predecessor-version":[{"id":17651,"href":"https:\/\/old.atletikaolomouc.cz\/index.php?rest_route=\/wp\/v2\/posts\/17649\/revisions\/17651"}],"wp:attachment":[{"href":"https:\/\/old.atletikaolomouc.cz\/index.php?rest_route=%2Fwp%2Fv2%2Fmedia&parent=17649"}],"wp:term":[{"taxonomy":"category","embeddable":true,"href":"https:\/\/old.atletikaolomouc.cz\/index.php?rest_route=%2Fwp%2Fv2%2Fcategories&post=17649"},{"taxonomy":"post_tag","embeddable":true,"href":"https:\/\/old.atletikaolomouc.cz\/index.php?rest_route=%2Fwp%2Fv2%2Ftags&post=17649"}],"curies":[{"name":"wp","href":"https:\/\/api.w.org\/{rel}","templated":true}]}}