{"id":17858,"date":"2020-07-09T07:51:14","date_gmt":"2020-07-09T05:51:14","guid":{"rendered":"http:\/\/www.atletikaolomouc.cz\/?p=17858"},"modified":"2020-07-09T19:28:20","modified_gmt":"2020-07-09T17:28:20","slug":"ak-olomouc-v-mediich-cerven-cervenec","status":"publish","type":"post","link":"https:\/\/old.atletikaolomouc.cz\/?p=17858","title":{"rendered":"AK Olomouc v m\u00e9di\u00edch &#8211; \u010derven, \u010dervenec"},"content":{"rendered":"\n<p>Souhrn \u010dl\u00e1nk\u016f a report\u00e1\u017e\u00ed o Atletick\u00e9m klubu Olomouc v \u010dervnu a \u010dervenci 2020.<!--more--><\/p>\n<p><strong>Olomouck\u00fd den\u00edk<\/strong><\/p>\n<p><a href=\"https:\/\/olomoucky.denik.cz\/ostatni_region\/rozhodly-setiny-memorial-miroslava-hrabala-ovladl-slovak-volko-20200627.html\" target=\"_blank\" rel=\"noopener\">27. 6. 2020<\/a> &#8211; \u010dl\u00e1nek o Velk\u00e9 Cen\u011b m\u011bsta Olomouce<\/p>\n<p><strong>Branky, body, sekundy<\/strong><\/p>\n<p><a href=\"https:\/\/www.rtvs.sk\/televizia\/archiv\/13983\/231982\" target=\"_blank\" rel=\"noopener\">27. 6. 2020<\/a> &#8211;&nbsp;report\u00e1\u017e z Velk\u00e9 Ceny m\u011bsta Olomouce (od 7:17)<\/p>\n<p><strong>TV ZZIP<\/strong><\/p>\n<p><a href=\"http:\/\/www.zzip.cz\/?loadsec=mik&amp;loadfile=1038\" target=\"_blank\" rel=\"noopener\">30. 6. 2020<\/a> &#8211; report\u00e1\u017e z Velk\u00e9 Ceny m\u011bsta Olomouce (od 16:28)<\/p>\n<p><strong>Olomouck\u00e9 listy<\/strong><\/p>\n<p><a href=\"http:\/\/www.atletikaolomouc.cz\/wp-content\/uploads\/2020\/07\/\u010dervenec-2020.pdf\" target=\"_blank\" rel=\"noopener\">\u010dervencov\u00e9 vyd\u00e1n\u00ed<\/a> &#8211; \u010dl\u00e1nek o \u017eivotn\u00edm jubileu chodeck\u00e9 legendy V\u00e1clava Dostal\u00edka<\/p>\n<p><strong>Olomouck\u00e1 drbna<\/strong><\/p>\n<p><a href=\"https:\/\/olomoucka.drbna.cz\/sport\/19131-olomoucti-atleti-doma-zahajili-soutez-druzstev-zeny-suverenne-vyhraly-muzi-skoncili-tesne-druzi.html\" target=\"_blank\" rel=\"noopener\">7. 7. 2020<\/a>&nbsp;&#8211; \u010dl\u00e1nek o zah\u00e1jen\u00ed sout\u011b\u017ee dru\u017estev mu\u017e\u016f a \u017een<\/p>\n","protected":false},"excerpt":{"rendered":"<p>Souhrn \u010dl\u00e1nk\u016f a report\u00e1\u017e\u00ed o Atletick\u00e9m klubu Olomouc v \u010dervnu a \u010dervenci 2020.<\/p>\n","protected":false},"author":14,"featured_media":16249,"comment_status":"closed","ping_status":"closed","sticky":false,"template":"","format":"standard","meta":{"ngg_post_thumbnail":0},"categories":[5,6,37],"tags":[],"_links":{"self":[{"href":"https:\/\/old.atletikaolomouc.cz\/index.php?rest_route=\/wp\/v2\/posts\/17858"}],"collection":[{"href":"https:\/\/old.atletikaolomouc.cz\/index.php?rest_route=\/wp\/v2\/posts"}],"about":[{"href":"https:\/\/old.atletikaolomouc.cz\/index.php?rest_route=\/wp\/v2\/types\/post"}],"author":[{"embeddable":true,"href":"https:\/\/old.atletikaolomouc.cz\/index.php?rest_route=\/wp\/v2\/users\/14"}],"replies":[{"embeddable":true,"href":"https:\/\/old.atletikaolomouc.cz\/index.php?rest_route=%2Fwp%2Fv2%2Fcomments&post=17858"}],"version-history":[{"count":5,"href":"https:\/\/old.atletikaolomouc.cz\/index.php?rest_route=\/wp\/v2\/posts\/17858\/revisions"}],"predecessor-version":[{"id":20620,"href":"https:\/\/old.atletikaolomouc.cz\/index.php?rest_route=\/wp\/v2\/posts\/17858\/revisions\/20620"}],"wp:featuredmedia":[{"embeddable":true,"href":"https:\/\/old.atletikaolomouc.cz\/index.php?rest_route=\/wp\/v2\/media\/16249"}],"wp:attachment":[{"href":"https:\/\/old.atletikaolomouc.cz\/index.php?rest_route=%2Fwp%2Fv2%2Fmedia&parent=17858"}],"wp:term":[{"taxonomy":"category","embeddable":true,"href":"https:\/\/old.atletikaolomouc.cz\/index.php?rest_route=%2Fwp%2Fv2%2Fcategories&post=17858"},{"taxonomy":"post_tag","embeddable":true,"href":"https:\/\/old.atletikaolomouc.cz\/index.php?rest_route=%2Fwp%2Fv2%2Ftags&post=17858"}],"curies":[{"name":"wp","href":"https:\/\/api.w.org\/{rel}","templated":true}]}}