{"id":1793,"date":"2012-01-04T09:09:04","date_gmt":"2012-01-04T08:09:04","guid":{"rendered":"http:\/\/www.atletikaolomouc.cz\/?p=1793"},"modified":"2012-01-04T09:38:16","modified_gmt":"2012-01-04T08:38:16","slug":"den-otevrenych-dveri-zs-heyrovskeho","status":"publish","type":"post","link":"https:\/\/old.atletikaolomouc.cz\/?p=1793","title":{"rendered":"Den otev\u0159en\u00fdch dve\u0159\u00ed Z\u0160 Heyrovsk\u00e9ho"},"content":{"rendered":"<p style=\"text-align: justify;\">Zveme v\u0161echny z\u00e1jemce o studium s roz\u0161\u00ed\u0159enou v\u00fdukou TV se zam\u011b\u0159en\u00edm na atletiku na Den otev\u0159en\u00fdch dve\u0159\u00ed Z\u0160 Heyrovsk\u00e9ho, kter\u00fd se bude konat 5. ledna 2012 dopoledne od 9.00 do 11.00 hodin a odpoledne od 15.00 do 17. 00 hodin. Sportovn\u00ed t\u0159\u00eddy maj\u00ed na Z\u0160 Heyrovsk\u00e9ho dlouholetou tradici a studiem na t\u00e9to \u0161kole pro\u0161lo n\u011bkolik na\u0161ich skv\u011bl\u00fdch atlet\u016f. Roz\u0161\u00ed\u0159en\u00e1 v\u00fduka TV je ji\u017e ve 4. t\u0159\u00edd\u011b a atletick\u00e9 sportovn\u00ed t\u0159\u00eddy za\u010d\u00ednaj\u00ed na II. stupni. Pokud by n\u011bkdo nestihl term\u00edn Dne otev\u0159en\u00fdch dve\u0159\u00ed, lze si domluvit individu\u00e1ln\u00ed prohl\u00eddku s u\u010diteli TV na t\u00e9to \u0161kole (Libor Kalas &#8211; 731 138 405).<\/p>\n<p style=\"text-align: justify;\"><a href=\"http:\/\/www.zsheyrovskeho.cz\/\" target=\"_blank\">http:\/\/www.zsheyrovskeho.cz\/<\/a><\/p>\n","protected":false},"excerpt":{"rendered":"<p>Zveme v\u0161echny z\u00e1jemce o studium s roz\u0161\u00ed\u0159enou v\u00fdukou TV se zam\u011b\u0159en\u00edm na atletiku na Den otev\u0159en\u00fdch dve\u0159\u00ed Z\u0160 Heyrovsk\u00e9ho, kter\u00fd se bude konat 5. ledna 2012 dopoledne od 9.00 do 11.00 hodin a odpoledne od 15.00 do 17. 00 hodin. &hellip; <a href=\"https:\/\/old.atletikaolomouc.cz\/?p=1793\">Continue reading <span class=\"meta-nav\">&rarr;<\/span><\/a><\/p>\n","protected":false},"author":4,"featured_media":1794,"comment_status":"closed","ping_status":"closed","sticky":false,"template":"","format":"standard","meta":{"ngg_post_thumbnail":0},"categories":[6,37,22],"tags":[],"_links":{"self":[{"href":"https:\/\/old.atletikaolomouc.cz\/index.php?rest_route=\/wp\/v2\/posts\/1793"}],"collection":[{"href":"https:\/\/old.atletikaolomouc.cz\/index.php?rest_route=\/wp\/v2\/posts"}],"about":[{"href":"https:\/\/old.atletikaolomouc.cz\/index.php?rest_route=\/wp\/v2\/types\/post"}],"author":[{"embeddable":true,"href":"https:\/\/old.atletikaolomouc.cz\/index.php?rest_route=\/wp\/v2\/users\/4"}],"replies":[{"embeddable":true,"href":"https:\/\/old.atletikaolomouc.cz\/index.php?rest_route=%2Fwp%2Fv2%2Fcomments&post=1793"}],"version-history":[{"count":4,"href":"https:\/\/old.atletikaolomouc.cz\/index.php?rest_route=\/wp\/v2\/posts\/1793\/revisions"}],"predecessor-version":[{"id":1796,"href":"https:\/\/old.atletikaolomouc.cz\/index.php?rest_route=\/wp\/v2\/posts\/1793\/revisions\/1796"}],"wp:featuredmedia":[{"embeddable":true,"href":"https:\/\/old.atletikaolomouc.cz\/index.php?rest_route=\/wp\/v2\/media\/1794"}],"wp:attachment":[{"href":"https:\/\/old.atletikaolomouc.cz\/index.php?rest_route=%2Fwp%2Fv2%2Fmedia&parent=1793"}],"wp:term":[{"taxonomy":"category","embeddable":true,"href":"https:\/\/old.atletikaolomouc.cz\/index.php?rest_route=%2Fwp%2Fv2%2Fcategories&post=1793"},{"taxonomy":"post_tag","embeddable":true,"href":"https:\/\/old.atletikaolomouc.cz\/index.php?rest_route=%2Fwp%2Fv2%2Ftags&post=1793"}],"curies":[{"name":"wp","href":"https:\/\/api.w.org\/{rel}","templated":true}]}}