{"id":1819,"date":"2012-01-17T12:56:34","date_gmt":"2012-01-17T11:56:34","guid":{"rendered":"http:\/\/www.atletikaolomouc.cz\/?p=1819"},"modified":"2012-01-17T13:03:44","modified_gmt":"2012-01-17T12:03:44","slug":"lyzarsky-kurz-branna-2012","status":"publish","type":"post","link":"https:\/\/old.atletikaolomouc.cz\/?p=1819","title":{"rendered":"Ly\u017ea\u0159sk\u00fd kurz Brann\u00e1 2012"},"content":{"rendered":"<p style=\"text-align: justify;\"><a href=\"http:\/\/www.atletikaolomouc.cz\/wp-content\/uploads\/2012\/01\/web.jpg\"><img decoding=\"async\" loading=\"lazy\" class=\"alignleft size-medium wp-image-1821\" title=\"web\" src=\"http:\/\/www.atletikaolomouc.cz\/wp-content\/uploads\/2012\/01\/web-300x227.jpg\" alt=\"\" width=\"185\" height=\"227\" \/><\/a>V term\u00ednu 9.-14.1.2012 se uskute\u010dnil ly\u017ea\u0159sk\u00fd kurz Sportovn\u00edho st\u0159ediska v Brann\u00e9. Zde je p\u00e1r fotek z t\u00e9to akce. <br \/><!--more--><p>Nebyly nalezeny \u017e\u00e1dn\u00e9 obr\u00e1zky<\/p>\n<\/p>\n","protected":false},"excerpt":{"rendered":"<p>V term\u00ednu 9.-14.1.2012 se uskute\u010dnil ly\u017ea\u0159sk\u00fd kurz Sportovn\u00edho st\u0159ediska v Brann\u00e9. Zde je p\u00e1r fotek z t\u00e9to akce.<\/p>\n","protected":false},"author":4,"featured_media":0,"comment_status":"closed","ping_status":"closed","sticky":false,"template":"","format":"gallery","meta":{"ngg_post_thumbnail":0},"categories":[5,42,22],"tags":[],"_links":{"self":[{"href":"https:\/\/old.atletikaolomouc.cz\/index.php?rest_route=\/wp\/v2\/posts\/1819"}],"collection":[{"href":"https:\/\/old.atletikaolomouc.cz\/index.php?rest_route=\/wp\/v2\/posts"}],"about":[{"href":"https:\/\/old.atletikaolomouc.cz\/index.php?rest_route=\/wp\/v2\/types\/post"}],"author":[{"embeddable":true,"href":"https:\/\/old.atletikaolomouc.cz\/index.php?rest_route=\/wp\/v2\/users\/4"}],"replies":[{"embeddable":true,"href":"https:\/\/old.atletikaolomouc.cz\/index.php?rest_route=%2Fwp%2Fv2%2Fcomments&post=1819"}],"version-history":[{"count":3,"href":"https:\/\/old.atletikaolomouc.cz\/index.php?rest_route=\/wp\/v2\/posts\/1819\/revisions"}],"predecessor-version":[{"id":1823,"href":"https:\/\/old.atletikaolomouc.cz\/index.php?rest_route=\/wp\/v2\/posts\/1819\/revisions\/1823"}],"wp:attachment":[{"href":"https:\/\/old.atletikaolomouc.cz\/index.php?rest_route=%2Fwp%2Fv2%2Fmedia&parent=1819"}],"wp:term":[{"taxonomy":"category","embeddable":true,"href":"https:\/\/old.atletikaolomouc.cz\/index.php?rest_route=%2Fwp%2Fv2%2Fcategories&post=1819"},{"taxonomy":"post_tag","embeddable":true,"href":"https:\/\/old.atletikaolomouc.cz\/index.php?rest_route=%2Fwp%2Fv2%2Ftags&post=1819"}],"curies":[{"name":"wp","href":"https:\/\/api.w.org\/{rel}","templated":true}]}}