{"id":18190,"date":"2020-08-05T10:57:40","date_gmt":"2020-08-05T08:57:40","guid":{"rendered":"http:\/\/www.atletikaolomouc.cz\/?p=18190"},"modified":"2020-08-05T10:57:44","modified_gmt":"2020-08-05T08:57:44","slug":"olomoucka-dvacitka-v-chuzu-foto","status":"publish","type":"post","link":"https:\/\/old.atletikaolomouc.cz\/?p=18190","title":{"rendered":"Olomouck\u00e1 dvac\u00edtka v ch\u016fzu &#8211; foto"},"content":{"rendered":"\n<p><img decoding=\"async\" loading=\"lazy\" class=\"alignleft size-thumbnail wp-image-18135\" src=\"http:\/\/www.atletikaolomouc.cz\/wp-content\/uploads\/2020\/08\/IMG_20200801_113129-150x150.jpg\" alt=\"\" width=\"150\" height=\"150\">54. ro\u010dn\u00edk Olomouck\u00e9 dvac\u00edtky ve sportovn\u00ed ch\u016fzi &#8211; 1.8.2020<\/p>\n<p>&nbsp;<\/p>\n<p>&nbsp;<\/p>\n<p><!--more--><\/p>\n<!-- default-view.php -->\n<div\n\tclass=\"ngg-galleryoverview default-view \"\n\tid=\"ngg-gallery-6c609d0e5f23607c7765d698179defe2-1\">\n\n\t\t<!-- Thumbnails -->\n\t\t\t\t<div id=\"ngg-image-0\" class=\"ngg-gallery-thumbnail-box \" >\n\t\t\t\t        <div class=\"ngg-gallery-thumbnail\">\n            <a href=\"https:\/\/old.atletikaolomouc.cz\/wp-content\/gallery\/olomoucka-dvacitka-2020\/DSC_7365-54.-Olomouck%C3%A1-20-1.8.2020.jpg\"\n               title=\"\"\n               data-src=\"https:\/\/old.atletikaolomouc.cz\/wp-content\/gallery\/olomoucka-dvacitka-2020\/DSC_7365-54.-Olomouck%C3%A1-20-1.8.2020.jpg\"\n               data-thumbnail=\"https:\/\/old.atletikaolomouc.cz\/wp-content\/gallery\/olomoucka-dvacitka-2020\/thumbs\/thumbs_DSC_7365-54.-Olomouck%C3%A1-20-1.8.2020.jpg\"\n               data-image-id=\"5537\"\n               data-title=\"DSC_7365-54.-Olomouck\u00e1-20-1.8.2020\"\n               data-description=\"\"\n               data-image-slug=\"dsc_7365-54-olomouck%c3%a1-20-1-8-2020\"\n               class=\"ngg-simplelightbox\" rel=\"6c609d0e5f23607c7765d698179defe2\">\n                <img\n                    title=\"DSC_7365-54.-Olomouck\u00e1-20-1.8.2020\"\n                    alt=\"DSC_7365-54.-Olomouck\u00e1-20-1.8.2020\"\n                    src=\"https:\/\/old.atletikaolomouc.cz\/wp-content\/gallery\/olomoucka-dvacitka-2020\/thumbs\/thumbs_DSC_7365-54.-Olomouck%C3%A1-20-1.8.2020.jpg\"\n                    width=\"240\"\n                    height=\"160\"\n                    style=\"max-width:100%;\"\n                \/>\n            <\/a>\n        <\/div>\n\t\t\t\t\t\t\t<\/div> \n\t\t\t\n\t\t\t\t<div id=\"ngg-image-1\" class=\"ngg-gallery-thumbnail-box \" >\n\t\t\t\t        <div class=\"ngg-gallery-thumbnail\">\n            <a href=\"https:\/\/old.atletikaolomouc.cz\/wp-content\/gallery\/olomoucka-dvacitka-2020\/DSC_7368-54.-Olomouck%C3%A1-20-1.8.2020.jpg\"\n               title=\"\"\n               data-src=\"https:\/\/old.atletikaolomouc.cz\/wp-content\/gallery\/olomoucka-dvacitka-2020\/DSC_7368-54.-Olomouck%C3%A1-20-1.8.2020.jpg\"\n               data-thumbnail=\"https:\/\/old.atletikaolomouc.cz\/wp-content\/gallery\/olomoucka-dvacitka-2020\/thumbs\/thumbs_DSC_7368-54.-Olomouck%C3%A1-20-1.8.2020.jpg\"\n               data-image-id=\"5538\"\n               data-title=\"DSC_7368-54.-Olomouck\u00e1-20-1.8.2020\"\n               data-description=\"\"\n               data-image-slug=\"dsc_7368-54-olomouck%c3%a1-20-1-8-2020\"\n               class=\"ngg-simplelightbox\" rel=\"6c609d0e5f23607c7765d698179defe2\">\n                <img\n                    title=\"DSC_7368-54.-Olomouck\u00e1-20-1.8.2020\"\n                    alt=\"DSC_7368-54.-Olomouck\u00e1-20-1.8.2020\"\n                    src=\"https:\/\/old.atletikaolomouc.cz\/wp-content\/gallery\/olomoucka-dvacitka-2020\/thumbs\/thumbs_DSC_7368-54.-Olomouck%C3%A1-20-1.8.2020.jpg\"\n                    width=\"240\"\n                    height=\"160\"\n                    style=\"max-width:100%;\"\n                \/>\n            <\/a>\n        <\/div>\n\t\t\t\t\t\t\t<\/div> \n\t\t\t\n\t\t\t\t<div id=\"ngg-image-2\" class=\"ngg-gallery-thumbnail-box \" >\n\t\t\t\t        <div class=\"ngg-gallery-thumbnail\">\n            <a href=\"https:\/\/old.atletikaolomouc.cz\/wp-content\/gallery\/olomoucka-dvacitka-2020\/DSC_7369-54.-Olomouck%C3%A1-20-1.8.2020.jpg\"\n               title=\"\"\n               data-src=\"https:\/\/old.atletikaolomouc.cz\/wp-content\/gallery\/olomoucka-dvacitka-2020\/DSC_7369-54.-Olomouck%C3%A1-20-1.8.2020.jpg\"\n               data-thumbnail=\"https:\/\/old.atletikaolomouc.cz\/wp-content\/gallery\/olomoucka-dvacitka-2020\/thumbs\/thumbs_DSC_7369-54.-Olomouck%C3%A1-20-1.8.2020.jpg\"\n               data-image-id=\"5539\"\n               data-title=\"DSC_7369-54.-Olomouck\u00e1-20-1.8.2020\"\n               data-description=\"\"\n               data-image-slug=\"dsc_7369-54-olomouck%c3%a1-20-1-8-2020\"\n               class=\"ngg-simplelightbox\" rel=\"6c609d0e5f23607c7765d698179defe2\">\n                <img\n                    title=\"DSC_7369-54.-Olomouck\u00e1-20-1.8.2020\"\n                    alt=\"DSC_7369-54.-Olomouck\u00e1-20-1.8.2020\"\n                    src=\"https:\/\/old.atletikaolomouc.cz\/wp-content\/gallery\/olomoucka-dvacitka-2020\/thumbs\/thumbs_DSC_7369-54.-Olomouck%C3%A1-20-1.8.2020.jpg\"\n                    width=\"240\"\n                    height=\"160\"\n                    style=\"max-width:100%;\"\n                \/>\n            <\/a>\n        <\/div>\n\t\t\t\t\t\t\t<\/div> \n\t\t\t\n\t\t\t\t<div id=\"ngg-image-3\" class=\"ngg-gallery-thumbnail-box \" >\n\t\t\t\t        <div class=\"ngg-gallery-thumbnail\">\n            <a href=\"https:\/\/old.atletikaolomouc.cz\/wp-content\/gallery\/olomoucka-dvacitka-2020\/DSC_7371-54.-Olomouck%C3%A1-20-1.8.2020.jpg\"\n               title=\"\"\n               data-src=\"https:\/\/old.atletikaolomouc.cz\/wp-content\/gallery\/olomoucka-dvacitka-2020\/DSC_7371-54.-Olomouck%C3%A1-20-1.8.2020.jpg\"\n               data-thumbnail=\"https:\/\/old.atletikaolomouc.cz\/wp-content\/gallery\/olomoucka-dvacitka-2020\/thumbs\/thumbs_DSC_7371-54.-Olomouck%C3%A1-20-1.8.2020.jpg\"\n               data-image-id=\"5540\"\n               data-title=\"DSC_7371-54.-Olomouck\u00e1-20-1.8.2020\"\n               data-description=\"\"\n               data-image-slug=\"dsc_7371-54-olomouck%c3%a1-20-1-8-2020\"\n               class=\"ngg-simplelightbox\" rel=\"6c609d0e5f23607c7765d698179defe2\">\n                <img\n                    title=\"DSC_7371-54.-Olomouck\u00e1-20-1.8.2020\"\n                    alt=\"DSC_7371-54.-Olomouck\u00e1-20-1.8.2020\"\n                    src=\"https:\/\/old.atletikaolomouc.cz\/wp-content\/gallery\/olomoucka-dvacitka-2020\/thumbs\/thumbs_DSC_7371-54.-Olomouck%C3%A1-20-1.8.2020.jpg\"\n                    width=\"240\"\n                    height=\"160\"\n                    style=\"max-width:100%;\"\n                \/>\n            <\/a>\n        <\/div>\n\t\t\t\t\t\t\t<\/div> \n\t\t\t\n\t\t\t\t<div id=\"ngg-image-4\" class=\"ngg-gallery-thumbnail-box \" >\n\t\t\t\t        <div class=\"ngg-gallery-thumbnail\">\n            <a href=\"https:\/\/old.atletikaolomouc.cz\/wp-content\/gallery\/olomoucka-dvacitka-2020\/DSC_7372-54.-Olomouck%C3%A1-20-1.8.2020.jpg\"\n               title=\"\"\n               data-src=\"https:\/\/old.atletikaolomouc.cz\/wp-content\/gallery\/olomoucka-dvacitka-2020\/DSC_7372-54.-Olomouck%C3%A1-20-1.8.2020.jpg\"\n               data-thumbnail=\"https:\/\/old.atletikaolomouc.cz\/wp-content\/gallery\/olomoucka-dvacitka-2020\/thumbs\/thumbs_DSC_7372-54.-Olomouck%C3%A1-20-1.8.2020.jpg\"\n               data-image-id=\"5541\"\n               data-title=\"DSC_7372-54.-Olomouck\u00e1-20-1.8.2020\"\n               data-description=\"\"\n               data-image-slug=\"dsc_7372-54-olomouck%c3%a1-20-1-8-2020\"\n               class=\"ngg-simplelightbox\" rel=\"6c609d0e5f23607c7765d698179defe2\">\n                <img\n                    title=\"DSC_7372-54.-Olomouck\u00e1-20-1.8.2020\"\n                    alt=\"DSC_7372-54.-Olomouck\u00e1-20-1.8.2020\"\n                    src=\"https:\/\/old.atletikaolomouc.cz\/wp-content\/gallery\/olomoucka-dvacitka-2020\/thumbs\/thumbs_DSC_7372-54.-Olomouck%C3%A1-20-1.8.2020.jpg\"\n                    width=\"240\"\n                    height=\"160\"\n                    style=\"max-width:100%;\"\n                \/>\n            <\/a>\n        <\/div>\n\t\t\t\t\t\t\t<\/div> \n\t\t\t\n\t\t\t\t<div id=\"ngg-image-5\" class=\"ngg-gallery-thumbnail-box \" >\n\t\t\t\t        <div class=\"ngg-gallery-thumbnail\">\n            <a href=\"https:\/\/old.atletikaolomouc.cz\/wp-content\/gallery\/olomoucka-dvacitka-2020\/DSC_7373-54.-Olomouck%C3%A1-20-1.8.2020.jpg\"\n               title=\"\"\n               data-src=\"https:\/\/old.atletikaolomouc.cz\/wp-content\/gallery\/olomoucka-dvacitka-2020\/DSC_7373-54.-Olomouck%C3%A1-20-1.8.2020.jpg\"\n               data-thumbnail=\"https:\/\/old.atletikaolomouc.cz\/wp-content\/gallery\/olomoucka-dvacitka-2020\/thumbs\/thumbs_DSC_7373-54.-Olomouck%C3%A1-20-1.8.2020.jpg\"\n               data-image-id=\"5542\"\n               data-title=\"DSC_7373-54.-Olomouck\u00e1-20-1.8.2020\"\n               data-description=\"\"\n               data-image-slug=\"dsc_7373-54-olomouck%c3%a1-20-1-8-2020\"\n               class=\"ngg-simplelightbox\" rel=\"6c609d0e5f23607c7765d698179defe2\">\n                <img\n                    title=\"DSC_7373-54.-Olomouck\u00e1-20-1.8.2020\"\n                    alt=\"DSC_7373-54.-Olomouck\u00e1-20-1.8.2020\"\n                    src=\"https:\/\/old.atletikaolomouc.cz\/wp-content\/gallery\/olomoucka-dvacitka-2020\/thumbs\/thumbs_DSC_7373-54.-Olomouck%C3%A1-20-1.8.2020.jpg\"\n                    width=\"240\"\n                    height=\"160\"\n                    style=\"max-width:100%;\"\n                \/>\n            <\/a>\n        <\/div>\n\t\t\t\t\t\t\t<\/div> \n\t\t\t\n\t\t\t\t<div id=\"ngg-image-6\" class=\"ngg-gallery-thumbnail-box \" >\n\t\t\t\t        <div class=\"ngg-gallery-thumbnail\">\n            <a href=\"https:\/\/old.atletikaolomouc.cz\/wp-content\/gallery\/olomoucka-dvacitka-2020\/DSC_7375-54.-Olomouck%C3%A1-20-1.8.2020.jpg\"\n               title=\"\"\n               data-src=\"https:\/\/old.atletikaolomouc.cz\/wp-content\/gallery\/olomoucka-dvacitka-2020\/DSC_7375-54.-Olomouck%C3%A1-20-1.8.2020.jpg\"\n               data-thumbnail=\"https:\/\/old.atletikaolomouc.cz\/wp-content\/gallery\/olomoucka-dvacitka-2020\/thumbs\/thumbs_DSC_7375-54.-Olomouck%C3%A1-20-1.8.2020.jpg\"\n               data-image-id=\"5543\"\n               data-title=\"DSC_7375-54.-Olomouck\u00e1-20-1.8.2020\"\n               data-description=\"\"\n               data-image-slug=\"dsc_7375-54-olomouck%c3%a1-20-1-8-2020\"\n               class=\"ngg-simplelightbox\" rel=\"6c609d0e5f23607c7765d698179defe2\">\n                <img\n                    title=\"DSC_7375-54.-Olomouck\u00e1-20-1.8.2020\"\n                    alt=\"DSC_7375-54.-Olomouck\u00e1-20-1.8.2020\"\n                    src=\"https:\/\/old.atletikaolomouc.cz\/wp-content\/gallery\/olomoucka-dvacitka-2020\/thumbs\/thumbs_DSC_7375-54.-Olomouck%C3%A1-20-1.8.2020.jpg\"\n                    width=\"240\"\n                    height=\"160\"\n                    style=\"max-width:100%;\"\n                \/>\n            <\/a>\n        <\/div>\n\t\t\t\t\t\t\t<\/div> \n\t\t\t\n\t\t\t\t<div id=\"ngg-image-7\" class=\"ngg-gallery-thumbnail-box \" >\n\t\t\t\t        <div class=\"ngg-gallery-thumbnail\">\n            <a href=\"https:\/\/old.atletikaolomouc.cz\/wp-content\/gallery\/olomoucka-dvacitka-2020\/DSC_7376-54.-Olomouck%C3%A1-20-1.8.2020.jpg\"\n               title=\"\"\n               data-src=\"https:\/\/old.atletikaolomouc.cz\/wp-content\/gallery\/olomoucka-dvacitka-2020\/DSC_7376-54.-Olomouck%C3%A1-20-1.8.2020.jpg\"\n               data-thumbnail=\"https:\/\/old.atletikaolomouc.cz\/wp-content\/gallery\/olomoucka-dvacitka-2020\/thumbs\/thumbs_DSC_7376-54.-Olomouck%C3%A1-20-1.8.2020.jpg\"\n               data-image-id=\"5544\"\n               data-title=\"DSC_7376-54.-Olomouck\u00e1-20-1.8.2020\"\n               data-description=\"\"\n               data-image-slug=\"dsc_7376-54-olomouck%c3%a1-20-1-8-2020\"\n               class=\"ngg-simplelightbox\" rel=\"6c609d0e5f23607c7765d698179defe2\">\n                <img\n                    title=\"DSC_7376-54.-Olomouck\u00e1-20-1.8.2020\"\n                    alt=\"DSC_7376-54.-Olomouck\u00e1-20-1.8.2020\"\n                    src=\"https:\/\/old.atletikaolomouc.cz\/wp-content\/gallery\/olomoucka-dvacitka-2020\/thumbs\/thumbs_DSC_7376-54.-Olomouck%C3%A1-20-1.8.2020.jpg\"\n                    width=\"240\"\n                    height=\"160\"\n                    style=\"max-width:100%;\"\n                \/>\n            <\/a>\n        <\/div>\n\t\t\t\t\t\t\t<\/div> \n\t\t\t\n\t\t\t\t<div id=\"ngg-image-8\" class=\"ngg-gallery-thumbnail-box \" >\n\t\t\t\t        <div class=\"ngg-gallery-thumbnail\">\n            <a href=\"https:\/\/old.atletikaolomouc.cz\/wp-content\/gallery\/olomoucka-dvacitka-2020\/DSC_7377-54.-Olomouck%C3%A1-20-1.8.2020.jpg\"\n               title=\"\"\n               data-src=\"https:\/\/old.atletikaolomouc.cz\/wp-content\/gallery\/olomoucka-dvacitka-2020\/DSC_7377-54.-Olomouck%C3%A1-20-1.8.2020.jpg\"\n               data-thumbnail=\"https:\/\/old.atletikaolomouc.cz\/wp-content\/gallery\/olomoucka-dvacitka-2020\/thumbs\/thumbs_DSC_7377-54.-Olomouck%C3%A1-20-1.8.2020.jpg\"\n               data-image-id=\"5545\"\n               data-title=\"DSC_7377-54.-Olomouck\u00e1-20-1.8.2020\"\n               data-description=\"\"\n               data-image-slug=\"dsc_7377-54-olomouck%c3%a1-20-1-8-2020\"\n               class=\"ngg-simplelightbox\" rel=\"6c609d0e5f23607c7765d698179defe2\">\n                <img\n                    title=\"DSC_7377-54.-Olomouck\u00e1-20-1.8.2020\"\n                    alt=\"DSC_7377-54.-Olomouck\u00e1-20-1.8.2020\"\n                    src=\"https:\/\/old.atletikaolomouc.cz\/wp-content\/gallery\/olomoucka-dvacitka-2020\/thumbs\/thumbs_DSC_7377-54.-Olomouck%C3%A1-20-1.8.2020.jpg\"\n                    width=\"240\"\n                    height=\"160\"\n                    style=\"max-width:100%;\"\n                \/>\n            <\/a>\n        <\/div>\n\t\t\t\t\t\t\t<\/div> \n\t\t\t\n\t\t\t\t<div id=\"ngg-image-9\" class=\"ngg-gallery-thumbnail-box \" >\n\t\t\t\t        <div class=\"ngg-gallery-thumbnail\">\n            <a href=\"https:\/\/old.atletikaolomouc.cz\/wp-content\/gallery\/olomoucka-dvacitka-2020\/DSC_7378-54.-Olomouck%C3%A1-20-1.8.2020.jpg\"\n               title=\"\"\n               data-src=\"https:\/\/old.atletikaolomouc.cz\/wp-content\/gallery\/olomoucka-dvacitka-2020\/DSC_7378-54.-Olomouck%C3%A1-20-1.8.2020.jpg\"\n               data-thumbnail=\"https:\/\/old.atletikaolomouc.cz\/wp-content\/gallery\/olomoucka-dvacitka-2020\/thumbs\/thumbs_DSC_7378-54.-Olomouck%C3%A1-20-1.8.2020.jpg\"\n               data-image-id=\"5546\"\n               data-title=\"DSC_7378-54.-Olomouck\u00e1-20-1.8.2020\"\n               data-description=\"\"\n               data-image-slug=\"dsc_7378-54-olomouck%c3%a1-20-1-8-2020\"\n               class=\"ngg-simplelightbox\" rel=\"6c609d0e5f23607c7765d698179defe2\">\n                <img\n                    title=\"DSC_7378-54.-Olomouck\u00e1-20-1.8.2020\"\n                    alt=\"DSC_7378-54.-Olomouck\u00e1-20-1.8.2020\"\n                    src=\"https:\/\/old.atletikaolomouc.cz\/wp-content\/gallery\/olomoucka-dvacitka-2020\/thumbs\/thumbs_DSC_7378-54.-Olomouck%C3%A1-20-1.8.2020.jpg\"\n                    width=\"240\"\n                    height=\"160\"\n                    style=\"max-width:100%;\"\n                \/>\n            <\/a>\n        <\/div>\n\t\t\t\t\t\t\t<\/div> \n\t\t\t\n\t\t\t\t<div id=\"ngg-image-10\" class=\"ngg-gallery-thumbnail-box \" >\n\t\t\t\t        <div class=\"ngg-gallery-thumbnail\">\n            <a href=\"https:\/\/old.atletikaolomouc.cz\/wp-content\/gallery\/olomoucka-dvacitka-2020\/DSC_7379-54.-Olomouck%C3%A1-20-1.8.2020.jpg\"\n               title=\"\"\n               data-src=\"https:\/\/old.atletikaolomouc.cz\/wp-content\/gallery\/olomoucka-dvacitka-2020\/DSC_7379-54.-Olomouck%C3%A1-20-1.8.2020.jpg\"\n               data-thumbnail=\"https:\/\/old.atletikaolomouc.cz\/wp-content\/gallery\/olomoucka-dvacitka-2020\/thumbs\/thumbs_DSC_7379-54.-Olomouck%C3%A1-20-1.8.2020.jpg\"\n               data-image-id=\"5547\"\n               data-title=\"DSC_7379-54.-Olomouck\u00e1-20-1.8.2020\"\n               data-description=\"\"\n               data-image-slug=\"dsc_7379-54-olomouck%c3%a1-20-1-8-2020\"\n               class=\"ngg-simplelightbox\" rel=\"6c609d0e5f23607c7765d698179defe2\">\n                <img\n                    title=\"DSC_7379-54.-Olomouck\u00e1-20-1.8.2020\"\n                    alt=\"DSC_7379-54.-Olomouck\u00e1-20-1.8.2020\"\n                    src=\"https:\/\/old.atletikaolomouc.cz\/wp-content\/gallery\/olomoucka-dvacitka-2020\/thumbs\/thumbs_DSC_7379-54.-Olomouck%C3%A1-20-1.8.2020.jpg\"\n                    width=\"240\"\n                    height=\"160\"\n                    style=\"max-width:100%;\"\n                \/>\n            <\/a>\n        <\/div>\n\t\t\t\t\t\t\t<\/div> \n\t\t\t\n\t\t\t\t<div id=\"ngg-image-11\" class=\"ngg-gallery-thumbnail-box \" >\n\t\t\t\t        <div class=\"ngg-gallery-thumbnail\">\n            <a href=\"https:\/\/old.atletikaolomouc.cz\/wp-content\/gallery\/olomoucka-dvacitka-2020\/DSC_7380-54.-Olomouck%C3%A1-20-1.8.2020.jpg\"\n               title=\"\"\n               data-src=\"https:\/\/old.atletikaolomouc.cz\/wp-content\/gallery\/olomoucka-dvacitka-2020\/DSC_7380-54.-Olomouck%C3%A1-20-1.8.2020.jpg\"\n               data-thumbnail=\"https:\/\/old.atletikaolomouc.cz\/wp-content\/gallery\/olomoucka-dvacitka-2020\/thumbs\/thumbs_DSC_7380-54.-Olomouck%C3%A1-20-1.8.2020.jpg\"\n               data-image-id=\"5548\"\n               data-title=\"DSC_7380-54.-Olomouck\u00e1-20-1.8.2020\"\n               data-description=\"\"\n               data-image-slug=\"dsc_7380-54-olomouck%c3%a1-20-1-8-2020\"\n               class=\"ngg-simplelightbox\" rel=\"6c609d0e5f23607c7765d698179defe2\">\n                <img\n                    title=\"DSC_7380-54.-Olomouck\u00e1-20-1.8.2020\"\n                    alt=\"DSC_7380-54.-Olomouck\u00e1-20-1.8.2020\"\n                    src=\"https:\/\/old.atletikaolomouc.cz\/wp-content\/gallery\/olomoucka-dvacitka-2020\/thumbs\/thumbs_DSC_7380-54.-Olomouck%C3%A1-20-1.8.2020.jpg\"\n                    width=\"240\"\n                    height=\"160\"\n                    style=\"max-width:100%;\"\n                \/>\n            <\/a>\n        <\/div>\n\t\t\t\t\t\t\t<\/div> \n\t\t\t\n\t\t\t\t<div id=\"ngg-image-12\" class=\"ngg-gallery-thumbnail-box \" >\n\t\t\t\t        <div class=\"ngg-gallery-thumbnail\">\n            <a href=\"https:\/\/old.atletikaolomouc.cz\/wp-content\/gallery\/olomoucka-dvacitka-2020\/DSC_7381-54.-Olomouck%C3%A1-20-1.8.2020.jpg\"\n               title=\"\"\n               data-src=\"https:\/\/old.atletikaolomouc.cz\/wp-content\/gallery\/olomoucka-dvacitka-2020\/DSC_7381-54.-Olomouck%C3%A1-20-1.8.2020.jpg\"\n               data-thumbnail=\"https:\/\/old.atletikaolomouc.cz\/wp-content\/gallery\/olomoucka-dvacitka-2020\/thumbs\/thumbs_DSC_7381-54.-Olomouck%C3%A1-20-1.8.2020.jpg\"\n               data-image-id=\"5549\"\n               data-title=\"DSC_7381-54.-Olomouck\u00e1-20-1.8.2020\"\n               data-description=\"\"\n               data-image-slug=\"dsc_7381-54-olomouck%c3%a1-20-1-8-2020\"\n               class=\"ngg-simplelightbox\" rel=\"6c609d0e5f23607c7765d698179defe2\">\n                <img\n                    title=\"DSC_7381-54.-Olomouck\u00e1-20-1.8.2020\"\n                    alt=\"DSC_7381-54.-Olomouck\u00e1-20-1.8.2020\"\n                    src=\"https:\/\/old.atletikaolomouc.cz\/wp-content\/gallery\/olomoucka-dvacitka-2020\/thumbs\/thumbs_DSC_7381-54.-Olomouck%C3%A1-20-1.8.2020.jpg\"\n                    width=\"240\"\n                    height=\"160\"\n                    style=\"max-width:100%;\"\n                \/>\n            <\/a>\n        <\/div>\n\t\t\t\t\t\t\t<\/div> \n\t\t\t\n\t\t\t\t<div id=\"ngg-image-13\" class=\"ngg-gallery-thumbnail-box \" >\n\t\t\t\t        <div class=\"ngg-gallery-thumbnail\">\n            <a href=\"https:\/\/old.atletikaolomouc.cz\/wp-content\/gallery\/olomoucka-dvacitka-2020\/DSC_7382-54.-Olomouck%C3%A1-20-1.8.2020.jpg\"\n               title=\"\"\n               data-src=\"https:\/\/old.atletikaolomouc.cz\/wp-content\/gallery\/olomoucka-dvacitka-2020\/DSC_7382-54.-Olomouck%C3%A1-20-1.8.2020.jpg\"\n               data-thumbnail=\"https:\/\/old.atletikaolomouc.cz\/wp-content\/gallery\/olomoucka-dvacitka-2020\/thumbs\/thumbs_DSC_7382-54.-Olomouck%C3%A1-20-1.8.2020.jpg\"\n               data-image-id=\"5550\"\n               data-title=\"DSC_7382-54.-Olomouck\u00e1-20-1.8.2020\"\n               data-description=\"\"\n               data-image-slug=\"dsc_7382-54-olomouck%c3%a1-20-1-8-2020\"\n               class=\"ngg-simplelightbox\" rel=\"6c609d0e5f23607c7765d698179defe2\">\n                <img\n                    title=\"DSC_7382-54.-Olomouck\u00e1-20-1.8.2020\"\n                    alt=\"DSC_7382-54.-Olomouck\u00e1-20-1.8.2020\"\n                    src=\"https:\/\/old.atletikaolomouc.cz\/wp-content\/gallery\/olomoucka-dvacitka-2020\/thumbs\/thumbs_DSC_7382-54.-Olomouck%C3%A1-20-1.8.2020.jpg\"\n                    width=\"240\"\n                    height=\"160\"\n                    style=\"max-width:100%;\"\n                \/>\n            <\/a>\n        <\/div>\n\t\t\t\t\t\t\t<\/div> \n\t\t\t\n\t\t\t\t<div id=\"ngg-image-14\" class=\"ngg-gallery-thumbnail-box \" >\n\t\t\t\t        <div class=\"ngg-gallery-thumbnail\">\n            <a href=\"https:\/\/old.atletikaolomouc.cz\/wp-content\/gallery\/olomoucka-dvacitka-2020\/DSC_7385-54.-Olomouck%C3%A1-20-1.8.2020.jpg\"\n               title=\"\"\n               data-src=\"https:\/\/old.atletikaolomouc.cz\/wp-content\/gallery\/olomoucka-dvacitka-2020\/DSC_7385-54.-Olomouck%C3%A1-20-1.8.2020.jpg\"\n               data-thumbnail=\"https:\/\/old.atletikaolomouc.cz\/wp-content\/gallery\/olomoucka-dvacitka-2020\/thumbs\/thumbs_DSC_7385-54.-Olomouck%C3%A1-20-1.8.2020.jpg\"\n               data-image-id=\"5551\"\n               data-title=\"DSC_7385-54.-Olomouck\u00e1-20-1.8.2020\"\n               data-description=\"\"\n               data-image-slug=\"dsc_7385-54-olomouck%c3%a1-20-1-8-2020\"\n               class=\"ngg-simplelightbox\" rel=\"6c609d0e5f23607c7765d698179defe2\">\n                <img\n                    title=\"DSC_7385-54.-Olomouck\u00e1-20-1.8.2020\"\n                    alt=\"DSC_7385-54.-Olomouck\u00e1-20-1.8.2020\"\n                    src=\"https:\/\/old.atletikaolomouc.cz\/wp-content\/gallery\/olomoucka-dvacitka-2020\/thumbs\/thumbs_DSC_7385-54.-Olomouck%C3%A1-20-1.8.2020.jpg\"\n                    width=\"240\"\n                    height=\"160\"\n                    style=\"max-width:100%;\"\n                \/>\n            <\/a>\n        <\/div>\n\t\t\t\t\t\t\t<\/div> \n\t\t\t\n\t\t\t\t<div id=\"ngg-image-15\" class=\"ngg-gallery-thumbnail-box \" >\n\t\t\t\t        <div class=\"ngg-gallery-thumbnail\">\n            <a href=\"https:\/\/old.atletikaolomouc.cz\/wp-content\/gallery\/olomoucka-dvacitka-2020\/DSC_7386-54.-Olomouck%C3%A1-20-1.8.2020.jpg\"\n               title=\"\"\n               data-src=\"https:\/\/old.atletikaolomouc.cz\/wp-content\/gallery\/olomoucka-dvacitka-2020\/DSC_7386-54.-Olomouck%C3%A1-20-1.8.2020.jpg\"\n               data-thumbnail=\"https:\/\/old.atletikaolomouc.cz\/wp-content\/gallery\/olomoucka-dvacitka-2020\/thumbs\/thumbs_DSC_7386-54.-Olomouck%C3%A1-20-1.8.2020.jpg\"\n               data-image-id=\"5552\"\n               data-title=\"DSC_7386-54.-Olomouck\u00e1-20-1.8.2020\"\n               data-description=\"\"\n               data-image-slug=\"dsc_7386-54-olomouck%c3%a1-20-1-8-2020\"\n               class=\"ngg-simplelightbox\" rel=\"6c609d0e5f23607c7765d698179defe2\">\n                <img\n                    title=\"DSC_7386-54.-Olomouck\u00e1-20-1.8.2020\"\n                    alt=\"DSC_7386-54.-Olomouck\u00e1-20-1.8.2020\"\n                    src=\"https:\/\/old.atletikaolomouc.cz\/wp-content\/gallery\/olomoucka-dvacitka-2020\/thumbs\/thumbs_DSC_7386-54.-Olomouck%C3%A1-20-1.8.2020.jpg\"\n                    width=\"240\"\n                    height=\"160\"\n                    style=\"max-width:100%;\"\n                \/>\n            <\/a>\n        <\/div>\n\t\t\t\t\t\t\t<\/div> \n\t\t\t\n\t\t\t\t<div id=\"ngg-image-16\" class=\"ngg-gallery-thumbnail-box \" >\n\t\t\t\t        <div class=\"ngg-gallery-thumbnail\">\n            <a href=\"https:\/\/old.atletikaolomouc.cz\/wp-content\/gallery\/olomoucka-dvacitka-2020\/DSC_7390-54.-Olomouck%C3%A1-20-1.8.2020.jpg\"\n               title=\"\"\n               data-src=\"https:\/\/old.atletikaolomouc.cz\/wp-content\/gallery\/olomoucka-dvacitka-2020\/DSC_7390-54.-Olomouck%C3%A1-20-1.8.2020.jpg\"\n               data-thumbnail=\"https:\/\/old.atletikaolomouc.cz\/wp-content\/gallery\/olomoucka-dvacitka-2020\/thumbs\/thumbs_DSC_7390-54.-Olomouck%C3%A1-20-1.8.2020.jpg\"\n               data-image-id=\"5553\"\n               data-title=\"DSC_7390-54.-Olomouck\u00e1-20-1.8.2020\"\n               data-description=\"\"\n               data-image-slug=\"dsc_7390-54-olomouck%c3%a1-20-1-8-2020\"\n               class=\"ngg-simplelightbox\" rel=\"6c609d0e5f23607c7765d698179defe2\">\n                <img\n                    title=\"DSC_7390-54.-Olomouck\u00e1-20-1.8.2020\"\n                    alt=\"DSC_7390-54.-Olomouck\u00e1-20-1.8.2020\"\n                    src=\"https:\/\/old.atletikaolomouc.cz\/wp-content\/gallery\/olomoucka-dvacitka-2020\/thumbs\/thumbs_DSC_7390-54.-Olomouck%C3%A1-20-1.8.2020.jpg\"\n                    width=\"240\"\n                    height=\"160\"\n                    style=\"max-width:100%;\"\n                \/>\n            <\/a>\n        <\/div>\n\t\t\t\t\t\t\t<\/div> \n\t\t\t\n\t\t\t\t<div id=\"ngg-image-17\" class=\"ngg-gallery-thumbnail-box \" >\n\t\t\t\t        <div class=\"ngg-gallery-thumbnail\">\n            <a href=\"https:\/\/old.atletikaolomouc.cz\/wp-content\/gallery\/olomoucka-dvacitka-2020\/DSC_7391-54.-Olomouck%C3%A1-20-1.8.2020.jpg\"\n               title=\"\"\n               data-src=\"https:\/\/old.atletikaolomouc.cz\/wp-content\/gallery\/olomoucka-dvacitka-2020\/DSC_7391-54.-Olomouck%C3%A1-20-1.8.2020.jpg\"\n               data-thumbnail=\"https:\/\/old.atletikaolomouc.cz\/wp-content\/gallery\/olomoucka-dvacitka-2020\/thumbs\/thumbs_DSC_7391-54.-Olomouck%C3%A1-20-1.8.2020.jpg\"\n               data-image-id=\"5554\"\n               data-title=\"DSC_7391-54.-Olomouck\u00e1-20-1.8.2020\"\n               data-description=\"\"\n               data-image-slug=\"dsc_7391-54-olomouck%c3%a1-20-1-8-2020\"\n               class=\"ngg-simplelightbox\" rel=\"6c609d0e5f23607c7765d698179defe2\">\n                <img\n                    title=\"DSC_7391-54.-Olomouck\u00e1-20-1.8.2020\"\n                    alt=\"DSC_7391-54.-Olomouck\u00e1-20-1.8.2020\"\n                    src=\"https:\/\/old.atletikaolomouc.cz\/wp-content\/gallery\/olomoucka-dvacitka-2020\/thumbs\/thumbs_DSC_7391-54.-Olomouck%C3%A1-20-1.8.2020.jpg\"\n                    width=\"240\"\n                    height=\"160\"\n                    style=\"max-width:100%;\"\n                \/>\n            <\/a>\n        <\/div>\n\t\t\t\t\t\t\t<\/div> \n\t\t\t\n\t\t\t\t<div id=\"ngg-image-18\" class=\"ngg-gallery-thumbnail-box \" >\n\t\t\t\t        <div class=\"ngg-gallery-thumbnail\">\n            <a href=\"https:\/\/old.atletikaolomouc.cz\/wp-content\/gallery\/olomoucka-dvacitka-2020\/DSC_7393-54.-Olomouck%C3%A1-20-1.8.2020a.jpg\"\n               title=\"\"\n               data-src=\"https:\/\/old.atletikaolomouc.cz\/wp-content\/gallery\/olomoucka-dvacitka-2020\/DSC_7393-54.-Olomouck%C3%A1-20-1.8.2020a.jpg\"\n               data-thumbnail=\"https:\/\/old.atletikaolomouc.cz\/wp-content\/gallery\/olomoucka-dvacitka-2020\/thumbs\/thumbs_DSC_7393-54.-Olomouck%C3%A1-20-1.8.2020a.jpg\"\n               data-image-id=\"5555\"\n               data-title=\"DSC_7393-54.-Olomouck\u00e1-20-1.8.2020a\"\n               data-description=\"\"\n               data-image-slug=\"dsc_7393-54-olomouck%c3%a1-20-1-8-2020a\"\n               class=\"ngg-simplelightbox\" rel=\"6c609d0e5f23607c7765d698179defe2\">\n                <img\n                    title=\"DSC_7393-54.-Olomouck\u00e1-20-1.8.2020a\"\n                    alt=\"DSC_7393-54.-Olomouck\u00e1-20-1.8.2020a\"\n                    src=\"https:\/\/old.atletikaolomouc.cz\/wp-content\/gallery\/olomoucka-dvacitka-2020\/thumbs\/thumbs_DSC_7393-54.-Olomouck%C3%A1-20-1.8.2020a.jpg\"\n                    width=\"240\"\n                    height=\"160\"\n                    style=\"max-width:100%;\"\n                \/>\n            <\/a>\n        <\/div>\n\t\t\t\t\t\t\t<\/div> \n\t\t\t\n\t\t\t\t<div id=\"ngg-image-19\" class=\"ngg-gallery-thumbnail-box \" >\n\t\t\t\t        <div class=\"ngg-gallery-thumbnail\">\n            <a href=\"https:\/\/old.atletikaolomouc.cz\/wp-content\/gallery\/olomoucka-dvacitka-2020\/DSC_7394-54.-Olomouck%C3%A1-20-1.8.2020.jpg\"\n               title=\"\"\n               data-src=\"https:\/\/old.atletikaolomouc.cz\/wp-content\/gallery\/olomoucka-dvacitka-2020\/DSC_7394-54.-Olomouck%C3%A1-20-1.8.2020.jpg\"\n               data-thumbnail=\"https:\/\/old.atletikaolomouc.cz\/wp-content\/gallery\/olomoucka-dvacitka-2020\/thumbs\/thumbs_DSC_7394-54.-Olomouck%C3%A1-20-1.8.2020.jpg\"\n               data-image-id=\"5556\"\n               data-title=\"DSC_7394-54.-Olomouck\u00e1-20-1.8.2020\"\n               data-description=\"\"\n               data-image-slug=\"dsc_7394-54-olomouck%c3%a1-20-1-8-2020\"\n               class=\"ngg-simplelightbox\" rel=\"6c609d0e5f23607c7765d698179defe2\">\n                <img\n                    title=\"DSC_7394-54.-Olomouck\u00e1-20-1.8.2020\"\n                    alt=\"DSC_7394-54.-Olomouck\u00e1-20-1.8.2020\"\n                    src=\"https:\/\/old.atletikaolomouc.cz\/wp-content\/gallery\/olomoucka-dvacitka-2020\/thumbs\/thumbs_DSC_7394-54.-Olomouck%C3%A1-20-1.8.2020.jpg\"\n                    width=\"240\"\n                    height=\"160\"\n                    style=\"max-width:100%;\"\n                \/>\n            <\/a>\n        <\/div>\n\t\t\t\t\t\t\t<\/div> \n\t\t\t\n\t\t\t\t<div id=\"ngg-image-20\" class=\"ngg-gallery-thumbnail-box \" >\n\t\t\t\t        <div class=\"ngg-gallery-thumbnail\">\n            <a href=\"https:\/\/old.atletikaolomouc.cz\/wp-content\/gallery\/olomoucka-dvacitka-2020\/DSC_7395-54.-Olomouck%C3%A1-20-1.8.2020.jpg\"\n               title=\"\"\n               data-src=\"https:\/\/old.atletikaolomouc.cz\/wp-content\/gallery\/olomoucka-dvacitka-2020\/DSC_7395-54.-Olomouck%C3%A1-20-1.8.2020.jpg\"\n               data-thumbnail=\"https:\/\/old.atletikaolomouc.cz\/wp-content\/gallery\/olomoucka-dvacitka-2020\/thumbs\/thumbs_DSC_7395-54.-Olomouck%C3%A1-20-1.8.2020.jpg\"\n               data-image-id=\"5557\"\n               data-title=\"DSC_7395-54.-Olomouck\u00e1-20-1.8.2020\"\n               data-description=\"\"\n               data-image-slug=\"dsc_7395-54-olomouck%c3%a1-20-1-8-2020\"\n               class=\"ngg-simplelightbox\" rel=\"6c609d0e5f23607c7765d698179defe2\">\n                <img\n                    title=\"DSC_7395-54.-Olomouck\u00e1-20-1.8.2020\"\n                    alt=\"DSC_7395-54.-Olomouck\u00e1-20-1.8.2020\"\n                    src=\"https:\/\/old.atletikaolomouc.cz\/wp-content\/gallery\/olomoucka-dvacitka-2020\/thumbs\/thumbs_DSC_7395-54.-Olomouck%C3%A1-20-1.8.2020.jpg\"\n                    width=\"240\"\n                    height=\"160\"\n                    style=\"max-width:100%;\"\n                \/>\n            <\/a>\n        <\/div>\n\t\t\t\t\t\t\t<\/div> \n\t\t\t\n\t\t\t\t<div id=\"ngg-image-21\" class=\"ngg-gallery-thumbnail-box \" >\n\t\t\t\t        <div class=\"ngg-gallery-thumbnail\">\n            <a href=\"https:\/\/old.atletikaolomouc.cz\/wp-content\/gallery\/olomoucka-dvacitka-2020\/DSC_7396-54.-Olomouck%C3%A1-20-1.8.2020.jpg\"\n               title=\"\"\n               data-src=\"https:\/\/old.atletikaolomouc.cz\/wp-content\/gallery\/olomoucka-dvacitka-2020\/DSC_7396-54.-Olomouck%C3%A1-20-1.8.2020.jpg\"\n               data-thumbnail=\"https:\/\/old.atletikaolomouc.cz\/wp-content\/gallery\/olomoucka-dvacitka-2020\/thumbs\/thumbs_DSC_7396-54.-Olomouck%C3%A1-20-1.8.2020.jpg\"\n               data-image-id=\"5558\"\n               data-title=\"DSC_7396-54.-Olomouck\u00e1-20-1.8.2020\"\n               data-description=\"\"\n               data-image-slug=\"dsc_7396-54-olomouck%c3%a1-20-1-8-2020\"\n               class=\"ngg-simplelightbox\" rel=\"6c609d0e5f23607c7765d698179defe2\">\n                <img\n                    title=\"DSC_7396-54.-Olomouck\u00e1-20-1.8.2020\"\n                    alt=\"DSC_7396-54.-Olomouck\u00e1-20-1.8.2020\"\n                    src=\"https:\/\/old.atletikaolomouc.cz\/wp-content\/gallery\/olomoucka-dvacitka-2020\/thumbs\/thumbs_DSC_7396-54.-Olomouck%C3%A1-20-1.8.2020.jpg\"\n                    width=\"240\"\n                    height=\"160\"\n                    style=\"max-width:100%;\"\n                \/>\n            <\/a>\n        <\/div>\n\t\t\t\t\t\t\t<\/div> \n\t\t\t\n\t\t\t\t<div id=\"ngg-image-22\" class=\"ngg-gallery-thumbnail-box \" >\n\t\t\t\t        <div class=\"ngg-gallery-thumbnail\">\n            <a href=\"https:\/\/old.atletikaolomouc.cz\/wp-content\/gallery\/olomoucka-dvacitka-2020\/DSC_7397-54.-Olomouck%C3%A1-20-1.8.2020.jpg\"\n               title=\"\"\n               data-src=\"https:\/\/old.atletikaolomouc.cz\/wp-content\/gallery\/olomoucka-dvacitka-2020\/DSC_7397-54.-Olomouck%C3%A1-20-1.8.2020.jpg\"\n               data-thumbnail=\"https:\/\/old.atletikaolomouc.cz\/wp-content\/gallery\/olomoucka-dvacitka-2020\/thumbs\/thumbs_DSC_7397-54.-Olomouck%C3%A1-20-1.8.2020.jpg\"\n               data-image-id=\"5559\"\n               data-title=\"DSC_7397-54.-Olomouck\u00e1-20-1.8.2020\"\n               data-description=\"\"\n               data-image-slug=\"dsc_7397-54-olomouck%c3%a1-20-1-8-2020\"\n               class=\"ngg-simplelightbox\" rel=\"6c609d0e5f23607c7765d698179defe2\">\n                <img\n                    title=\"DSC_7397-54.-Olomouck\u00e1-20-1.8.2020\"\n                    alt=\"DSC_7397-54.-Olomouck\u00e1-20-1.8.2020\"\n                    src=\"https:\/\/old.atletikaolomouc.cz\/wp-content\/gallery\/olomoucka-dvacitka-2020\/thumbs\/thumbs_DSC_7397-54.-Olomouck%C3%A1-20-1.8.2020.jpg\"\n                    width=\"240\"\n                    height=\"160\"\n                    style=\"max-width:100%;\"\n                \/>\n            <\/a>\n        <\/div>\n\t\t\t\t\t\t\t<\/div> \n\t\t\t\n\t\t\t\t<div id=\"ngg-image-23\" class=\"ngg-gallery-thumbnail-box \" >\n\t\t\t\t        <div class=\"ngg-gallery-thumbnail\">\n            <a href=\"https:\/\/old.atletikaolomouc.cz\/wp-content\/gallery\/olomoucka-dvacitka-2020\/DSC_7398-54.-Olomouck%C3%A1-20-1.8.2020.jpg\"\n               title=\"\"\n               data-src=\"https:\/\/old.atletikaolomouc.cz\/wp-content\/gallery\/olomoucka-dvacitka-2020\/DSC_7398-54.-Olomouck%C3%A1-20-1.8.2020.jpg\"\n               data-thumbnail=\"https:\/\/old.atletikaolomouc.cz\/wp-content\/gallery\/olomoucka-dvacitka-2020\/thumbs\/thumbs_DSC_7398-54.-Olomouck%C3%A1-20-1.8.2020.jpg\"\n               data-image-id=\"5560\"\n               data-title=\"DSC_7398-54.-Olomouck\u00e1-20-1.8.2020\"\n               data-description=\"\"\n               data-image-slug=\"dsc_7398-54-olomouck%c3%a1-20-1-8-2020\"\n               class=\"ngg-simplelightbox\" rel=\"6c609d0e5f23607c7765d698179defe2\">\n                <img\n                    title=\"DSC_7398-54.-Olomouck\u00e1-20-1.8.2020\"\n                    alt=\"DSC_7398-54.-Olomouck\u00e1-20-1.8.2020\"\n                    src=\"https:\/\/old.atletikaolomouc.cz\/wp-content\/gallery\/olomoucka-dvacitka-2020\/thumbs\/thumbs_DSC_7398-54.-Olomouck%C3%A1-20-1.8.2020.jpg\"\n                    width=\"240\"\n                    height=\"160\"\n                    style=\"max-width:100%;\"\n                \/>\n            <\/a>\n        <\/div>\n\t\t\t\t\t\t\t<\/div> \n\t\t\t\n\t\n\t<br style=\"clear: both\" \/>\n\n\t\n\t\t<!-- Pagination -->\n\t<div class='ngg-navigation'><span class='current'>1<\/span>\n<a class='page-numbers' data-pageid='2' href='https:\/\/old.atletikaolomouc.cz\/index.php\/nggallery\/page\/2?p=18190'>2<\/a>\n<a class='prev' href='https:\/\/old.atletikaolomouc.cz\/index.php\/nggallery\/page\/2?p=18190' data-pageid=2>&#9658;<\/a><\/div>\t<\/div>\n\n","protected":false},"excerpt":{"rendered":"<p>54. ro\u010dn\u00edk Olomouck\u00e9 dvac\u00edtky ve sportovn\u00ed ch\u016fzi &#8211; 1.8.2020 &nbsp; &nbsp;<\/p>\n","protected":false},"author":4,"featured_media":0,"comment_status":"closed","ping_status":"closed","sticky":false,"template":"","format":"standard","meta":{"ngg_post_thumbnail":0},"categories":[5,63],"tags":[],"_links":{"self":[{"href":"https:\/\/old.atletikaolomouc.cz\/index.php?rest_route=\/wp\/v2\/posts\/18190"}],"collection":[{"href":"https:\/\/old.atletikaolomouc.cz\/index.php?rest_route=\/wp\/v2\/posts"}],"about":[{"href":"https:\/\/old.atletikaolomouc.cz\/index.php?rest_route=\/wp\/v2\/types\/post"}],"author":[{"embeddable":true,"href":"https:\/\/old.atletikaolomouc.cz\/index.php?rest_route=\/wp\/v2\/users\/4"}],"replies":[{"embeddable":true,"href":"https:\/\/old.atletikaolomouc.cz\/index.php?rest_route=%2Fwp%2Fv2%2Fcomments&post=18190"}],"version-history":[{"count":1,"href":"https:\/\/old.atletikaolomouc.cz\/index.php?rest_route=\/wp\/v2\/posts\/18190\/revisions"}],"predecessor-version":[{"id":18191,"href":"https:\/\/old.atletikaolomouc.cz\/index.php?rest_route=\/wp\/v2\/posts\/18190\/revisions\/18191"}],"wp:attachment":[{"href":"https:\/\/old.atletikaolomouc.cz\/index.php?rest_route=%2Fwp%2Fv2%2Fmedia&parent=18190"}],"wp:term":[{"taxonomy":"category","embeddable":true,"href":"https:\/\/old.atletikaolomouc.cz\/index.php?rest_route=%2Fwp%2Fv2%2Fcategories&post=18190"},{"taxonomy":"post_tag","embeddable":true,"href":"https:\/\/old.atletikaolomouc.cz\/index.php?rest_route=%2Fwp%2Fv2%2Ftags&post=18190"}],"curies":[{"name":"wp","href":"https:\/\/api.w.org\/{rel}","templated":true}]}}