{"id":18275,"date":"2020-08-11T12:52:13","date_gmt":"2020-08-11T10:52:13","guid":{"rendered":"http:\/\/www.atletikaolomouc.cz\/?p=18275"},"modified":"2020-08-12T15:14:27","modified_gmt":"2020-08-12T13:14:27","slug":"atleti-v-pardubicich","status":"publish","type":"post","link":"https:\/\/old.atletikaolomouc.cz\/?p=18275","title":{"rendered":"Atleti v Pardubic\u00edch"},"content":{"rendered":"\n<div id=\":10r\" class=\"ii gt\">\n<div id=\":10q\" class=\"a3s aXjCH \">\n<div>V sobotu 8. srpna startovali na\u0161i para-atleti na Velk\u00e9 cen\u011b m\u011bst\u011b Pardubic, kde i p\u0159es vysok\u00e9 srpnov\u00e9 teploty vybojovali \u0159adu cenn\u00fdch kov\u016f.<!--more--><\/div>\n<div>M\u00edtinku se z\u00fa\u010dastnili na\u0161i \u010dlenov\u00e9, kte\u0159\u00ed jsou z\u00e1rove\u0148 tak\u00e9 reprezentanty \u010cR a to v po\u010dtu 1 \u017eena a 5 mu\u017e\u016f a ani jeden startuj\u00edc\u00ed neodjel bez medaile.<\/div>\n<div><strong>Ad\u00e9lka Sekyrov\u00e1<\/strong> si vylep\u0161ila sv\u00e9 leto\u0161n\u00ed osobn\u00ed maximum v hodu ku\u017eelkou na&nbsp;9,66 m a t\u00edm vybojovala st\u0159\u00edbro.<\/div>\n<div>\n<div id=\"attachment_18278\" style=\"width: 538px\" class=\"wp-caption aligncenter\"><img aria-describedby=\"caption-attachment-18278\" decoding=\"async\" loading=\"lazy\" class=\"size-full wp-image-18278\" src=\"http:\/\/www.atletikaolomouc.cz\/wp-content\/uploads\/2020\/08\/ADELKA.jpg\" alt=\"\" width=\"528\" height=\"960\" srcset=\"https:\/\/old.atletikaolomouc.cz\/wp-content\/uploads\/2020\/08\/ADELKA.jpg 528w, https:\/\/old.atletikaolomouc.cz\/wp-content\/uploads\/2020\/08\/ADELKA-165x300.jpg 165w, https:\/\/old.atletikaolomouc.cz\/wp-content\/uploads\/2020\/08\/ADELKA-330x600.jpg 330w\" sizes=\"(max-width: 528px) 100vw, 528px\" \/><p id=\"caption-attachment-18278\" class=\"wp-caption-text\">Ad\u00e9lka Sekyrov\u00e1<\/p><\/div>\n<\/div>\n<div style=\"text-align: left;\">Honza Mo\u0161t\u011bk si vyb\u011bhal 2x zlato a to v b\u011bz\u00edch na 100&nbsp; (14,22 s) a 200 m (28,53 s). Dal\u0161\u00ed zlato vybojoval Du\u0161an \u0160\u010dambura a to ve vrhu koul\u00ed (7,68 m) a hodu o\u0161t\u011bpem (22,60 m).<\/div>\n<div style=\"text-align: left;\">St\u0159\u00edbro v hodu o\u0161t\u011bpem vybojoval Michal Rotter (20,08 m) a Martin Kukla (33,27 m), bronz v hodu diskem vybojoval Michal Rotter (17,53 m)&nbsp;a Filip Varto\u0148 (12,18.m). Martinovi utekl bronz ve vrhu koul\u00ed o 1 cm, ale i tak si dal sv\u00e9 leto\u0161n\u00ed osobn\u00ed maximum 10,08 m.<\/div>\n<div>&nbsp;<\/div>\n<div><strong>V\u0161em moc gratulujeme.<\/strong><\/div>\n<div>&nbsp;<\/div>\n<div><a href=\"http:\/\/www.atletikaolomouc.cz\/wp-content\/uploads\/2020\/08\/V\u00fdsledky-VC20.pdf\" target=\"_blank\" rel=\"noopener\">Kompletn\u00ed v\u00fdsledky<\/a><\/div>\n<\/div>\n<\/div>\n<p><img decoding=\"async\" loading=\"lazy\" class=\"alignleft size-full wp-image-18291\" src=\"http:\/\/www.atletikaolomouc.cz\/wp-content\/uploads\/2020\/08\/IMG-20200810-WA0000.jpg\" alt=\"\" width=\"1600\" height=\"900\" srcset=\"https:\/\/old.atletikaolomouc.cz\/wp-content\/uploads\/2020\/08\/IMG-20200810-WA0000.jpg 1600w, https:\/\/old.atletikaolomouc.cz\/wp-content\/uploads\/2020\/08\/IMG-20200810-WA0000-300x169.jpg 300w, https:\/\/old.atletikaolomouc.cz\/wp-content\/uploads\/2020\/08\/IMG-20200810-WA0000-768x432.jpg 768w, https:\/\/old.atletikaolomouc.cz\/wp-content\/uploads\/2020\/08\/IMG-20200810-WA0000-800x450.jpg 800w\" sizes=\"(max-width: 1600px) 100vw, 1600px\" \/> <img decoding=\"async\" loading=\"lazy\" class=\"alignleft size-full wp-image-18293\" src=\"http:\/\/www.atletikaolomouc.cz\/wp-content\/uploads\/2020\/08\/IMG-20200808-WA0001.jpg\" alt=\"\" width=\"1600\" height=\"900\" srcset=\"https:\/\/old.atletikaolomouc.cz\/wp-content\/uploads\/2020\/08\/IMG-20200808-WA0001.jpg 1600w, https:\/\/old.atletikaolomouc.cz\/wp-content\/uploads\/2020\/08\/IMG-20200808-WA0001-300x169.jpg 300w, https:\/\/old.atletikaolomouc.cz\/wp-content\/uploads\/2020\/08\/IMG-20200808-WA0001-768x432.jpg 768w, https:\/\/old.atletikaolomouc.cz\/wp-content\/uploads\/2020\/08\/IMG-20200808-WA0001-800x450.jpg 800w\" sizes=\"(max-width: 1600px) 100vw, 1600px\" \/> <img decoding=\"async\" loading=\"lazy\" class=\"alignleft size-full wp-image-18297\" src=\"http:\/\/www.atletikaolomouc.cz\/wp-content\/uploads\/2020\/08\/IMG-20200808-WA0020.jpg\" alt=\"\" width=\"704\" height=\"1250\" srcset=\"https:\/\/old.atletikaolomouc.cz\/wp-content\/uploads\/2020\/08\/IMG-20200808-WA0020.jpg 704w, https:\/\/old.atletikaolomouc.cz\/wp-content\/uploads\/2020\/08\/IMG-20200808-WA0020-169x300.jpg 169w, https:\/\/old.atletikaolomouc.cz\/wp-content\/uploads\/2020\/08\/IMG-20200808-WA0020-338x600.jpg 338w\" sizes=\"(max-width: 704px) 100vw, 704px\" \/> <img decoding=\"async\" loading=\"lazy\" class=\"alignleft size-full wp-image-18298\" src=\"http:\/\/www.atletikaolomouc.cz\/wp-content\/uploads\/2020\/08\/IMG-20200808-WA0021.jpg\" alt=\"\" width=\"704\" height=\"1250\" srcset=\"https:\/\/old.atletikaolomouc.cz\/wp-content\/uploads\/2020\/08\/IMG-20200808-WA0021.jpg 704w, https:\/\/old.atletikaolomouc.cz\/wp-content\/uploads\/2020\/08\/IMG-20200808-WA0021-169x300.jpg 169w, https:\/\/old.atletikaolomouc.cz\/wp-content\/uploads\/2020\/08\/IMG-20200808-WA0021-338x600.jpg 338w\" sizes=\"(max-width: 704px) 100vw, 704px\" \/> <img decoding=\"async\" loading=\"lazy\" class=\"alignleft size-full wp-image-18299\" src=\"http:\/\/www.atletikaolomouc.cz\/wp-content\/uploads\/2020\/08\/IMG-20200808-WA0022.jpg\" alt=\"\" width=\"1600\" height=\"900\" srcset=\"https:\/\/old.atletikaolomouc.cz\/wp-content\/uploads\/2020\/08\/IMG-20200808-WA0022.jpg 1600w, https:\/\/old.atletikaolomouc.cz\/wp-content\/uploads\/2020\/08\/IMG-20200808-WA0022-300x169.jpg 300w, https:\/\/old.atletikaolomouc.cz\/wp-content\/uploads\/2020\/08\/IMG-20200808-WA0022-768x432.jpg 768w, https:\/\/old.atletikaolomouc.cz\/wp-content\/uploads\/2020\/08\/IMG-20200808-WA0022-800x450.jpg 800w\" sizes=\"(max-width: 1600px) 100vw, 1600px\" \/> <img decoding=\"async\" loading=\"lazy\" class=\"alignleft size-full wp-image-18300\" src=\"http:\/\/www.atletikaolomouc.cz\/wp-content\/uploads\/2020\/08\/IMG-20200808-WA0025.jpg\" alt=\"\" width=\"1600\" height=\"900\" srcset=\"https:\/\/old.atletikaolomouc.cz\/wp-content\/uploads\/2020\/08\/IMG-20200808-WA0025.jpg 1600w, https:\/\/old.atletikaolomouc.cz\/wp-content\/uploads\/2020\/08\/IMG-20200808-WA0025-300x169.jpg 300w, https:\/\/old.atletikaolomouc.cz\/wp-content\/uploads\/2020\/08\/IMG-20200808-WA0025-768x432.jpg 768w, https:\/\/old.atletikaolomouc.cz\/wp-content\/uploads\/2020\/08\/IMG-20200808-WA0025-800x450.jpg 800w\" sizes=\"(max-width: 1600px) 100vw, 1600px\" \/> <img decoding=\"async\" loading=\"lazy\" class=\"alignleft size-full wp-image-18301\" src=\"http:\/\/www.atletikaolomouc.cz\/wp-content\/uploads\/2020\/08\/IMG-20200808-WA0028.jpg\" alt=\"\" width=\"900\" height=\"1600\" srcset=\"https:\/\/old.atletikaolomouc.cz\/wp-content\/uploads\/2020\/08\/IMG-20200808-WA0028.jpg 900w, https:\/\/old.atletikaolomouc.cz\/wp-content\/uploads\/2020\/08\/IMG-20200808-WA0028-169x300.jpg 169w, https:\/\/old.atletikaolomouc.cz\/wp-content\/uploads\/2020\/08\/IMG-20200808-WA0028-768x1365.jpg 768w, https:\/\/old.atletikaolomouc.cz\/wp-content\/uploads\/2020\/08\/IMG-20200808-WA0028-338x600.jpg 338w\" sizes=\"(max-width: 900px) 100vw, 900px\" \/><\/p>\n","protected":false},"excerpt":{"rendered":"<p>V sobotu 8. srpna startovali na\u0161i para-atleti na Velk\u00e9 cen\u011b m\u011bst\u011b Pardubic, kde i p\u0159es vysok\u00e9 srpnov\u00e9 teploty vybojovali \u0159adu cenn\u00fdch kov\u016f.<\/p>\n","protected":false},"author":14,"featured_media":18279,"comment_status":"closed","ping_status":"closed","sticky":false,"template":"","format":"standard","meta":{"ngg_post_thumbnail":0},"categories":[5,48,6],"tags":[],"_links":{"self":[{"href":"https:\/\/old.atletikaolomouc.cz\/index.php?rest_route=\/wp\/v2\/posts\/18275"}],"collection":[{"href":"https:\/\/old.atletikaolomouc.cz\/index.php?rest_route=\/wp\/v2\/posts"}],"about":[{"href":"https:\/\/old.atletikaolomouc.cz\/index.php?rest_route=\/wp\/v2\/types\/post"}],"author":[{"embeddable":true,"href":"https:\/\/old.atletikaolomouc.cz\/index.php?rest_route=\/wp\/v2\/users\/14"}],"replies":[{"embeddable":true,"href":"https:\/\/old.atletikaolomouc.cz\/index.php?rest_route=%2Fwp%2Fv2%2Fcomments&post=18275"}],"version-history":[{"count":11,"href":"https:\/\/old.atletikaolomouc.cz\/index.php?rest_route=\/wp\/v2\/posts\/18275\/revisions"}],"predecessor-version":[{"id":18304,"href":"https:\/\/old.atletikaolomouc.cz\/index.php?rest_route=\/wp\/v2\/posts\/18275\/revisions\/18304"}],"wp:featuredmedia":[{"embeddable":true,"href":"https:\/\/old.atletikaolomouc.cz\/index.php?rest_route=\/wp\/v2\/media\/18279"}],"wp:attachment":[{"href":"https:\/\/old.atletikaolomouc.cz\/index.php?rest_route=%2Fwp%2Fv2%2Fmedia&parent=18275"}],"wp:term":[{"taxonomy":"category","embeddable":true,"href":"https:\/\/old.atletikaolomouc.cz\/index.php?rest_route=%2Fwp%2Fv2%2Fcategories&post=18275"},{"taxonomy":"post_tag","embeddable":true,"href":"https:\/\/old.atletikaolomouc.cz\/index.php?rest_route=%2Fwp%2Fv2%2Ftags&post=18275"}],"curies":[{"name":"wp","href":"https:\/\/api.w.org\/{rel}","templated":true}]}}