{"id":18331,"date":"2020-08-17T16:25:17","date_gmt":"2020-08-17T14:25:17","guid":{"rendered":"http:\/\/www.atletikaolomouc.cz\/?p=18331"},"modified":"2020-08-17T16:26:01","modified_gmt":"2020-08-17T14:26:01","slug":"zavody-zp-v-ostrave-run-tour-2020","status":"publish","type":"post","link":"https:\/\/old.atletikaolomouc.cz\/?p=18331","title":{"rendered":"Z\u00e1vody ZP v Ostrav\u011b + Run Tour 2020"},"content":{"rendered":"\n<p>V sobotu 15. srpna se konal z\u00e1vod Ostrava Cup 2020, kde nechyb\u011bli ani na\u0161i z\u00e1vodn\u00edci ze sekce zdravotn\u011b posti\u017een\u00fdch sportovc\u016f.<!--more--><\/p>\n<p>Michal Rotter z\u00e1vodil v Ostrav\u011b v hodu o\u0161t\u011bpem (21,38 m) a vytvo\u0159il si nov\u00fd osob\u00e1k v hodu diskem 20,09 m.<\/p>\n<div id=\"attachment_18350\" style=\"width: 970px\" class=\"wp-caption alignleft\"><a href=\"http:\/\/www.atletikaolomouc.cz\/wp-content\/uploads\/2020\/08\/IMG_2274.jpg\"><img aria-describedby=\"caption-attachment-18350\" decoding=\"async\" loading=\"lazy\" class=\"wp-image-18350 size-full\" src=\"http:\/\/www.atletikaolomouc.cz\/wp-content\/uploads\/2020\/08\/IMG_2274.jpg\" alt=\"\" width=\"960\" height=\"540\" srcset=\"https:\/\/old.atletikaolomouc.cz\/wp-content\/uploads\/2020\/08\/IMG_2274.jpg 960w, https:\/\/old.atletikaolomouc.cz\/wp-content\/uploads\/2020\/08\/IMG_2274-300x169.jpg 300w, https:\/\/old.atletikaolomouc.cz\/wp-content\/uploads\/2020\/08\/IMG_2274-768x432.jpg 768w, https:\/\/old.atletikaolomouc.cz\/wp-content\/uploads\/2020\/08\/IMG_2274-800x450.jpg 800w\" sizes=\"(max-width: 960px) 100vw, 960px\" \/><\/a><p id=\"caption-attachment-18350\" class=\"wp-caption-text\">Vlevo Michal Rotter<\/p><\/div>\n<p>D\u00e1le se Ostrava Cupu z\u00fa\u010dastnil Filip Varto\u0148 tak\u00e9 v hodu diskem (13,22 m), Eva Kacanu ve vrhu koul\u00ed (5,54 m) a v hodu diskem (10,21 m) a Ad\u00e9la Sekyrov\u00e1, kter\u00e1 si vytvo\u0159ila nov\u00e9 osobn\u00ed maximu 10,41 m v hodu ku\u017eelkou a disk poslala do vzd\u00e1lenosti 3,75 m.<\/p>\n<div id=\"attachment_18347\" style=\"width: 970px\" class=\"wp-caption alignleft\"><a href=\"http:\/\/www.atletikaolomouc.cz\/wp-content\/uploads\/2020\/08\/image2.jpeg\"><img aria-describedby=\"caption-attachment-18347\" decoding=\"async\" loading=\"lazy\" class=\"wp-image-18347 size-full\" src=\"http:\/\/www.atletikaolomouc.cz\/wp-content\/uploads\/2020\/08\/image2.jpeg\" alt=\"\" width=\"960\" height=\"540\" srcset=\"https:\/\/old.atletikaolomouc.cz\/wp-content\/uploads\/2020\/08\/image2.jpeg 960w, https:\/\/old.atletikaolomouc.cz\/wp-content\/uploads\/2020\/08\/image2-300x169.jpeg 300w, https:\/\/old.atletikaolomouc.cz\/wp-content\/uploads\/2020\/08\/image2-768x432.jpeg 768w, https:\/\/old.atletikaolomouc.cz\/wp-content\/uploads\/2020\/08\/image2-800x450.jpeg 800w\" sizes=\"(max-width: 960px) 100vw, 960px\" \/><\/a><p id=\"caption-attachment-18347\" class=\"wp-caption-text\">Ad\u00e9la Sekyrov\u00e1<\/p><\/div>\n<p>Kompletn\u00ed v\u00fdsledky <a href=\"http:\/\/www.atletikaolomouc.cz\/wp-content\/uploads\/2020\/08\/OSTRAVA-CUP-2020-V\u00ddSLEDKY.pdf\" target=\"_blank\" rel=\"noopener\">zde<\/a><\/p>\n<p>D\u00e1le se tuto sobotu konala tak\u00e9 olomouck\u00e1 zast\u00e1vka Run Tour 2020, kter\u00e9 se stejn\u011b jako lo\u0148sk\u00fd rok z\u00fa\u010dastnil n\u00e1\u0161 atlet ze sekce zdravotn\u011b posti\u017een\u00fdch Du\u0161an \u0160\u010dambura. Tra\u0165 m\u011b\u0159\u00edc\u00ed 5 km zajel v \u010dase 27:54 min., co\u017e znamen\u00e1 je\u0161t\u011b rychlej\u0161\u00ed \u010das ne\u017e loni a tak\u00e9 um\u00edst\u011bn\u00ed do 200 m\u00edst mezi zdrav\u00fdmi b\u011b\u017eci. Du\u0161an jel leto\u0161n\u00ed ro\u010dn\u00edk jako ambasador automobilky Toyota, kter\u00e1 k jeho z\u00e1vodu nato\u010dila kr\u00e1tk\u00e9 video. Odkaz najdete <a href=\"https:\/\/www.youtube.com\/watch?v=Kva6EbVrHiY\" target=\"_blank\" rel=\"noopener\">zde<\/a>.<\/p>\n<p><a href=\"http:\/\/www.atletikaolomouc.cz\/wp-content\/uploads\/2020\/08\/IMG_2271.jpg\"><img decoding=\"async\" loading=\"lazy\" class=\"alignleft size-full wp-image-18353\" src=\"http:\/\/www.atletikaolomouc.cz\/wp-content\/uploads\/2020\/08\/IMG_2271.jpg\" alt=\"\" width=\"2048\" height=\"1364\" srcset=\"https:\/\/old.atletikaolomouc.cz\/wp-content\/uploads\/2020\/08\/IMG_2271.jpg 2048w, https:\/\/old.atletikaolomouc.cz\/wp-content\/uploads\/2020\/08\/IMG_2271-300x200.jpg 300w, https:\/\/old.atletikaolomouc.cz\/wp-content\/uploads\/2020\/08\/IMG_2271-768x512.jpg 768w, https:\/\/old.atletikaolomouc.cz\/wp-content\/uploads\/2020\/08\/IMG_2271-800x533.jpg 800w, https:\/\/old.atletikaolomouc.cz\/wp-content\/uploads\/2020\/08\/IMG_2271-325x215.jpg 325w\" sizes=\"(max-width: 2048px) 100vw, 2048px\" \/><\/a><\/p>\n","protected":false},"excerpt":{"rendered":"<p>V sobotu 15. srpna se konal z\u00e1vod Ostrava Cup 2020, kde nechyb\u011bli ani na\u0161i z\u00e1vodn\u00edci ze sekce zdravotn\u011b posti\u017een\u00fdch sportovc\u016f.<\/p>\n","protected":false},"author":14,"featured_media":18351,"comment_status":"closed","ping_status":"closed","sticky":false,"template":"","format":"standard","meta":{"ngg_post_thumbnail":0},"categories":[5,48,6,37],"tags":[],"_links":{"self":[{"href":"https:\/\/old.atletikaolomouc.cz\/index.php?rest_route=\/wp\/v2\/posts\/18331"}],"collection":[{"href":"https:\/\/old.atletikaolomouc.cz\/index.php?rest_route=\/wp\/v2\/posts"}],"about":[{"href":"https:\/\/old.atletikaolomouc.cz\/index.php?rest_route=\/wp\/v2\/types\/post"}],"author":[{"embeddable":true,"href":"https:\/\/old.atletikaolomouc.cz\/index.php?rest_route=\/wp\/v2\/users\/14"}],"replies":[{"embeddable":true,"href":"https:\/\/old.atletikaolomouc.cz\/index.php?rest_route=%2Fwp%2Fv2%2Fcomments&post=18331"}],"version-history":[{"count":9,"href":"https:\/\/old.atletikaolomouc.cz\/index.php?rest_route=\/wp\/v2\/posts\/18331\/revisions"}],"predecessor-version":[{"id":18359,"href":"https:\/\/old.atletikaolomouc.cz\/index.php?rest_route=\/wp\/v2\/posts\/18331\/revisions\/18359"}],"wp:featuredmedia":[{"embeddable":true,"href":"https:\/\/old.atletikaolomouc.cz\/index.php?rest_route=\/wp\/v2\/media\/18351"}],"wp:attachment":[{"href":"https:\/\/old.atletikaolomouc.cz\/index.php?rest_route=%2Fwp%2Fv2%2Fmedia&parent=18331"}],"wp:term":[{"taxonomy":"category","embeddable":true,"href":"https:\/\/old.atletikaolomouc.cz\/index.php?rest_route=%2Fwp%2Fv2%2Fcategories&post=18331"},{"taxonomy":"post_tag","embeddable":true,"href":"https:\/\/old.atletikaolomouc.cz\/index.php?rest_route=%2Fwp%2Fv2%2Ftags&post=18331"}],"curies":[{"name":"wp","href":"https:\/\/api.w.org\/{rel}","templated":true}]}}