{"id":18856,"date":"2020-09-02T09:12:55","date_gmt":"2020-09-02T07:12:55","guid":{"rendered":"http:\/\/www.atletikaolomouc.cz\/?p=18856"},"modified":"2020-09-04T12:08:37","modified_gmt":"2020-09-04T10:08:37","slug":"zacatek-treninku-atletickych-pripravek","status":"publish","type":"post","link":"https:\/\/old.atletikaolomouc.cz\/?p=18856","title":{"rendered":"Za\u010d\u00e1tek tr\u00e9nink\u016f Atletick\u00fdch p\u0159\u00edpravek"},"content":{"rendered":"\n<p>V\u00e1\u017een\u00ed rodi\u010de,<\/p>\n<p>dovolujeme si V\u00e1m ozn\u00e1mit, \u017ee tr\u00e9ninky atletick\u00fdch \u0161koli\u010dek a atletick\u00fdch p\u0159\u00edpravek <strong>za\u010d\u00ednaj\u00ed v t\u00fddnu od 14. z\u00e1\u0159\u00ed 2020.<\/strong> Na prvn\u00ed tr\u00e9ninky a\u0165 d\u011bti doraz\u00ed u\u017e p\u0159ipraveny na sport, tzn. <strong>sportovn\u00ed oble\u010den\u00ed<\/strong> (uzp\u016fsoben\u00e9 venkovn\u00ed teplot\u011b), <strong>b\u011b\u017eeck\u00e1 obuv a pit\u00ed.<\/strong> V p\u0159\u00edpad\u011b de\u0161tiv\u00e9ho po\u010das\u00ed m\u00e1 ka\u017ed\u00e1 skupina na tr\u00e9nov\u00e1n\u00ed k dispozici vnit\u0159n\u00ed prostory, pros\u00edme tedy, aby m\u011bly d\u011bti <strong>s\u00e1lovou obuv<\/strong>, kterou budou stejn\u011b pot\u0159ebovat a\u017e nastane na p\u0159elomu \u0159\u00edjna-listopadu p\u0159echod do t\u011blocvi\u010den.<\/p>\n<p>D\u00e1le pros\u00edme na prvn\u00ed tr\u00e9ninky p\u0159in\u00e9st p\u0159ihl\u00e1\u0161ku, na kter\u00e9 je nejd\u016fle\u017eit\u011bj\u0161\u00ed \u010d\u00e1st\u00ed <strong>vypln\u011bn\u00e9 potvrzen\u00ed o zdravotn\u00ed zp\u016fsobilosti od l\u00e9ka\u0159e! P\u0159ihl\u00e1\u0161ka ke sta\u017een\u00ed <a href=\"http:\/\/www.atletikaolomouc.cz\/wp-content\/uploads\/2020\/07\/P%C5%99ihl%C3%A1%C5%A1ka-informace-formul%C3%A1%C5%99-zdravotn%C3%AD-zp%C5%AFsobilost-2020.pdf\" target=\"_blank\" rel=\"noopener\">zde<\/a>!<\/strong><\/p>\n<p>Na n\u00e1sleduj\u00edc\u00edm odkazu najdete <a href=\"http:\/\/www.atletikaolomouc.cz\/?page_id=929\" target=\"_blank\" rel=\"noopener\">str\u00e1nku s p\u0159ehledem skupin<\/a>, pro p\u0159\u00edpadn\u00e9 dohled\u00e1n\u00ed \u010dasu a m\u00edsta Va\u0161ich tr\u00e9nink\u016f. Mimo to jsou u jednotliv\u00fdch skupin dopln\u011bni tak\u00e9 tren\u00e9\u0159i, kter\u00e9 si m\u016f\u017eete dohledat&nbsp;<a href=\"http:\/\/www.atletikaolomouc.cz\/?page_id=981\" target=\"_blank\" rel=\"noopener\">zde<\/a>.<br><br><\/p>\n<p>Platbu p\u0159\u00edsp\u011bvku je nutn\u00e9 uhradit v pln\u00e9 v\u00fd\u0161i<strong> nejpozd\u011bji do 31.10.2020 p\u0159evodem na \u00fa\u010det KB 43438811\/0100. Variabiln\u00ed symbol<\/strong>&nbsp;=<strong> rodn\u00e9 \u010d\u00edslo d\u00edt\u011bte!! <\/strong>Bez ud\u00e1n\u00ed variabiln\u00edho symbolu nebudeme schopni Va\u0161i platbu zaevidovat. Evidence zaplacen\u00fdch p\u0159\u00edsp\u011bvk\u016f a odevzdan\u00fdch potvrzen\u00ed od l\u00e9ka\u0159e pro V\u00e1s bude k nahl\u00e9dnut\u00ed na <a href=\"http:\/\/www.atletikaolomouc.cz\/?page_id=929\" target=\"_blank\" rel=\"noopener\">str\u00e1nce s p\u0159ehledem skupin.<\/a><\/p>\n<p>V p\u0159\u00edpad\u011b jak\u00fdchkoliv nejasnost\u00ed nev\u00e1hejte kontaktovat vedouc\u00edho tren\u00e9ra AP Tom\u00e1\u0161e Do\u010dkala na tel. \u010d. +420 725&nbsp;752 767.<\/p>\n","protected":false},"excerpt":{"rendered":"<p>V\u00e1\u017een\u00ed rodi\u010de, dovolujeme si V\u00e1m ozn\u00e1mit, \u017ee tr\u00e9ninky atletick\u00fdch \u0161koli\u010dek a atletick\u00fdch p\u0159\u00edpravek za\u010d\u00ednaj\u00ed v t\u00fddnu od 14. z\u00e1\u0159\u00ed 2020. Na prvn\u00ed tr\u00e9ninky a\u0165 d\u011bti doraz\u00ed u\u017e p\u0159ipraveny na sport, tzn. sportovn\u00ed oble\u010den\u00ed (uzp\u016fsoben\u00e9 venkovn\u00ed teplot\u011b), b\u011b\u017eeck\u00e1 obuv a pit\u00ed. &hellip; <a href=\"https:\/\/old.atletikaolomouc.cz\/?p=18856\">Continue reading <span class=\"meta-nav\">&rarr;<\/span><\/a><\/p>\n","protected":false},"author":14,"featured_media":0,"comment_status":"closed","ping_status":"closed","sticky":false,"template":"","format":"standard","meta":{"ngg_post_thumbnail":0},"categories":[5,19],"tags":[],"_links":{"self":[{"href":"https:\/\/old.atletikaolomouc.cz\/index.php?rest_route=\/wp\/v2\/posts\/18856"}],"collection":[{"href":"https:\/\/old.atletikaolomouc.cz\/index.php?rest_route=\/wp\/v2\/posts"}],"about":[{"href":"https:\/\/old.atletikaolomouc.cz\/index.php?rest_route=\/wp\/v2\/types\/post"}],"author":[{"embeddable":true,"href":"https:\/\/old.atletikaolomouc.cz\/index.php?rest_route=\/wp\/v2\/users\/14"}],"replies":[{"embeddable":true,"href":"https:\/\/old.atletikaolomouc.cz\/index.php?rest_route=%2Fwp%2Fv2%2Fcomments&post=18856"}],"version-history":[{"count":8,"href":"https:\/\/old.atletikaolomouc.cz\/index.php?rest_route=\/wp\/v2\/posts\/18856\/revisions"}],"predecessor-version":[{"id":19015,"href":"https:\/\/old.atletikaolomouc.cz\/index.php?rest_route=\/wp\/v2\/posts\/18856\/revisions\/19015"}],"wp:attachment":[{"href":"https:\/\/old.atletikaolomouc.cz\/index.php?rest_route=%2Fwp%2Fv2%2Fmedia&parent=18856"}],"wp:term":[{"taxonomy":"category","embeddable":true,"href":"https:\/\/old.atletikaolomouc.cz\/index.php?rest_route=%2Fwp%2Fv2%2Fcategories&post=18856"},{"taxonomy":"post_tag","embeddable":true,"href":"https:\/\/old.atletikaolomouc.cz\/index.php?rest_route=%2Fwp%2Fv2%2Ftags&post=18856"}],"curies":[{"name":"wp","href":"https:\/\/api.w.org\/{rel}","templated":true}]}}