{"id":18911,"date":"2020-09-03T13:32:45","date_gmt":"2020-09-03T11:32:45","guid":{"rendered":"http:\/\/www.atletikaolomouc.cz\/?p=18911"},"modified":"2020-09-07T21:50:05","modified_gmt":"2020-09-07T19:50:05","slug":"2-kolo-souteze-druzstev-dorostu-a-junioru","status":"publish","type":"post","link":"https:\/\/old.atletikaolomouc.cz\/?p=18911","title":{"rendered":"2. kolo sout\u011b\u017ee dru\u017estev dorostu a junior\u016f"},"content":{"rendered":"\n<p>V sobotu 29. srpna 2020 se konalo 2. kolo sout\u011b\u017ee dru\u017estev dorostenc\u016f, dorostenek, junior\u016f a juniorek. Olomouck\u00e1 dru\u017estva dorostenc\u016f a juniorek si v T\u0159inci slu\u0161n\u011b na\u0161l\u00e1pla do t\u0159et\u00edho kola a s nejv\u011bt\u0161\u00ed pravd\u011bpodobnost\u00ed u\u017e i na Mistrovstv\u00ed \u010cR.<!--more--><\/p>\n<p>Juniorky Atletick\u00e9ho klubu Olomouc se sice se\u0161ly v T\u0159inci v oslaben\u00e9 sestav\u011b, ale i tak jim z\u00edskan\u00fdch 131 bod\u016f sta\u010dilo na pohodln\u00e9 t\u0159et\u00ed m\u00edsto za t\u00fdmy TJ Sokol Opava a AK Olymp Brno. Nejl\u00e9pe boduj\u00edc\u00ed z\u00e1vodnic\u00ed se na tomto kole stala <strong>Nat\u00e1lie Matu\u0161kov\u00e1<\/strong>, kter\u00e1 skon\u010dila \u010dtvrt\u00e1 ve skoku vysok\u00e9m za 161 cm, p\u00e1t\u00e1 v trojskoku za 10.56 m a p\u0159idala je\u0161t\u011b cenn\u00fdch 5 bod\u016f v hodu o\u0161t\u011bpem. T\u011bsn\u011b za n\u00ed byla se ziskem 17 bod\u016f nejplatn\u011bj\u0161\u00ed \u010dlenkou dru\u017estva <strong>Karol\u00edna Morbitzerov\u00e1<\/strong>. Ta obsadila t\u0159et\u00ed p\u0159\u00ed\u010dku v hodu diskem (36,52 m), v nov\u00e9m osobn\u00edm rekordu 27,52 m skon\u010dila \u0161est\u00e1 v hodu kladivem a na z\u00e1v\u011br obsadila sedmou p\u0159\u00ed\u010dku ve vrhu koul\u00ed (10,21 m). Ve stejn\u00e9m slo\u017een\u00ed discipl\u00edn jako Karol\u00edna startovala tak\u00e9 <strong>Barbora<\/strong> <strong>H\u00e9\u017eov\u00e1,<\/strong> kter\u00e1 obsadila v hodu diskem druh\u00e9 m\u00edsto za v\u00fdkon 37,72 m, \u0161est\u00e9 m\u00edsto ve vrhu koul\u00ed (10,40 m) a dva body je\u0161t\u011b vybojovala za dev\u00e1t\u00e9 m\u00edsto v hodu kladivem.<\/p>\n<div id=\"attachment_18966\" style=\"width: 6010px\" class=\"wp-caption alignnone\"><a href=\"http:\/\/www.atletikaolomouc.cz\/wp-content\/uploads\/2020\/09\/DSC_0816.jpg\"><img aria-describedby=\"caption-attachment-18966\" decoding=\"async\" loading=\"lazy\" class=\"size-full wp-image-18966\" src=\"http:\/\/www.atletikaolomouc.cz\/wp-content\/uploads\/2020\/09\/DSC_0816.jpg\" alt=\"\" width=\"6000\" height=\"4000\" srcset=\"https:\/\/old.atletikaolomouc.cz\/wp-content\/uploads\/2020\/09\/DSC_0816.jpg 6000w, https:\/\/old.atletikaolomouc.cz\/wp-content\/uploads\/2020\/09\/DSC_0816-300x200.jpg 300w, https:\/\/old.atletikaolomouc.cz\/wp-content\/uploads\/2020\/09\/DSC_0816-768x512.jpg 768w, https:\/\/old.atletikaolomouc.cz\/wp-content\/uploads\/2020\/09\/DSC_0816-800x533.jpg 800w, https:\/\/old.atletikaolomouc.cz\/wp-content\/uploads\/2020\/09\/DSC_0816-385x258.jpg 385w\" sizes=\"(max-width: 6000px) 100vw, 6000px\" \/><\/a><p id=\"caption-attachment-18966\" class=\"wp-caption-text\">Fini\u0161 Vojty Hor\u00e1ka v b\u011bhu na 100 m<\/p><\/div>\n<p>Dru\u017estvo olomouck\u00fdch dorostenc\u016f m\u00e1 po lo\u0148sk\u00e9m st\u0159\u00edbrn\u00e9m um\u00edst\u011bn\u00ed na Mistrovstv\u00ed \u010cR rozhodn\u011b i letos medailov\u00e9 ambice a na druh\u00e9m kole to kluci potvrdili v\u00edt\u011bzstv\u00edm o 11 bod\u016f p\u0159ed druhou TJ Jiskrou Otrokovice. Na prvn\u00ed p\u0159\u00ed\u010dce nejl\u00e9pe boduj\u00edc\u00edch \u010dlen\u016f t\u00fdmu se se\u0161li sprinter <strong>Vojt\u011bch Hor\u00e1k<\/strong> a p\u0159ek\u00e1\u017ek\u00e1\u0159 <strong>Jan Barto\u0148<\/strong>. Honza Barto\u0148 zv\u00edt\u011bzil v b\u011bhu na 300 m p\u0159. v \u010dase 40,08 s a tak\u00e9 v b\u011bhu na 110 m p\u0159. v nov\u00e9m sez\u00f3nn\u00edm maximu 14,65 s. Ov\u0161em v\u00fdkony Vojty Hor\u00e1ka cht\u011bj\u00ed obzvl\u00e1\u0161t\u011b vyzdvihnout. Vojta v b\u011bhu na 100 m poko\u0159il hranici jeden\u00e1cti sekund, kdy\u017e zv\u00edt\u011bzil v nov\u00e9m osobn\u00edm rekordu <strong>10,80 s<\/strong> a posunul se tak na prvn\u00ed m\u00edsto celorepublikov\u00fdch tabulek. Podobn\u011b se mu da\u0159ilo tak\u00e9 v b\u011bhu na 200 m, kde prosvi\u0161t\u011bl c\u00edlem v dal\u0161\u00edm &#8222;osob\u00e1ku&#8220; <strong>21,94 s<\/strong> a ten ho v t\u00e9to discipl\u00edn\u011b posunul na druh\u00e9 m\u00edsto v \u010cesk\u00e9 republice a dokonce na dev\u00e1t\u00e9 m\u00edsto v Evrop\u011b.<\/p>\n<div id=\"attachment_18967\" style=\"width: 6010px\" class=\"wp-caption alignnone\"><img aria-describedby=\"caption-attachment-18967\" decoding=\"async\" loading=\"lazy\" class=\"size-full wp-image-18967\" src=\"http:\/\/www.atletikaolomouc.cz\/wp-content\/uploads\/2020\/09\/DSC_0737.jpg\" alt=\"\" width=\"6000\" height=\"4000\" srcset=\"https:\/\/old.atletikaolomouc.cz\/wp-content\/uploads\/2020\/09\/DSC_0737.jpg 6000w, https:\/\/old.atletikaolomouc.cz\/wp-content\/uploads\/2020\/09\/DSC_0737-300x200.jpg 300w, https:\/\/old.atletikaolomouc.cz\/wp-content\/uploads\/2020\/09\/DSC_0737-768x512.jpg 768w, https:\/\/old.atletikaolomouc.cz\/wp-content\/uploads\/2020\/09\/DSC_0737-800x533.jpg 800w, https:\/\/old.atletikaolomouc.cz\/wp-content\/uploads\/2020\/09\/DSC_0737-385x258.jpg 385w\" sizes=\"(max-width: 6000px) 100vw, 6000px\" \/><p id=\"caption-attachment-18967\" class=\"wp-caption-text\">Jirka Novotn\u00fd 458 cm<\/p><\/div>\n<p>Siln\u00e9 zastoupen\u00ed m\u011bli dorostenci tak\u00e9 v technick\u00fdch discipl\u00edn\u00e1ch. <strong>Benedikt Franti\u0161ek Lochmann<\/strong> posb\u00edral&nbsp;za sedm\u00e9 m\u00edsto ve skoku dalek\u00e9m a dv\u011b t\u0159et\u00ed m\u00edsta a rovnou dva &#8222;osob\u00e1ky&#8220; ve skoku vysok\u00e9m (180 cm) a v trojskoku (12,46 m) 19,5 bodu. D\u00e1le je t\u0159eba vyzdvihnout tak\u00e9 kr\u00e1sn\u00fd osobn\u00ed rekord 458 cm<strong> Ji\u0159\u00edho Novotn\u00e9ho<\/strong> ve skoku o ty\u010di a dv\u011b prvn\u00ed m\u00edsta vytrvalc\u016f <strong>Marka K\u00fcnstlera<\/strong> v b\u011bhu na 1500 m a <strong>Michala Hrocha<\/strong> v b\u011bhu 3000 m.<\/p>\n<p>T\u0159et\u00ed kolo se kon\u00e1 26. z\u00e1\u0159\u00ed v B\u0159eclavi a celorepublikov\u00e9 fin\u00e1le pak 3. \u0159\u00edjna v Opav\u011b.<\/p>\n<p>Kompletn\u00ed v\u00fdsledky <a href=\"https:\/\/online.atletika.cz\/vysledky\/45227\" target=\"_blank\" rel=\"noopener\">zde<\/a><\/p>\n<p><a href=\"http:\/\/www.atletikaolomouc.cz\/wp-content\/uploads\/2020\/09\/2020-Zpravodaj-po-2.-kole.pdf\" target=\"_blank\" rel=\"noopener\">Zpravodaj juniorek<\/a><\/p>\n","protected":false},"excerpt":{"rendered":"<p>V sobotu 29. srpna 2020 se konalo 2. kolo sout\u011b\u017ee dru\u017estev dorostenc\u016f, dorostenek, junior\u016f a juniorek. Olomouck\u00e1 dru\u017estva dorostenc\u016f a juniorek si v T\u0159inci slu\u0161n\u011b na\u0161l\u00e1pla do t\u0159et\u00edho kola a s nejv\u011bt\u0161\u00ed pravd\u011bpodobnost\u00ed u\u017e i na Mistrovstv\u00ed \u010cR.<\/p>\n","protected":false},"author":14,"featured_media":18970,"comment_status":"closed","ping_status":"closed","sticky":false,"template":"","format":"standard","meta":{"ngg_post_thumbnail":0},"categories":[5,6,37],"tags":[],"_links":{"self":[{"href":"https:\/\/old.atletikaolomouc.cz\/index.php?rest_route=\/wp\/v2\/posts\/18911"}],"collection":[{"href":"https:\/\/old.atletikaolomouc.cz\/index.php?rest_route=\/wp\/v2\/posts"}],"about":[{"href":"https:\/\/old.atletikaolomouc.cz\/index.php?rest_route=\/wp\/v2\/types\/post"}],"author":[{"embeddable":true,"href":"https:\/\/old.atletikaolomouc.cz\/index.php?rest_route=\/wp\/v2\/users\/14"}],"replies":[{"embeddable":true,"href":"https:\/\/old.atletikaolomouc.cz\/index.php?rest_route=%2Fwp%2Fv2%2Fcomments&post=18911"}],"version-history":[{"count":8,"href":"https:\/\/old.atletikaolomouc.cz\/index.php?rest_route=\/wp\/v2\/posts\/18911\/revisions"}],"predecessor-version":[{"id":19127,"href":"https:\/\/old.atletikaolomouc.cz\/index.php?rest_route=\/wp\/v2\/posts\/18911\/revisions\/19127"}],"wp:featuredmedia":[{"embeddable":true,"href":"https:\/\/old.atletikaolomouc.cz\/index.php?rest_route=\/wp\/v2\/media\/18970"}],"wp:attachment":[{"href":"https:\/\/old.atletikaolomouc.cz\/index.php?rest_route=%2Fwp%2Fv2%2Fmedia&parent=18911"}],"wp:term":[{"taxonomy":"category","embeddable":true,"href":"https:\/\/old.atletikaolomouc.cz\/index.php?rest_route=%2Fwp%2Fv2%2Fcategories&post=18911"},{"taxonomy":"post_tag","embeddable":true,"href":"https:\/\/old.atletikaolomouc.cz\/index.php?rest_route=%2Fwp%2Fv2%2Ftags&post=18911"}],"curies":[{"name":"wp","href":"https:\/\/api.w.org\/{rel}","templated":true}]}}