{"id":18975,"date":"2020-09-03T13:55:25","date_gmt":"2020-09-03T11:55:25","guid":{"rendered":"http:\/\/www.atletikaolomouc.cz\/?p=18975"},"modified":"2020-09-03T13:56:06","modified_gmt":"2020-09-03T11:56:06","slug":"dva-bronzy-z-mistrovstvi-cr-veteranu","status":"publish","type":"post","link":"https:\/\/old.atletikaolomouc.cz\/?p=18975","title":{"rendered":"Dva bronzy z Mistrovstv\u00ed \u010cR veter\u00e1n\u016f"},"content":{"rendered":"\n<p>V sobotu 29. srpna se v Pacov\u011b konalo Mistrovstv\u00ed \u010cesk\u00e9 republiky veter\u00e1n\u016f. Z Atletick\u00e9ho klubu Olomouc se ho z\u00fa\u010dastnili \u010dty\u0159i z\u00e1vodn\u00edci a dohromady z\u00edskali dv\u011b bronzov\u00e9 medaile.<!--more--><\/p>\n<p>Prvn\u00ed bronzovou medaili vybojoval v b\u011bhu na 100 m v kategorii 35-59 let Tom\u00e1\u0161 Podoba za \u010das 11,62 s (v p\u0159epo\u010dtu 11,34 s).<\/p>\n<div id=\"attachment_18978\" style=\"width: 2570px\" class=\"wp-caption alignnone\"><a href=\"http:\/\/www.atletikaolomouc.cz\/wp-content\/uploads\/2020\/09\/podoba-m\u010dr.jpg\"><img aria-describedby=\"caption-attachment-18978\" decoding=\"async\" loading=\"lazy\" class=\"size-full wp-image-18978\" src=\"http:\/\/www.atletikaolomouc.cz\/wp-content\/uploads\/2020\/09\/podoba-m\u010dr.jpg\" alt=\"\" width=\"2560\" height=\"1707\" srcset=\"https:\/\/old.atletikaolomouc.cz\/wp-content\/uploads\/2020\/09\/podoba-m\u010dr.jpg 2560w, https:\/\/old.atletikaolomouc.cz\/wp-content\/uploads\/2020\/09\/podoba-m\u010dr-300x200.jpg 300w, https:\/\/old.atletikaolomouc.cz\/wp-content\/uploads\/2020\/09\/podoba-m\u010dr-768x512.jpg 768w, https:\/\/old.atletikaolomouc.cz\/wp-content\/uploads\/2020\/09\/podoba-m\u010dr-800x533.jpg 800w, https:\/\/old.atletikaolomouc.cz\/wp-content\/uploads\/2020\/09\/podoba-m\u010dr-385x258.jpg 385w\" sizes=\"(max-width: 2560px) 100vw, 2560px\" \/><\/a><p id=\"caption-attachment-18978\" class=\"wp-caption-text\">Tom\u00e1\u0161 Podoba prvn\u00ed zprava<\/p><\/div>\n<p>Dal\u0161\u00ed olomou\u010dt\u00ed z\u00e1vodn\u00edci Milan Sekanina, V\u00e1clav Dostal\u00edk a Rostislav Kov\u00e1\u0159 se z\u00fa\u010dastnili ch\u016fze na 5 km v kategorii 60+. Milan Sekanina do\u0161el v \u010dase 31:24,5 min (v p\u0159epo\u010dtu 23:42,05 min) a to mu sta\u010dilo pr\u00e1v\u011b na ji\u017e zmi\u0148ovanou t\u0159et\u00ed p\u0159\u00ed\u010dku. V\u00e1clav Dostal\u00edk do\u0161el v \u010dase 42:04,89 min (v p\u0159ep. 26:51,39 min) na \u0161est\u00e9m m\u00edst\u011b a hned za n\u00edm skon\u010dil za \u010das 38:06,07 min (v p\u0159ep. 27:50,66 min) Rostislav Kov\u00e1\u0159.<\/p>\n<p>Medailist\u016fm gratulujeme a v\u0161em z\u00e1vodn\u00edk\u016fm p\u0159ejeme hlavn\u011b zdrav\u00ed a a\u0165 si i v dal\u0161\u00edch letech udr\u017e\u00ed sv\u016fj sportovn\u00ed el\u00e1n!<\/p>\n<p>Kompletn\u00ed v\u00fdsledky <a href=\"http:\/\/www.atletikaolomouc.cz\/wp-content\/uploads\/2020\/09\/mcr_2020_pacov.xlsx\" target=\"_blank\" rel=\"noopener\">ke sta\u017een\u00ed zde<\/a><\/p>\n<p>&nbsp;<\/p>\n","protected":false},"excerpt":{"rendered":"<p>V sobotu 29. srpna se v Pacov\u011b konalo Mistrovstv\u00ed \u010cesk\u00e9 republiky veter\u00e1n\u016f. Z Atletick\u00e9ho klubu Olomouc se ho z\u00fa\u010dastnili \u010dty\u0159i z\u00e1vodn\u00edci a dohromady z\u00edskali dv\u011b bronzov\u00e9 medaile.<\/p>\n","protected":false},"author":14,"featured_media":18977,"comment_status":"closed","ping_status":"closed","sticky":false,"template":"","format":"standard","meta":{"ngg_post_thumbnail":0},"categories":[5,6,37],"tags":[],"_links":{"self":[{"href":"https:\/\/old.atletikaolomouc.cz\/index.php?rest_route=\/wp\/v2\/posts\/18975"}],"collection":[{"href":"https:\/\/old.atletikaolomouc.cz\/index.php?rest_route=\/wp\/v2\/posts"}],"about":[{"href":"https:\/\/old.atletikaolomouc.cz\/index.php?rest_route=\/wp\/v2\/types\/post"}],"author":[{"embeddable":true,"href":"https:\/\/old.atletikaolomouc.cz\/index.php?rest_route=\/wp\/v2\/users\/14"}],"replies":[{"embeddable":true,"href":"https:\/\/old.atletikaolomouc.cz\/index.php?rest_route=%2Fwp%2Fv2%2Fcomments&post=18975"}],"version-history":[{"count":2,"href":"https:\/\/old.atletikaolomouc.cz\/index.php?rest_route=\/wp\/v2\/posts\/18975\/revisions"}],"predecessor-version":[{"id":18980,"href":"https:\/\/old.atletikaolomouc.cz\/index.php?rest_route=\/wp\/v2\/posts\/18975\/revisions\/18980"}],"wp:featuredmedia":[{"embeddable":true,"href":"https:\/\/old.atletikaolomouc.cz\/index.php?rest_route=\/wp\/v2\/media\/18977"}],"wp:attachment":[{"href":"https:\/\/old.atletikaolomouc.cz\/index.php?rest_route=%2Fwp%2Fv2%2Fmedia&parent=18975"}],"wp:term":[{"taxonomy":"category","embeddable":true,"href":"https:\/\/old.atletikaolomouc.cz\/index.php?rest_route=%2Fwp%2Fv2%2Fcategories&post=18975"},{"taxonomy":"post_tag","embeddable":true,"href":"https:\/\/old.atletikaolomouc.cz\/index.php?rest_route=%2Fwp%2Fv2%2Ftags&post=18975"}],"curies":[{"name":"wp","href":"https:\/\/api.w.org\/{rel}","templated":true}]}}