{"id":19070,"date":"2020-09-08T12:09:07","date_gmt":"2020-09-08T10:09:07","guid":{"rendered":"http:\/\/www.atletikaolomouc.cz\/?p=19070"},"modified":"2020-09-08T12:31:07","modified_gmt":"2020-09-08T10:31:07","slug":"paralekkoatletyczne-grand-prix-polski-tarnow","status":"publish","type":"post","link":"https:\/\/old.atletikaolomouc.cz\/?p=19070","title":{"rendered":"Paralekkoatletyczne Grand Prix Polski &#8211; Tarn\u00f3w"},"content":{"rendered":"\n<p>Po \u00fasp\u011b\u0161n\u00e9m M\u010cR v Olomouci se na\u0161i atleti vydali na z\u00e1vody do polsk\u00e9ho Tarn\u00f3wa, kde se 28.-30. srpna konalo 2. kolo Grand Prix.<!--more-->V\u00fdsledky na\u0161ich atlet\u016f byly:<br><strong>Eva Kacanu<\/strong>&nbsp;&#8211; si vylep\u0161ila osob\u00e1k v disku!<br><span style=\"text-decoration: underline\"><em>disk 11,11&nbsp;OSOB\u00c1K<\/em><\/span><br>koule 5,20<br>o\u0161t\u011bp 8,90<\/p>\n<div id=\"attachment_19073\" style=\"width: 2058px\" class=\"wp-caption alignnone\"><a href=\"http:\/\/www.atletikaolomouc.cz\/wp-content\/uploads\/2020\/09\/118713305_3214008815343965_1199340796966244116_o.jpg\"><img aria-describedby=\"caption-attachment-19073\" decoding=\"async\" loading=\"lazy\" class=\"size-full wp-image-19073\" src=\"http:\/\/www.atletikaolomouc.cz\/wp-content\/uploads\/2020\/09\/118713305_3214008815343965_1199340796966244116_o.jpg\" alt=\"\" width=\"2048\" height=\"1365\" srcset=\"https:\/\/old.atletikaolomouc.cz\/wp-content\/uploads\/2020\/09\/118713305_3214008815343965_1199340796966244116_o.jpg 2048w, https:\/\/old.atletikaolomouc.cz\/wp-content\/uploads\/2020\/09\/118713305_3214008815343965_1199340796966244116_o-300x200.jpg 300w, https:\/\/old.atletikaolomouc.cz\/wp-content\/uploads\/2020\/09\/118713305_3214008815343965_1199340796966244116_o-768x512.jpg 768w, https:\/\/old.atletikaolomouc.cz\/wp-content\/uploads\/2020\/09\/118713305_3214008815343965_1199340796966244116_o-800x533.jpg 800w, https:\/\/old.atletikaolomouc.cz\/wp-content\/uploads\/2020\/09\/118713305_3214008815343965_1199340796966244116_o-385x258.jpg 385w\" sizes=\"(max-width: 2048px) 100vw, 2048px\" \/><\/a><p id=\"caption-attachment-19073\" class=\"wp-caption-text\">Eva Kacanu<\/p><\/div>\n<p><strong>Du\u0161an \u0160\u010dambura<\/strong> &#8211; poda\u0159ilo se mu zlep\u0161it si disk i kouli oproti Czech openu.<\/p>\n<div>\n<div>\n<div>disk 22,48<\/div>\n<div>koule 8,05<\/div>\n<div>o\u0161t\u011bp 22,80<\/div>\n<\/div>\n<div>\n<div id=\"attachment_19075\" style=\"width: 2058px\" class=\"wp-caption alignnone\"><a href=\"http:\/\/www.atletikaolomouc.cz\/wp-content\/uploads\/2020\/09\/118750300_3214002318677948_9157211142584756195_o.jpg\"><img aria-describedby=\"caption-attachment-19075\" decoding=\"async\" loading=\"lazy\" class=\"size-full wp-image-19075\" src=\"http:\/\/www.atletikaolomouc.cz\/wp-content\/uploads\/2020\/09\/118750300_3214002318677948_9157211142584756195_o.jpg\" alt=\"\" width=\"2048\" height=\"1365\" srcset=\"https:\/\/old.atletikaolomouc.cz\/wp-content\/uploads\/2020\/09\/118750300_3214002318677948_9157211142584756195_o.jpg 2048w, https:\/\/old.atletikaolomouc.cz\/wp-content\/uploads\/2020\/09\/118750300_3214002318677948_9157211142584756195_o-300x200.jpg 300w, https:\/\/old.atletikaolomouc.cz\/wp-content\/uploads\/2020\/09\/118750300_3214002318677948_9157211142584756195_o-768x512.jpg 768w, https:\/\/old.atletikaolomouc.cz\/wp-content\/uploads\/2020\/09\/118750300_3214002318677948_9157211142584756195_o-800x533.jpg 800w, https:\/\/old.atletikaolomouc.cz\/wp-content\/uploads\/2020\/09\/118750300_3214002318677948_9157211142584756195_o-385x258.jpg 385w\" sizes=\"(max-width: 2048px) 100vw, 2048px\" \/><\/a><p id=\"caption-attachment-19075\" class=\"wp-caption-text\">Du\u0161an \u0160\u010dambura<\/p><\/div>\n<p>&nbsp;<\/p>\n<\/div>\n<div><strong>Jan Mo\u0161t\u011bk<\/strong><\/div>\n200m 28,37<br>400m 1:04,02<\/div>\n<div>\n<div id=\"attachment_19074\" style=\"width: 2058px\" class=\"wp-caption alignnone\"><a href=\"http:\/\/www.atletikaolomouc.cz\/wp-content\/uploads\/2020\/09\/118762442_3214026262008887_6271266822533031902_o.jpg\"><img aria-describedby=\"caption-attachment-19074\" decoding=\"async\" loading=\"lazy\" class=\"size-full wp-image-19074\" src=\"http:\/\/www.atletikaolomouc.cz\/wp-content\/uploads\/2020\/09\/118762442_3214026262008887_6271266822533031902_o.jpg\" alt=\"\" width=\"2048\" height=\"1365\" srcset=\"https:\/\/old.atletikaolomouc.cz\/wp-content\/uploads\/2020\/09\/118762442_3214026262008887_6271266822533031902_o.jpg 2048w, https:\/\/old.atletikaolomouc.cz\/wp-content\/uploads\/2020\/09\/118762442_3214026262008887_6271266822533031902_o-300x200.jpg 300w, https:\/\/old.atletikaolomouc.cz\/wp-content\/uploads\/2020\/09\/118762442_3214026262008887_6271266822533031902_o-768x512.jpg 768w, https:\/\/old.atletikaolomouc.cz\/wp-content\/uploads\/2020\/09\/118762442_3214026262008887_6271266822533031902_o-800x533.jpg 800w, https:\/\/old.atletikaolomouc.cz\/wp-content\/uploads\/2020\/09\/118762442_3214026262008887_6271266822533031902_o-385x258.jpg 385w\" sizes=\"(max-width: 2048px) 100vw, 2048px\" \/><\/a><p id=\"caption-attachment-19074\" class=\"wp-caption-text\">Jan Mo\u0161t\u011bk (v 5 dr\u00e1ze s \u010d\u00edslem 12)<\/p><\/div>\n<br>V\u00fdsledky k nahl\u00e9dnut\u00ed jsou tak\u00e9 <a href=\"http:\/\/www.atletikavozickaru.cz\/2020\/hala\/Tarnow,%20POL_2020_08_28.pdf\" target=\"_blank\" rel=\"noopener\">zde<\/a><\/div>\n","protected":false},"excerpt":{"rendered":"<p>Po \u00fasp\u011b\u0161n\u00e9m M\u010cR v Olomouci se na\u0161i atleti vydali na z\u00e1vody do polsk\u00e9ho Tarn\u00f3wa, kde se 28.-30. srpna konalo 2. kolo Grand Prix.<\/p>\n","protected":false},"author":17,"featured_media":19150,"comment_status":"closed","ping_status":"closed","sticky":false,"template":"","format":"standard","meta":{"ngg_post_thumbnail":0},"categories":[48,6],"tags":[],"_links":{"self":[{"href":"https:\/\/old.atletikaolomouc.cz\/index.php?rest_route=\/wp\/v2\/posts\/19070"}],"collection":[{"href":"https:\/\/old.atletikaolomouc.cz\/index.php?rest_route=\/wp\/v2\/posts"}],"about":[{"href":"https:\/\/old.atletikaolomouc.cz\/index.php?rest_route=\/wp\/v2\/types\/post"}],"author":[{"embeddable":true,"href":"https:\/\/old.atletikaolomouc.cz\/index.php?rest_route=\/wp\/v2\/users\/17"}],"replies":[{"embeddable":true,"href":"https:\/\/old.atletikaolomouc.cz\/index.php?rest_route=%2Fwp%2Fv2%2Fcomments&post=19070"}],"version-history":[{"count":8,"href":"https:\/\/old.atletikaolomouc.cz\/index.php?rest_route=\/wp\/v2\/posts\/19070\/revisions"}],"predecessor-version":[{"id":19151,"href":"https:\/\/old.atletikaolomouc.cz\/index.php?rest_route=\/wp\/v2\/posts\/19070\/revisions\/19151"}],"wp:featuredmedia":[{"embeddable":true,"href":"https:\/\/old.atletikaolomouc.cz\/index.php?rest_route=\/wp\/v2\/media\/19150"}],"wp:attachment":[{"href":"https:\/\/old.atletikaolomouc.cz\/index.php?rest_route=%2Fwp%2Fv2%2Fmedia&parent=19070"}],"wp:term":[{"taxonomy":"category","embeddable":true,"href":"https:\/\/old.atletikaolomouc.cz\/index.php?rest_route=%2Fwp%2Fv2%2Fcategories&post=19070"},{"taxonomy":"post_tag","embeddable":true,"href":"https:\/\/old.atletikaolomouc.cz\/index.php?rest_route=%2Fwp%2Fv2%2Ftags&post=19070"}],"curies":[{"name":"wp","href":"https:\/\/api.w.org\/{rel}","templated":true}]}}