{"id":19148,"date":"2020-09-09T13:20:33","date_gmt":"2020-09-09T11:20:33","guid":{"rendered":"http:\/\/www.atletikaolomouc.cz\/?p=19148"},"modified":"2020-09-23T11:18:39","modified_gmt":"2020-09-23T09:18:39","slug":"handi-zlata-tretra-2020","status":"publish","type":"post","link":"https:\/\/old.atletikaolomouc.cz\/?p=19148","title":{"rendered":"Handi Zlat\u00e1 tretra 2020"},"content":{"rendered":"\n<p>Presti\u017en\u00ed z\u00e1vod Zlat\u00e1 tretra v Ostrav\u011b hostila i letos p\u0159idru\u017een\u00fd z\u00e1vod pro handicapovan\u00e9 atlety.&nbsp;<br><!--more--><\/p>\n<p>V pond\u011bl\u00ed 7.z\u00e1\u0159\u00ed 2020 se na v\u00edtkovick\u00e9m atletick\u00e9m stadionu v Ostrav\u011b konala Handi Zlat\u00e1 tretra.&nbsp;Spole\u010dn\u011b s rozb\u011bhy d\u011btsk\u00e9 \u010dokol\u00e1dov\u00e9 tretry z\u00e1vodili ve sv\u00fdch discipl\u00edn\u00e1ch tak\u00e9 handicapovan\u00ed atleti.<\/p>\n<p>Z\u00e1vodilo se v hodu ku\u017eelkou, diskem, o\u0161t\u011bpem a vrhu koul\u00ed.<br>N\u00e1\u0161 klub m\u011bl sv\u00e9 atlety zastoupen\u00e9 v disku a hodu o\u0161t\u011bpem. Z \u0159ad AK ZP Olomouc se z\u00fa\u010dastnili <strong>Filip Varto\u0148, Michal Rotter, Du\u0161an \u0160\u010dambura.<\/strong><\/p>\n<p>Kompletn\u00ed v\u00fdsledky k nahl\u00e9dnut\u00ed <a href=\"http:\/\/www.atletikavozickaru.cz\/2020\/tretra\/tretra20.pdf\">zde.<\/a><\/p>\n<p><strong>Filip <\/strong>obsadil v\u00fdkonem<strong> 12,85 m<\/strong> v disku 6.m\u00edsto<\/p>\n<p><a href=\"http:\/\/www.atletikaolomouc.cz\/wp-content\/uploads\/2020\/09\/IMG_20200907_210447-1.jpg\"><img decoding=\"async\" loading=\"lazy\" class=\"size-full wp-image-19162\" src=\"http:\/\/www.atletikaolomouc.cz\/wp-content\/uploads\/2020\/09\/IMG_20200907_210447-1.jpg\" alt=\"\" width=\"900\" height=\"1600\" srcset=\"https:\/\/old.atletikaolomouc.cz\/wp-content\/uploads\/2020\/09\/IMG_20200907_210447-1.jpg 900w, https:\/\/old.atletikaolomouc.cz\/wp-content\/uploads\/2020\/09\/IMG_20200907_210447-1-169x300.jpg 169w, https:\/\/old.atletikaolomouc.cz\/wp-content\/uploads\/2020\/09\/IMG_20200907_210447-1-768x1365.jpg 768w, https:\/\/old.atletikaolomouc.cz\/wp-content\/uploads\/2020\/09\/IMG_20200907_210447-1-338x600.jpg 338w\" sizes=\"(max-width: 900px) 100vw, 900px\" \/><\/a> Filip Varto\u0148<\/p>\n<p>&nbsp;<\/p>\n<p><strong>Michalovi<\/strong> chyb\u011blo kousek, aby v hodu o\u0161t\u011bpem p\u0159ehodil hranici dvaceti metr\u016f, ale tak skon\u010dil na 4. m\u00edst\u011b p\u011bkn\u00fdm v\u00fdkonem <strong>19,95 m<\/strong>.<\/p>\n<p><a href=\"http:\/\/www.atletikaolomouc.cz\/wp-content\/uploads\/2020\/09\/118989599_637384633846691_971648669488489537_n.jpg\"><img decoding=\"async\" loading=\"lazy\" class=\"size-full wp-image-19159\" src=\"http:\/\/www.atletikaolomouc.cz\/wp-content\/uploads\/2020\/09\/118989599_637384633846691_971648669488489537_n.jpg\" alt=\"\" width=\"1120\" height=\"2000\" srcset=\"https:\/\/old.atletikaolomouc.cz\/wp-content\/uploads\/2020\/09\/118989599_637384633846691_971648669488489537_n.jpg 1120w, https:\/\/old.atletikaolomouc.cz\/wp-content\/uploads\/2020\/09\/118989599_637384633846691_971648669488489537_n-168x300.jpg 168w, https:\/\/old.atletikaolomouc.cz\/wp-content\/uploads\/2020\/09\/118989599_637384633846691_971648669488489537_n-768x1371.jpg 768w, https:\/\/old.atletikaolomouc.cz\/wp-content\/uploads\/2020\/09\/118989599_637384633846691_971648669488489537_n-336x600.jpg 336w\" sizes=\"(max-width: 1120px) 100vw, 1120px\" \/><\/a> Michal Rotter<\/p>\n<p>&nbsp;<\/p>\n<p><strong>Du\u0161an<\/strong> si po\u0159\u00eddil u\u017e svou &#8222;druhou tretru&#8220; a to v\u00fdkonem <strong>22,48 m<\/strong>, kter\u00fdm se dostal na 1.m\u00edsto v hodu o\u0161t\u011bp\u011bm.<\/p>\n<p>Prvn\u00ed tretru z\u00edskal Du\u0161an p\u0159edloni ve stejn\u00e9 discipl\u00edn\u011b.<\/p>\n<p><a href=\"http:\/\/www.atletikaolomouc.cz\/wp-content\/uploads\/2020\/09\/119023503_236536987744220_3150438325412486072_n.jpg\"><img decoding=\"async\" loading=\"lazy\" class=\"size-full wp-image-19172\" src=\"http:\/\/www.atletikaolomouc.cz\/wp-content\/uploads\/2020\/09\/119023503_236536987744220_3150438325412486072_n.jpg\" alt=\"\" width=\"768\" height=\"512\" srcset=\"https:\/\/old.atletikaolomouc.cz\/wp-content\/uploads\/2020\/09\/119023503_236536987744220_3150438325412486072_n.jpg 768w, https:\/\/old.atletikaolomouc.cz\/wp-content\/uploads\/2020\/09\/119023503_236536987744220_3150438325412486072_n-300x200.jpg 300w, https:\/\/old.atletikaolomouc.cz\/wp-content\/uploads\/2020\/09\/119023503_236536987744220_3150438325412486072_n-385x258.jpg 385w\" sizes=\"(max-width: 768px) 100vw, 768px\" \/><\/a> Du\u0161an \u0160\u010dambura<\/p>\n<p><a href=\"http:\/\/www.atletikaolomouc.cz\/wp-content\/uploads\/2020\/09\/IMG-20200908-WA0004.jpg\"><img decoding=\"async\" loading=\"lazy\" class=\"size-full wp-image-19164\" src=\"http:\/\/www.atletikaolomouc.cz\/wp-content\/uploads\/2020\/09\/IMG-20200908-WA0004.jpg\" alt=\"\" width=\"900\" height=\"1600\" srcset=\"https:\/\/old.atletikaolomouc.cz\/wp-content\/uploads\/2020\/09\/IMG-20200908-WA0004.jpg 900w, https:\/\/old.atletikaolomouc.cz\/wp-content\/uploads\/2020\/09\/IMG-20200908-WA0004-169x300.jpg 169w, https:\/\/old.atletikaolomouc.cz\/wp-content\/uploads\/2020\/09\/IMG-20200908-WA0004-768x1365.jpg 768w, https:\/\/old.atletikaolomouc.cz\/wp-content\/uploads\/2020\/09\/IMG-20200908-WA0004-338x600.jpg 338w\" sizes=\"(max-width: 900px) 100vw, 900px\" \/><\/a> &#8222;Druh\u00e1 tretra&#8220;<\/p>\n<p>&nbsp;<\/p>\n","protected":false},"excerpt":{"rendered":"<p>Presti\u017en\u00ed z\u00e1vod Zlat\u00e1 tretra v Ostrav\u011b hostila i letos p\u0159idru\u017een\u00fd z\u00e1vod pro handicapovan\u00e9 atlety.&nbsp;<\/p>\n","protected":false},"author":17,"featured_media":19212,"comment_status":"closed","ping_status":"closed","sticky":false,"template":"","format":"standard","meta":{"ngg_post_thumbnail":0},"categories":[48,6,37],"tags":[],"_links":{"self":[{"href":"https:\/\/old.atletikaolomouc.cz\/index.php?rest_route=\/wp\/v2\/posts\/19148"}],"collection":[{"href":"https:\/\/old.atletikaolomouc.cz\/index.php?rest_route=\/wp\/v2\/posts"}],"about":[{"href":"https:\/\/old.atletikaolomouc.cz\/index.php?rest_route=\/wp\/v2\/types\/post"}],"author":[{"embeddable":true,"href":"https:\/\/old.atletikaolomouc.cz\/index.php?rest_route=\/wp\/v2\/users\/17"}],"replies":[{"embeddable":true,"href":"https:\/\/old.atletikaolomouc.cz\/index.php?rest_route=%2Fwp%2Fv2%2Fcomments&post=19148"}],"version-history":[{"count":14,"href":"https:\/\/old.atletikaolomouc.cz\/index.php?rest_route=\/wp\/v2\/posts\/19148\/revisions"}],"predecessor-version":[{"id":19862,"href":"https:\/\/old.atletikaolomouc.cz\/index.php?rest_route=\/wp\/v2\/posts\/19148\/revisions\/19862"}],"wp:featuredmedia":[{"embeddable":true,"href":"https:\/\/old.atletikaolomouc.cz\/index.php?rest_route=\/wp\/v2\/media\/19212"}],"wp:attachment":[{"href":"https:\/\/old.atletikaolomouc.cz\/index.php?rest_route=%2Fwp%2Fv2%2Fmedia&parent=19148"}],"wp:term":[{"taxonomy":"category","embeddable":true,"href":"https:\/\/old.atletikaolomouc.cz\/index.php?rest_route=%2Fwp%2Fv2%2Fcategories&post=19148"},{"taxonomy":"post_tag","embeddable":true,"href":"https:\/\/old.atletikaolomouc.cz\/index.php?rest_route=%2Fwp%2Fv2%2Ftags&post=19148"}],"curies":[{"name":"wp","href":"https:\/\/api.w.org\/{rel}","templated":true}]}}