{"id":19192,"date":"2020-09-09T14:50:37","date_gmt":"2020-09-09T12:50:37","guid":{"rendered":"http:\/\/www.atletikaolomouc.cz\/?p=19192"},"modified":"2020-09-20T11:47:28","modified_gmt":"2020-09-20T09:47:28","slug":"8-cennych-kovu-z-vikendoveho-mcr-junioru-a-dorostu","status":"publish","type":"post","link":"https:\/\/old.atletikaolomouc.cz\/?p=19192","title":{"rendered":"8 cenn\u00fdch kov\u016f z v\u00edkendov\u00e9ho M\u010cR junior\u016f a dorostu"},"content":{"rendered":"\n<p>O v\u00edkendu 5. &#8211; 6. z\u00e1\u0159\u00ed se na ostravsk\u00e9m stadionu ve V\u00edtkovic\u00edch konalo Mistrovstv\u00ed \u010cesk\u00e9 republiky junior\u016f, juniorek, dorostenc\u016f a dorostenek na dr\u00e1ze.<!--more--><\/p>\n<p>Atletick\u00fd klub Olomouc reprezentovalo 30 atlet\u016f a atletek. Olomou\u010dt\u00ed z\u00e1vodn\u00edci odtud p\u0159ivezli celkem <strong>8 medail\u00ed <\/strong>(4&nbsp;zlat\u00e9, 2 st\u0159\u00edbrn\u00e9 a 2 bronzov\u00e9) a dal\u0161\u00edch 14 um\u00edst\u011bn\u00ed do 8. m\u00edsta.<\/p>\n<p>Prvn\u00ed cenn\u00fd kov vybojovala v sobotu <strong>Eva Kub\u00ed\u010dkov\u00e1<\/strong>, kter\u00e1 dob\u011bhla ve fin\u00e1le b\u011bhu na 100 m p\u0159. v nov\u00e9m rekordu \u0161ampion\u00e1tu<strong> 13,40 s. <\/strong>Na to pak nav\u00e1zala dal\u0161\u00edm zlatem v b\u011bhu na 100 m, kde porazila \u010dasem <strong>11,82 s<\/strong> druhou Hanu Bla\u017ekovou (11,85 s) z Ti\u0161nova.<\/p>\n<div id=\"attachment_19260\" style=\"width: 6010px\" class=\"wp-caption alignnone\"><a href=\"http:\/\/www.atletikaolomouc.cz\/wp-content\/uploads\/2020\/09\/DSC_0299.jpg\"><img aria-describedby=\"caption-attachment-19260\" decoding=\"async\" loading=\"lazy\" class=\"size-full wp-image-19260\" src=\"http:\/\/www.atletikaolomouc.cz\/wp-content\/uploads\/2020\/09\/DSC_0299.jpg\" alt=\"\" width=\"6000\" height=\"4000\" srcset=\"https:\/\/old.atletikaolomouc.cz\/wp-content\/uploads\/2020\/09\/DSC_0299.jpg 6000w, https:\/\/old.atletikaolomouc.cz\/wp-content\/uploads\/2020\/09\/DSC_0299-300x200.jpg 300w, https:\/\/old.atletikaolomouc.cz\/wp-content\/uploads\/2020\/09\/DSC_0299-768x512.jpg 768w, https:\/\/old.atletikaolomouc.cz\/wp-content\/uploads\/2020\/09\/DSC_0299-800x533.jpg 800w, https:\/\/old.atletikaolomouc.cz\/wp-content\/uploads\/2020\/09\/DSC_0299-385x258.jpg 385w\" sizes=\"(max-width: 6000px) 100vw, 6000px\" \/><\/a><p id=\"caption-attachment-19260\" class=\"wp-caption-text\">Eva Kub\u00ed\u010dkov\u00e1<\/p><\/div>\n<p>Ve zlat\u00e9 \u0161\u0148\u016f\u0159e pak Evu n\u00e1sledovala na stejn\u00e9 distanci juniorka&nbsp;<strong>Lucie Mi\u010dunkov\u00e1<\/strong>, kter\u00e1&nbsp;zv\u00edt\u011bzila v \u010dase<strong> 11,77 s<\/strong>, co\u017e pro ni znamenalo nov\u00fd osobn\u00ed rekord a tak\u00e9 nejrychlej\u0161\u00ed \u010das leto\u0161n\u00edch tabulek. To stejn\u00e9 se v rozb\u011bhu na 100 m poda\u0159ilo \u010dasem <strong>10,78 s<\/strong> tak\u00e9 <strong>Vojt\u011bchu Hor\u00e1kovi.<\/strong> Ve fin\u00e1le pak prob\u011bhl c\u00edlem v \u010dase 10,81 s a i to mu sta\u010dilo na prvn\u00ed m\u00edsto. Sobotn\u00ed medailov\u00e9 ta\u017een\u00ed zavr\u0161ili v podve\u010der dorostenci <strong>Fojt, Sl\u00e1dek, \u0160alman a Hor\u00e1k<\/strong>, kte\u0159\u00ed se za \u010das <strong>42,79 s<\/strong> um\u00edstili t\u0159et\u00ed ve \u0161tafet\u011b na 4&#215;100 m.<\/p>\n<div id=\"attachment_19247\" style=\"width: 6010px\" class=\"wp-caption alignnone\"><a href=\"http:\/\/www.atletikaolomouc.cz\/wp-content\/uploads\/2020\/09\/DSC_0414.jpg\"><img aria-describedby=\"caption-attachment-19247\" decoding=\"async\" loading=\"lazy\" class=\"size-full wp-image-19247\" src=\"http:\/\/www.atletikaolomouc.cz\/wp-content\/uploads\/2020\/09\/DSC_0414.jpg\" alt=\"\" width=\"6000\" height=\"4000\" srcset=\"https:\/\/old.atletikaolomouc.cz\/wp-content\/uploads\/2020\/09\/DSC_0414.jpg 6000w, https:\/\/old.atletikaolomouc.cz\/wp-content\/uploads\/2020\/09\/DSC_0414-300x200.jpg 300w, https:\/\/old.atletikaolomouc.cz\/wp-content\/uploads\/2020\/09\/DSC_0414-768x512.jpg 768w, https:\/\/old.atletikaolomouc.cz\/wp-content\/uploads\/2020\/09\/DSC_0414-800x533.jpg 800w, https:\/\/old.atletikaolomouc.cz\/wp-content\/uploads\/2020\/09\/DSC_0414-385x258.jpg 385w\" sizes=\"(max-width: 6000px) 100vw, 6000px\" \/><\/a><p id=\"caption-attachment-19247\" class=\"wp-caption-text\">Vojt\u011bch Hor\u00e1k<\/p><\/div>\n<p>Druh\u00fd den mistrovstv\u00ed potvrdili olomou\u010dt\u00ed sprinte\u0159i svou skv\u011blou formu, kdy\u017e se Lucie Mi\u010dunkov\u00e1, Vojt\u011bch Hor\u00e1k i Eva Kub\u00ed\u010dkov\u00e1 probojovali hladce ze sv\u00fdch rozb\u011bh\u016f do fin\u00e1lov\u00fdch b\u011bh\u016f na 200 m. Eva tam pak bohu\u017eel podlehla t\u0159em soupe\u0159k\u00e1m, Han\u011b Bla\u017ekov\u00e9, Karol\u00edn\u011b Ma\u0148asov\u00e9 a Tereze Lama\u010dov\u00e9 a za \u010das 25,07 s skon\u010dila na \u010dtvrt\u00e9m m\u00edst\u011b.<\/p>\n<div id=\"attachment_19268\" style=\"width: 6010px\" class=\"wp-caption alignnone\"><a href=\"http:\/\/www.atletikaolomouc.cz\/wp-content\/uploads\/2020\/09\/DSC_0373.jpg\"><img aria-describedby=\"caption-attachment-19268\" decoding=\"async\" loading=\"lazy\" class=\"size-full wp-image-19268\" src=\"http:\/\/www.atletikaolomouc.cz\/wp-content\/uploads\/2020\/09\/DSC_0373.jpg\" alt=\"\" width=\"6000\" height=\"4000\" srcset=\"https:\/\/old.atletikaolomouc.cz\/wp-content\/uploads\/2020\/09\/DSC_0373.jpg 6000w, https:\/\/old.atletikaolomouc.cz\/wp-content\/uploads\/2020\/09\/DSC_0373-300x200.jpg 300w, https:\/\/old.atletikaolomouc.cz\/wp-content\/uploads\/2020\/09\/DSC_0373-768x512.jpg 768w, https:\/\/old.atletikaolomouc.cz\/wp-content\/uploads\/2020\/09\/DSC_0373-800x533.jpg 800w, https:\/\/old.atletikaolomouc.cz\/wp-content\/uploads\/2020\/09\/DSC_0373-385x258.jpg 385w\" sizes=\"(max-width: 6000px) 100vw, 6000px\" \/><\/a><p id=\"caption-attachment-19268\" class=\"wp-caption-text\">Lucie Mi\u010dunkov\u00e1<\/p><\/div>\n<p><strong>Lucie Mi\u010dunkov\u00e1<\/strong>&nbsp;z\u00edskala za \u010das <strong>24,63 s<\/strong> st\u0159\u00edbrnou medaili a <strong>Vojt\u011bch Hor\u00e1k<\/strong> b\u011b\u017eel jen necel\u00e9 2 desetiny za sv\u00fdm osobn\u00edm maximem a dob\u011bhl tak\u00e9 druh\u00fd v \u010dase <strong>22,11 s. <\/strong>Na z\u00e1v\u011br dne se op\u011bt vyda\u0159ila \u0161tafeta, tentokr\u00e1t na 4&#215;400 m, kterou v barv\u00e1ch Atletick\u00e9ho klubu Olomouc b\u011b\u017eeli<strong> \u0160alman, Hroch, Jakob a Hor\u00e1k<\/strong> a za \u010das <strong>3:27, 87 min<\/strong> vybojovali posledn\u00ed cenn\u00fd kov a to bronz.<\/p>\n<div id=\"attachment_19273\" style=\"width: 6010px\" class=\"wp-caption alignnone\"><a href=\"http:\/\/www.atletikaolomouc.cz\/wp-content\/uploads\/2020\/09\/DSC_0782.jpg\"><img aria-describedby=\"caption-attachment-19273\" decoding=\"async\" loading=\"lazy\" class=\"size-full wp-image-19273\" src=\"http:\/\/www.atletikaolomouc.cz\/wp-content\/uploads\/2020\/09\/DSC_0782.jpg\" alt=\"\" width=\"6000\" height=\"4000\" srcset=\"https:\/\/old.atletikaolomouc.cz\/wp-content\/uploads\/2020\/09\/DSC_0782.jpg 6000w, https:\/\/old.atletikaolomouc.cz\/wp-content\/uploads\/2020\/09\/DSC_0782-300x200.jpg 300w, https:\/\/old.atletikaolomouc.cz\/wp-content\/uploads\/2020\/09\/DSC_0782-768x512.jpg 768w, https:\/\/old.atletikaolomouc.cz\/wp-content\/uploads\/2020\/09\/DSC_0782-800x533.jpg 800w, https:\/\/old.atletikaolomouc.cz\/wp-content\/uploads\/2020\/09\/DSC_0782-385x258.jpg 385w\" sizes=\"(max-width: 6000px) 100vw, 6000px\" \/><\/a><p id=\"caption-attachment-19273\" class=\"wp-caption-text\">Zprava Jakob, \u0160alman, Hroch a Hor\u00e1k<\/p><\/div>\n<p>Skv\u011ble n\u00e1s tak\u00e9 reprezentoval tak\u00e9 <strong>Michal Hroch. <\/strong>V&nbsp;b\u011bhu na 2000 m p\u0159. zab\u011bhl osobn\u00ed a tak\u00e9 odd\u00edlov\u00fd rekord 6:10,66 min., kter\u00fd v\u0161ak sta\u010dil pouze na nepopul\u00e1rn\u00ed \u010dtvrtou p\u0159\u00ed\u010dku. Dal\u0161\u00ed fin\u00e1lov\u00e9 um\u00edst\u011bn\u00ed p\u0159idal v ned\u011bli v b\u011bhu na 3000 m, kde skon\u010dil \u010dasem 9:01,49 min na 5. m\u00edst\u011b.<\/p>\n<p>V\u00edceboja\u0159&nbsp;<strong>Jon\u00e1\u0161 Posp\u00ed\u0161il<\/strong>&nbsp;skon\u010dil na d\u011blen\u00e9m \u010dtvrt\u00e9m m\u00edst\u011b ve skoku vysok\u00e9m junior\u016f za v\u00fdkon 195 cm. <strong>Karol\u00edna Morbitzerov\u00e1<\/strong> hodila diskem 37,55 m, jen dvacet centimetr\u016f za sv\u016fj osobn\u00ed rekord a skon\u010dila tak\u00e9 \u010dtvrt\u00e1. Jej\u00ed tr\u00e9ninkov\u00e1 kolegyn\u011b <strong>Barbora H\u00e9\u017eov\u00e1 <\/strong>skon\u010dila v hodu diskem dorostenek tak\u00e9 na neobl\u00edben\u00e9m 4. m\u00edst\u011b za v\u00fdkon 37,06 m. Dal\u0161\u00ed &#8222;bramborovou&#8220; medaili vybojoval ve skoku o ty\u010di <strong>Ji\u0159\u00ed Novotn\u00fd<\/strong> za 434 cm. A dal\u0161\u00ed 4. p\u0159\u00ed\u010dku obsadil ve skoku dalek\u00e9m junior\u016f <strong>Samuel Lawson<\/strong> za v\u00fdkon 671 cm.<\/p>\n<div id=\"attachment_19311\" style=\"width: 4514px\" class=\"wp-caption alignnone\"><a href=\"http:\/\/www.atletikaolomouc.cz\/wp-content\/uploads\/2020\/09\/DSC_0642.jpg\"><img aria-describedby=\"caption-attachment-19311\" decoding=\"async\" loading=\"lazy\" class=\"size-full wp-image-19311\" src=\"http:\/\/www.atletikaolomouc.cz\/wp-content\/uploads\/2020\/09\/DSC_0642.jpg\" alt=\"\" width=\"4504\" height=\"3003\" srcset=\"https:\/\/old.atletikaolomouc.cz\/wp-content\/uploads\/2020\/09\/DSC_0642.jpg 4504w, https:\/\/old.atletikaolomouc.cz\/wp-content\/uploads\/2020\/09\/DSC_0642-300x200.jpg 300w, https:\/\/old.atletikaolomouc.cz\/wp-content\/uploads\/2020\/09\/DSC_0642-768x512.jpg 768w, https:\/\/old.atletikaolomouc.cz\/wp-content\/uploads\/2020\/09\/DSC_0642-800x533.jpg 800w, https:\/\/old.atletikaolomouc.cz\/wp-content\/uploads\/2020\/09\/DSC_0642-385x258.jpg 385w\" sizes=\"(max-width: 4504px) 100vw, 4504px\" \/><\/a><p id=\"caption-attachment-19311\" class=\"wp-caption-text\">Jon\u00e1\u0161 Posp\u00ed\u0161il<\/p><\/div>\n<p>V\u00fdsledky atlet\u016f AK Olomouc na M\u010cR Gigant:<\/p>\n<table style=\"height: 1489px; width: 561px;\" border=\"2\" width=\"561\">\n<tbody>\n<tr style=\"height: 30px;\">\n<td style=\"width: 135.2px; height: 30px;\">Eva Kub\u00ed\u010dkov\u00e1<\/td>\n<td style=\"width: 90.4px; height: 30px;\">dorostenky<\/td>\n<td style=\"width: 76px; height: 30px;\">100 m p\u0159.<\/td>\n<td style=\"width: 62.4px; height: 30px;\">13,40 s.<\/td>\n<td style=\"width: 68.8px; height: 30px;\">1. m\u00edsto<\/td>\n<td style=\"width: 115.2px; height: 30px;\">rekord M\u010cR<\/td>\n<\/tr>\n<tr style=\"height: 30px;\">\n<td style=\"width: 135.2px; height: 30px;\">Eva Kub\u00ed\u010dkov\u00e1<\/td>\n<td style=\"width: 90.4px; height: 30px;\">dorostenky<\/td>\n<td style=\"width: 76px; height: 30px;\">100 m<\/td>\n<td style=\"width: 62.4px; height: 30px;\">11,82 s.<\/td>\n<td style=\"width: 68.8px; height: 30px;\">1. m\u00edsto<\/td>\n<td style=\"width: 115.2px; height: 30px;\">&nbsp;<\/td>\n<\/tr>\n<tr style=\"height: 59px;\">\n<td style=\"width: 135.2px; height: 59px;\">Vojt\u011bch Hor\u00e1k<\/td>\n<td style=\"width: 90.4px; height: 59px;\">dorostenci<\/td>\n<td style=\"width: 76px; height: 59px;\">100 m<\/td>\n<td style=\"width: 62.4px; height: 59px;\">10,81 s.<\/td>\n<td style=\"width: 68.8px; height: 59px;\">1. m\u00edsto<\/td>\n<td style=\"width: 115.2px; height: 59px;\">rozb\u011bh 10,79 s.<\/td>\n<\/tr>\n<tr style=\"height: 30px;\">\n<td style=\"width: 135.2px; height: 30px;\">Lucie Mi\u010dunkov\u00e1<\/td>\n<td style=\"width: 90.4px; height: 30px;\">juniorky<\/td>\n<td style=\"width: 76px; height: 30px;\">100 m<\/td>\n<td style=\"width: 62.4px; height: 30px;\">11,77 s.<\/td>\n<td style=\"width: 68.8px; height: 30px;\">1. m\u00edsto<\/td>\n<td style=\"width: 115.2px; height: 30px;\">&nbsp;<\/td>\n<\/tr>\n<tr style=\"height: 30px;\">\n<td style=\"width: 135.2px; height: 30px;\">Vojt\u011bch Hor\u00e1k<\/td>\n<td style=\"width: 90.4px; height: 30px;\">dorostenci<\/td>\n<td style=\"width: 76px; height: 30px;\">200 m<\/td>\n<td style=\"width: 62.4px; height: 30px;\">22,11 s.<\/td>\n<td style=\"width: 68.8px; height: 30px;\">2. m\u00edsto<\/td>\n<td style=\"width: 115.2px; height: 30px;\">&nbsp;<\/td>\n<\/tr>\n<tr style=\"height: 30px;\">\n<td style=\"width: 135.2px; height: 30px;\">Lucie Mi\u010dunkov\u00e1<\/td>\n<td style=\"width: 90.4px; height: 30px;\">juniorky<\/td>\n<td style=\"width: 76px; height: 30px;\">200 m<\/td>\n<td style=\"width: 62.4px; height: 30px;\">24,63 s.<\/td>\n<td style=\"width: 68.8px; height: 30px;\">2. m\u00edsto<\/td>\n<td style=\"width: 115.2px; height: 30px;\">&nbsp;<\/td>\n<\/tr>\n<tr style=\"height: 59px;\">\n<td style=\"width: 135.2px; height: 59px;\">Fojt, Sl\u00e1dek, \u0160alman, Hor\u00e1k<\/td>\n<td style=\"width: 90.4px; height: 59px;\">dorostenci<\/td>\n<td style=\"width: 76px; height: 59px;\">4&#215;100 m<\/td>\n<td style=\"width: 62.4px; height: 59px;\">42,79 s.<\/td>\n<td style=\"width: 68.8px; height: 59px;\">3. m\u00edsto<\/td>\n<td style=\"width: 115.2px; height: 59px;\">&nbsp;<\/td>\n<\/tr>\n<tr style=\"height: 59px;\">\n<td style=\"width: 135.2px; height: 59px;\">\u0160alman, Hroch, Jakob, Hor\u00e1k<\/td>\n<td style=\"width: 90.4px; height: 59px;\">dorostenci<\/td>\n<td style=\"width: 76px; height: 59px;\">4&#215;400 m<\/td>\n<td style=\"width: 62.4px; height: 59px;\">3:27,87 min.<\/td>\n<td style=\"width: 68.8px; height: 59px;\">3. m\u00edsto<\/td>\n<td style=\"width: 115.2px; height: 59px;\">&nbsp;<\/td>\n<\/tr>\n<tr style=\"height: 30px;\">\n<td style=\"width: 135.2px; height: 30px;\">Eva Kub\u00ed\u010dkov\u00e1<\/td>\n<td style=\"width: 90.4px; height: 30px;\">dorostenky<\/td>\n<td style=\"width: 76px; height: 30px;\">200 m<\/td>\n<td style=\"width: 62.4px; height: 30px;\">25,07 s.<\/td>\n<td style=\"width: 68.8px; height: 30px;\">4. m\u00edsto<\/td>\n<td style=\"width: 115.2px; height: 30px;\">&nbsp;<\/td>\n<\/tr>\n<tr style=\"height: 59px;\">\n<td style=\"width: 135.2px; height: 59px;\">Michal Hroch<\/td>\n<td style=\"width: 90.4px; height: 59px;\">dorostenci<\/td>\n<td style=\"width: 76px; height: 59px;\">2000 m p\u0159.<\/td>\n<td style=\"width: 62.4px; height: 59px;\">6:10,66 min.<\/td>\n<td style=\"width: 68.8px; height: 59px;\">4. m\u00edsto<\/td>\n<td style=\"width: 115.2px; height: 59px;\">odd\u00edlov\u00fd rekord<\/td>\n<\/tr>\n<tr style=\"height: 30px;\">\n<td style=\"width: 135.2px; height: 30px;\">Jon\u00e1\u0161 Posp\u00ed\u0161il<\/td>\n<td style=\"width: 90.4px; height: 30px;\">junio\u0159i<\/td>\n<td style=\"width: 76px; height: 30px;\">v\u00fd\u0161ka<\/td>\n<td style=\"width: 62.4px; height: 30px;\">195 cm<\/td>\n<td style=\"width: 68.8px; height: 30px;\">4. m\u00edsto<\/td>\n<td style=\"width: 115.2px; height: 30px;\">&nbsp;<\/td>\n<\/tr>\n<tr style=\"height: 30px;\">\n<td style=\"width: 135.2px; height: 30px;\">Ji\u0159\u00ed Novotn\u00fd<\/td>\n<td style=\"width: 90.4px; height: 30px;\">dorostenci<\/td>\n<td style=\"width: 76px; height: 30px;\">ty\u010d<\/td>\n<td style=\"width: 62.4px; height: 30px;\">434 cm<\/td>\n<td style=\"width: 68.8px; height: 30px;\">4. m\u00edsto<\/td>\n<td style=\"width: 115.2px; height: 30px;\">&nbsp;<\/td>\n<\/tr>\n<tr style=\"height: 30px;\">\n<td style=\"width: 135.2px; height: 30px;\">Samuel Lawson<\/td>\n<td style=\"width: 90.4px; height: 30px;\">junio\u0159i<\/td>\n<td style=\"width: 76px; height: 30px;\">d\u00e1lka<\/td>\n<td style=\"width: 62.4px; height: 30px;\">671 cm<\/td>\n<td style=\"width: 68.8px; height: 30px;\">4. m\u00edsto<\/td>\n<td style=\"width: 115.2px; height: 30px;\">&nbsp;<\/td>\n<\/tr>\n<tr style=\"height: 59px;\">\n<td style=\"width: 135.2px; height: 59px;\">Karol\u00edna Morbitzerov\u00e1<\/td>\n<td style=\"width: 90.4px; height: 59px;\">juniorky<\/td>\n<td style=\"width: 76px; height: 59px;\">disk<\/td>\n<td style=\"width: 62.4px; height: 59px;\">37,55 m<\/td>\n<td style=\"width: 68.8px; height: 59px;\">4. m\u00edsto<\/td>\n<td style=\"width: 115.2px; height: 59px;\">&nbsp;<\/td>\n<\/tr>\n<tr style=\"height: 30px;\">\n<td style=\"width: 135.2px; height: 30px;\">Barbora H\u00e9\u017eov\u00e1<\/td>\n<td style=\"width: 90.4px; height: 30px;\">dorostenky<\/td>\n<td style=\"width: 76px; height: 30px;\">disk<\/td>\n<td style=\"width: 62.4px; height: 30px;\">37,06 m<\/td>\n<td style=\"width: 68.8px; height: 30px;\">4. m\u00edsto<\/td>\n<td style=\"width: 115.2px; height: 30px;\">&nbsp;<\/td>\n<\/tr>\n<tr style=\"height: 59px;\">\n<td style=\"width: 135.2px; height: 59px;\">Michal Hroch<\/td>\n<td style=\"width: 90.4px; height: 59px;\">dorostenci<\/td>\n<td style=\"width: 76px; height: 59px;\">3000 m<\/td>\n<td style=\"width: 62.4px; height: 59px;\">9:01,49 min.<\/td>\n<td style=\"width: 68.8px; height: 59px;\">5. m\u00edsto<\/td>\n<td style=\"width: 115.2px; height: 59px;\">&nbsp;<\/td>\n<\/tr>\n<tr style=\"height: 30px;\">\n<td style=\"width: 135.2px; height: 30px;\">Mat\u011bj H\u00e1p<\/td>\n<td style=\"width: 90.4px; height: 30px;\">dorostenci<\/td>\n<td style=\"width: 76px; height: 30px;\">v\u00fd\u0161ka<\/td>\n<td style=\"width: 62.4px; height: 30px;\">184 cm<\/td>\n<td style=\"width: 68.8px; height: 30px;\">5. m\u00edsto<\/td>\n<td style=\"width: 115.2px; height: 30px;\">&nbsp;<\/td>\n<\/tr>\n<tr style=\"height: 30px;\">\n<td style=\"width: 135.2px; height: 30px;\">Anna Gregu\u0161ov\u00e1<\/td>\n<td style=\"width: 90.4px; height: 30px;\">juniorky<\/td>\n<td style=\"width: 76px; height: 30px;\">v\u00fd\u0161ka<\/td>\n<td style=\"width: 62.4px; height: 30px;\">163 cm<\/td>\n<td style=\"width: 68.8px; height: 30px;\">6. m\u00edsto<\/td>\n<td style=\"width: 115.2px; height: 30px;\">&nbsp;<\/td>\n<\/tr>\n<tr style=\"height: 30px;\">\n<td style=\"width: 135.2px; height: 30px;\">Veronika Jir\u00e1\u010dkov\u00e1<\/td>\n<td style=\"width: 90.4px; height: 30px;\">juniorky<\/td>\n<td style=\"width: 76px; height: 30px;\">ty\u010d<\/td>\n<td style=\"width: 62.4px; height: 30px;\">325 cm<\/td>\n<td style=\"width: 68.8px; height: 30px;\">6. m\u00edsto<\/td>\n<td style=\"width: 115.2px; height: 30px;\">&nbsp;<\/td>\n<\/tr>\n<tr style=\"height: 30px;\">\n<td style=\"width: 135.2px; height: 30px;\">Jon\u00e1\u0161 Posp\u00ed\u0161il<\/td>\n<td style=\"width: 90.4px; height: 30px;\">junio\u0159i<\/td>\n<td style=\"width: 76px; height: 30px;\">ty\u010d<\/td>\n<td style=\"width: 62.4px; height: 30px;\">414 cm<\/td>\n<td style=\"width: 68.8px; height: 30px;\">7. m\u00edsto<\/td>\n<td style=\"width: 115.2px; height: 30px;\">&nbsp;<\/td>\n<\/tr>\n<tr style=\"height: 30px;\">\n<td style=\"width: 135.2px; height: 30px;\">Alena Levkov\u00e1<\/td>\n<td style=\"width: 90.4px; height: 30px;\">dorostenky<\/td>\n<td style=\"width: 76px; height: 30px;\">v\u00fd\u0161ka<\/td>\n<td style=\"width: 62.4px; height: 30px;\">158 cm<\/td>\n<td style=\"width: 68.8px; height: 30px;\">8. m\u00edsto<\/td>\n<td style=\"width: 115.2px; height: 30px;\">&nbsp;<\/td>\n<\/tr>\n<tr style=\"height: 30px;\">\n<td style=\"width: 135.2px; height: 30px;\">Ji\u0159\u00ed Zedn\u00edk<\/td>\n<td style=\"width: 90.4px; height: 30px;\">dorostenci<\/td>\n<td style=\"width: 76px; height: 30px;\">ty\u010d<\/td>\n<td style=\"width: 62.4px; height: 30px;\">404 cm<\/td>\n<td style=\"width: 68.8px; height: 30px;\">8. m\u00edsto<\/td>\n<td style=\"width: 115.2px; height: 30px;\">&nbsp;<\/td>\n<\/tr>\n<tr style=\"height: 30px;\">\n<td style=\"width: 135.2px; height: 30px;\">Anna Jen\u010dke<\/td>\n<td style=\"width: 90.4px; height: 30px;\">juniorky<\/td>\n<td style=\"width: 76px; height: 30px;\">disk<\/td>\n<td style=\"width: 62.4px; height: 30px;\">33,46 m<\/td>\n<td style=\"width: 68.8px; height: 30px;\">8. m\u00edsto<\/td>\n<td style=\"width: 115.2px; height: 30px;\">&nbsp;<\/td>\n<\/tr>\n<tr style=\"height: 30px;\">\n<td style=\"width: 135.2px; height: 30px;\">Jon\u00e1\u0161 Posp\u00ed\u0161il<\/td>\n<td style=\"width: 90.4px; height: 30px;\">junio\u0159i<\/td>\n<td style=\"width: 76px; height: 30px;\">trojskok<\/td>\n<td style=\"width: 62.4px; height: 30px;\">13,08 m<\/td>\n<td style=\"width: 68.8px; height: 30px;\">9. m\u00edsto<\/td>\n<td style=\"width: 115.2px; height: 30px;\">&nbsp;<\/td>\n<\/tr>\n<tr style=\"height: 30px;\">\n<td style=\"width: 135.2px; height: 30px;\">Daniel Matu\u0161\u00edk<\/td>\n<td style=\"width: 90.4px; height: 30px;\">dorostenci<\/td>\n<td style=\"width: 76px; height: 30px;\">koule<\/td>\n<td style=\"width: 62.4px; height: 30px;\">14,96 m<\/td>\n<td style=\"width: 68.8px; height: 30px;\">9. m\u00edsto<\/td>\n<td style=\"width: 115.2px; height: 30px;\">&nbsp;<\/td>\n<\/tr>\n<tr style=\"height: 30px;\">\n<td style=\"width: 135.2px; height: 30px;\">Daniel Matu\u0161\u00edk<\/td>\n<td style=\"width: 90.4px; height: 30px;\">dorostenci<\/td>\n<td style=\"width: 76px; height: 30px;\">disk<\/td>\n<td style=\"width: 62.4px; height: 30px;\">41,77 m<\/td>\n<td style=\"width: 68.8px; height: 30px;\">11. m\u00edsto<\/td>\n<td style=\"width: 115.2px; height: 30px;\">&nbsp;<\/td>\n<\/tr>\n<tr style=\"height: 30px;\">\n<td style=\"width: 135.2px; height: 30px;\">Eli\u0161ka Henklov\u00e1<\/td>\n<td style=\"width: 90.4px; height: 30px;\">juniorky<\/td>\n<td style=\"width: 76px; height: 30px;\">ty\u010d<\/td>\n<td style=\"width: 62.4px; height: 30px;\">270 cm<\/td>\n<td style=\"width: 68.8px; height: 30px;\">13. m\u00edsto<\/td>\n<td style=\"width: 115.2px; height: 30px;\">&nbsp;<\/td>\n<\/tr>\n<tr style=\"height: 59px;\">\n<td style=\"width: 135.2px; height: 59px;\">Benedikt Lochman<\/td>\n<td style=\"width: 90.4px; height: 59px;\">dorostenci<\/td>\n<td style=\"width: 76px; height: 59px;\">v\u00fd\u0161ka<\/td>\n<td style=\"width: 62.4px; height: 59px;\">174 cm<\/td>\n<td style=\"width: 68.8px; height: 59px;\">14. m\u00edsto<\/td>\n<td style=\"width: 115.2px; height: 59px;\">&nbsp;<\/td>\n<\/tr>\n<tr style=\"height: 59px;\">\n<td style=\"width: 135.2px; height: 59px;\">Nicola Mikulkov\u00e1<\/td>\n<td style=\"width: 90.4px; height: 59px;\">dorostenky<\/td>\n<td style=\"width: 76px; height: 59px;\">2000 m p\u0159.<\/td>\n<td style=\"width: 62.4px; height: 59px;\">8:51,00 min.<\/td>\n<td style=\"width: 68.8px; height: 59px;\">15. m\u00edsto<\/td>\n<td style=\"width: 115.2px; height: 59px;\">&nbsp;<\/td>\n<\/tr>\n<tr style=\"height: 59px;\">\n<td style=\"width: 135.2px; height: 59px;\">Michal Haluz\u00edk<\/td>\n<td style=\"width: 90.4px; height: 59px;\">dorostenci<\/td>\n<td style=\"width: 76px; height: 59px;\">2000 m p\u0159.<\/td>\n<td style=\"width: 62.4px; height: 59px;\">6:56,71 min.<\/td>\n<td style=\"width: 68.8px; height: 59px;\">17. m\u00edsto<\/td>\n<td style=\"width: 115.2px; height: 59px;\">&nbsp;<\/td>\n<\/tr>\n<tr style=\"height: 30px;\">\n<td style=\"width: 135.2px; height: 30px;\">Kry\u0161tof Sl\u00e1dek<\/td>\n<td style=\"width: 90.4px; height: 30px;\">dorostenci<\/td>\n<td style=\"width: 76px; height: 30px;\">100 m<\/td>\n<td style=\"width: 62.4px; height: 30px;\">11,58 s.<\/td>\n<td style=\"width: 68.8px; height: 30px;\">rozb\u011bh<\/td>\n<td style=\"width: 115.2px; height: 30px;\">&nbsp;<\/td>\n<\/tr>\n<tr style=\"height: 30px;\">\n<td style=\"width: 135.2px; height: 30px;\">Ond\u0159ej Fojt<\/td>\n<td style=\"width: 90.4px; height: 30px;\">dorostenci<\/td>\n<td style=\"width: 76px; height: 30px;\">100 m<\/td>\n<td style=\"width: 62.4px; height: 30px;\">11,29 s.<\/td>\n<td style=\"width: 68.8px; height: 30px;\">rozb\u011bh<\/td>\n<td style=\"width: 115.2px; height: 30px;\">&nbsp;<\/td>\n<\/tr>\n<tr style=\"height: 30px;\">\n<td style=\"width: 135.2px; height: 30px;\">Ond\u0159ej Fojt<\/td>\n<td style=\"width: 90.4px; height: 30px;\">dorostenci<\/td>\n<td style=\"width: 76px; height: 30px;\">200 m<\/td>\n<td style=\"width: 62.4px; height: 30px;\">23,08 s.<\/td>\n<td style=\"width: 68.8px; height: 30px;\">rozb\u011bh<\/td>\n<td style=\"width: 115.2px; height: 30px;\">&nbsp;<\/td>\n<\/tr>\n<tr style=\"height: 30px;\">\n<td style=\"width: 135.2px; height: 30px;\">\u0160imon Kika<\/td>\n<td style=\"width: 90.4px; height: 30px;\">dorostenci<\/td>\n<td style=\"width: 76px; height: 30px;\">100 m<\/td>\n<td style=\"width: 62.4px; height: 30px;\">11,47 s.<\/td>\n<td style=\"width: 68.8px; height: 30px;\">rozb\u011bh<\/td>\n<td style=\"width: 115.2px; height: 30px;\">&nbsp;<\/td>\n<\/tr>\n<tr style=\"height: 30px;\">\n<td style=\"width: 135.2px; height: 30px;\">Karel Brychta<\/td>\n<td style=\"width: 90.4px; height: 30px;\">dorostenci<\/td>\n<td style=\"width: 76px; height: 30px;\">200 m<\/td>\n<td style=\"width: 62.4px; height: 30px;\">23,28 s.<\/td>\n<td style=\"width: 68.8px; height: 30px;\">rozb\u011bh<\/td>\n<td style=\"width: 115.2px; height: 30px;\">&nbsp;<\/td>\n<\/tr>\n<tr style=\"height: 30px;\">\n<td style=\"width: 135.2px; height: 30px;\">Jan \u0160alman<\/td>\n<td style=\"width: 90.4px; height: 30px;\">dorostenci<\/td>\n<td style=\"width: 76px; height: 30px;\">400 m<\/td>\n<td style=\"width: 62.4px; height: 30px;\">50,53 s.<\/td>\n<td style=\"width: 68.8px; height: 30px;\">rozb\u011bh<\/td>\n<td style=\"width: 115.2px; height: 30px;\">&nbsp;<\/td>\n<\/tr>\n<tr style=\"height: 30px;\">\n<td style=\"width: 135.2px; height: 30px;\">Benjamin Jakob<\/td>\n<td style=\"width: 90.4px; height: 30px;\">dorostenci<\/td>\n<td style=\"width: 76px; height: 30px;\">400 m<\/td>\n<td style=\"width: 62.4px; height: 30px;\">52,44 s.<\/td>\n<td style=\"width: 68.8px; height: 30px;\">rozb\u011bh<\/td>\n<td style=\"width: 115.2px; height: 30px;\">&nbsp;<\/td>\n<\/tr>\n<tr style=\"height: 59px;\">\n<td style=\"width: 135.2px; height: 59px;\">Bed\u0159ich Zahradn\u00edk<\/td>\n<td style=\"width: 90.4px; height: 59px;\">dorostenci<\/td>\n<td style=\"width: 76px; height: 59px;\">800 m<\/td>\n<td style=\"width: 62.4px; height: 59px;\">2:01,25 min.<\/td>\n<td style=\"width: 68.8px; height: 59px;\">rozb\u011bh<\/td>\n<td style=\"width: 115.2px; height: 59px;\">&nbsp;<\/td>\n<\/tr>\n<tr style=\"height: 59px;\">\n<td style=\"width: 135.2px; height: 59px;\">Marek K\u00fcnstler<\/td>\n<td style=\"width: 90.4px; height: 59px;\">dorostenci<\/td>\n<td style=\"width: 76px; height: 59px;\">800 m<\/td>\n<td style=\"width: 62.4px; height: 59px;\">2:00,26 min.<\/td>\n<td style=\"width: 68.8px; height: 59px;\">rozb\u011bh<\/td>\n<td style=\"width: 115.2px; height: 59px;\">&nbsp;<\/td>\n<\/tr>\n<\/tbody>\n<\/table>\n<p><strong>Medailist\u016fm gratulujeme a v\u0161em atlet\u016fm d\u011bkujeme za vzornou reprezentaci klubu!<\/strong><\/p>\n<p>Kompletn\u00ed v\u00fdsledky <a href=\"https:\/\/online.atletika.cz\/vysledky\/41042\/\" target=\"_blank\" rel=\"noopener\">zde<\/a><br>Fotogalerie <a href=\"http:\/\/www.atletikaolomouc.cz\/?p=19488\" target=\"_blank\" rel=\"noopener\">zde<\/a><\/p>\n","protected":false},"excerpt":{"rendered":"<p>O v\u00edkendu 5. &#8211; 6. z\u00e1\u0159\u00ed se na ostravsk\u00e9m stadionu ve V\u00edtkovic\u00edch konalo Mistrovstv\u00ed \u010cesk\u00e9 republiky junior\u016f, juniorek, dorostenc\u016f a dorostenek na dr\u00e1ze.<\/p>\n","protected":false},"author":14,"featured_media":19238,"comment_status":"closed","ping_status":"closed","sticky":false,"template":"","format":"standard","meta":{"ngg_post_thumbnail":0},"categories":[5,6,37],"tags":[],"_links":{"self":[{"href":"https:\/\/old.atletikaolomouc.cz\/index.php?rest_route=\/wp\/v2\/posts\/19192"}],"collection":[{"href":"https:\/\/old.atletikaolomouc.cz\/index.php?rest_route=\/wp\/v2\/posts"}],"about":[{"href":"https:\/\/old.atletikaolomouc.cz\/index.php?rest_route=\/wp\/v2\/types\/post"}],"author":[{"embeddable":true,"href":"https:\/\/old.atletikaolomouc.cz\/index.php?rest_route=\/wp\/v2\/users\/14"}],"replies":[{"embeddable":true,"href":"https:\/\/old.atletikaolomouc.cz\/index.php?rest_route=%2Fwp%2Fv2%2Fcomments&post=19192"}],"version-history":[{"count":27,"href":"https:\/\/old.atletikaolomouc.cz\/index.php?rest_route=\/wp\/v2\/posts\/19192\/revisions"}],"predecessor-version":[{"id":19761,"href":"https:\/\/old.atletikaolomouc.cz\/index.php?rest_route=\/wp\/v2\/posts\/19192\/revisions\/19761"}],"wp:featuredmedia":[{"embeddable":true,"href":"https:\/\/old.atletikaolomouc.cz\/index.php?rest_route=\/wp\/v2\/media\/19238"}],"wp:attachment":[{"href":"https:\/\/old.atletikaolomouc.cz\/index.php?rest_route=%2Fwp%2Fv2%2Fmedia&parent=19192"}],"wp:term":[{"taxonomy":"category","embeddable":true,"href":"https:\/\/old.atletikaolomouc.cz\/index.php?rest_route=%2Fwp%2Fv2%2Fcategories&post=19192"},{"taxonomy":"post_tag","embeddable":true,"href":"https:\/\/old.atletikaolomouc.cz\/index.php?rest_route=%2Fwp%2Fv2%2Ftags&post=19192"}],"curies":[{"name":"wp","href":"https:\/\/api.w.org\/{rel}","templated":true}]}}