{"id":19599,"date":"2020-09-21T10:03:20","date_gmt":"2020-09-21T08:03:20","guid":{"rendered":"http:\/\/www.atletikaolomouc.cz\/?p=19599"},"modified":"2020-09-21T10:19:45","modified_gmt":"2020-09-21T08:19:45","slug":"3-kolo-gp-v-paraatletice-v-polske-slubici-sumperun-12-13-zari-2020","status":"publish","type":"post","link":"https:\/\/old.atletikaolomouc.cz\/?p=19599","title":{"rendered":"3. kolo GP v paraatletice v polsk\u00e9 Slubici, \u0160umperun 12.-13.z\u00e1\u0159\u00ed 2020"},"content":{"rendered":"\n<p>12.-13.z\u00e1\u0159\u00ed se konalo 3.kolo GP v polsk\u00e9 Slubici.<br>V ned\u011bli 13.z\u00e1\u0159\u00ed v \u0160umperku \u0160umperun.<!--more--><strong>Michal Rotter<\/strong> se o tomto v\u00edkendu vydal do Polska na 3.kolo GP, kter\u00e9 se konalo v m\u011bst\u011b Slubice. Diskem Michal p\u0159ekonal hranici dvaceti metr\u016f v\u00fdkonem <em>20,09<\/em>. O\u0161t\u011bp p\u0159es dvac\u00edtku nelet\u011bl, ale <em>19,85<\/em> je p\u011bkn\u00fd v\u00fdsledek.<\/p>\n<p>Michalovi gratulujeme!<\/p>\n<p><a href=\"http:\/\/www.atletikaolomouc.cz\/wp-content\/uploads\/2020\/09\/119251789_2767807356823909_6166100082922964424_n.jpg\"><img decoding=\"async\" loading=\"lazy\" class=\"alignnone size-full wp-image-19619\" src=\"http:\/\/www.atletikaolomouc.cz\/wp-content\/uploads\/2020\/09\/119251789_2767807356823909_6166100082922964424_n.jpg\" alt=\"\" width=\"2048\" height=\"1152\" srcset=\"https:\/\/old.atletikaolomouc.cz\/wp-content\/uploads\/2020\/09\/119251789_2767807356823909_6166100082922964424_n.jpg 2048w, https:\/\/old.atletikaolomouc.cz\/wp-content\/uploads\/2020\/09\/119251789_2767807356823909_6166100082922964424_n-300x169.jpg 300w, https:\/\/old.atletikaolomouc.cz\/wp-content\/uploads\/2020\/09\/119251789_2767807356823909_6166100082922964424_n-768x432.jpg 768w, https:\/\/old.atletikaolomouc.cz\/wp-content\/uploads\/2020\/09\/119251789_2767807356823909_6166100082922964424_n-800x450.jpg 800w\" sizes=\"(max-width: 2048px) 100vw, 2048px\" \/><\/a><\/p>\n<div id=\"attachment_19618\" style=\"width: 2058px\" class=\"wp-caption alignnone\"><a href=\"http:\/\/www.atletikaolomouc.cz\/wp-content\/uploads\/2020\/09\/119233459_2395762794063668_7231002100190751291_n.jpg\"><img aria-describedby=\"caption-attachment-19618\" decoding=\"async\" loading=\"lazy\" class=\"size-full wp-image-19618\" src=\"http:\/\/www.atletikaolomouc.cz\/wp-content\/uploads\/2020\/09\/119233459_2395762794063668_7231002100190751291_n.jpg\" alt=\"\" width=\"2048\" height=\"1152\" srcset=\"https:\/\/old.atletikaolomouc.cz\/wp-content\/uploads\/2020\/09\/119233459_2395762794063668_7231002100190751291_n.jpg 2048w, https:\/\/old.atletikaolomouc.cz\/wp-content\/uploads\/2020\/09\/119233459_2395762794063668_7231002100190751291_n-300x169.jpg 300w, https:\/\/old.atletikaolomouc.cz\/wp-content\/uploads\/2020\/09\/119233459_2395762794063668_7231002100190751291_n-768x432.jpg 768w, https:\/\/old.atletikaolomouc.cz\/wp-content\/uploads\/2020\/09\/119233459_2395762794063668_7231002100190751291_n-800x450.jpg 800w\" sizes=\"(max-width: 2048px) 100vw, 2048px\" \/><\/a><p id=\"caption-attachment-19618\" class=\"wp-caption-text\">Michal Rotter<\/p><\/div>\n<p><strong>Du\u0161an \u0160\u010dambura<\/strong> v ned\u011bli bojoval na b\u011b\u017eeck\u00e9m z\u00e1vod\u011b \u0160umperun. Deset kilometr\u016f dlouh\u00e1 tra\u0165 \u0161umpersk\u00fdm m\u011bstem Du\u0161anovi sedla, p\u0159edvedl par\u00e1dn\u00ed v\u00fdkon a s \u010dasem <em>1 hodina a 5 vte\u0159in<\/em> za sebou nechal je\u0161t\u011b mnoho z\u00e1vodn\u00edk\u016f. Jako z\u00e1stupce na voz\u00edku byl v z\u00e1vod\u011b jedin\u00fd.<\/p>\n<p>V\u00fdsledky <a href=\"https:\/\/www.sportt.cz\/racesResults\/resultlist\/962\">zde<\/a>.<\/p>\n<p>K v\u00fdkonu gratulujeme!<\/p>\n<div id=\"attachment_19620\" style=\"width: 591px\" class=\"wp-caption alignnone\"><a href=\"http:\/\/www.atletikaolomouc.cz\/wp-content\/uploads\/2020\/09\/Du\u0161an-\u0161umperun-2.jpg\"><img aria-describedby=\"caption-attachment-19620\" decoding=\"async\" loading=\"lazy\" class=\"size-full wp-image-19620\" src=\"http:\/\/www.atletikaolomouc.cz\/wp-content\/uploads\/2020\/09\/Du\u0161an-\u0161umperun-2.jpg\" alt=\"\" width=\"581\" height=\"512\" srcset=\"https:\/\/old.atletikaolomouc.cz\/wp-content\/uploads\/2020\/09\/Du\u0161an-\u0161umperun-2.jpg 581w, https:\/\/old.atletikaolomouc.cz\/wp-content\/uploads\/2020\/09\/Du\u0161an-\u0161umperun-2-300x264.jpg 300w\" sizes=\"(max-width: 581px) 100vw, 581px\" \/><\/a><p id=\"caption-attachment-19620\" class=\"wp-caption-text\">Du\u0161an \u0160\u010dambura<\/p><\/div>\n","protected":false},"excerpt":{"rendered":"<p>12.-13.z\u00e1\u0159\u00ed se konalo 3.kolo GP v polsk\u00e9 Slubici.V ned\u011bli 13.z\u00e1\u0159\u00ed v \u0160umperku \u0160umperun.<\/p>\n","protected":false},"author":17,"featured_media":19618,"comment_status":"closed","ping_status":"closed","sticky":false,"template":"","format":"standard","meta":{"ngg_post_thumbnail":0},"categories":[5,48],"tags":[],"_links":{"self":[{"href":"https:\/\/old.atletikaolomouc.cz\/index.php?rest_route=\/wp\/v2\/posts\/19599"}],"collection":[{"href":"https:\/\/old.atletikaolomouc.cz\/index.php?rest_route=\/wp\/v2\/posts"}],"about":[{"href":"https:\/\/old.atletikaolomouc.cz\/index.php?rest_route=\/wp\/v2\/types\/post"}],"author":[{"embeddable":true,"href":"https:\/\/old.atletikaolomouc.cz\/index.php?rest_route=\/wp\/v2\/users\/17"}],"replies":[{"embeddable":true,"href":"https:\/\/old.atletikaolomouc.cz\/index.php?rest_route=%2Fwp%2Fv2%2Fcomments&post=19599"}],"version-history":[{"count":6,"href":"https:\/\/old.atletikaolomouc.cz\/index.php?rest_route=\/wp\/v2\/posts\/19599\/revisions"}],"predecessor-version":[{"id":19775,"href":"https:\/\/old.atletikaolomouc.cz\/index.php?rest_route=\/wp\/v2\/posts\/19599\/revisions\/19775"}],"wp:featuredmedia":[{"embeddable":true,"href":"https:\/\/old.atletikaolomouc.cz\/index.php?rest_route=\/wp\/v2\/media\/19618"}],"wp:attachment":[{"href":"https:\/\/old.atletikaolomouc.cz\/index.php?rest_route=%2Fwp%2Fv2%2Fmedia&parent=19599"}],"wp:term":[{"taxonomy":"category","embeddable":true,"href":"https:\/\/old.atletikaolomouc.cz\/index.php?rest_route=%2Fwp%2Fv2%2Fcategories&post=19599"},{"taxonomy":"post_tag","embeddable":true,"href":"https:\/\/old.atletikaolomouc.cz\/index.php?rest_route=%2Fwp%2Fv2%2Ftags&post=19599"}],"curies":[{"name":"wp","href":"https:\/\/api.w.org\/{rel}","templated":true}]}}