{"id":19750,"date":"2020-09-23T09:57:16","date_gmt":"2020-09-23T07:57:16","guid":{"rendered":"http:\/\/www.atletikaolomouc.cz\/?p=19750"},"modified":"2020-09-23T09:57:21","modified_gmt":"2020-09-23T07:57:21","slug":"emil-open-2020","status":"publish","type":"post","link":"https:\/\/old.atletikaolomouc.cz\/?p=19750","title":{"rendered":"Emil Open 2020"},"content":{"rendered":"\n<p style=\"text-align: justify;\">Letn\u00ed Evropsk\u00e9 hry handicapovan\u00e9 ml\u00e1de\u017ee (Emil Open), se konaly 16.-20.z\u00e1\u0159\u00ed 2020 v Brn\u011b za \u00fa\u010dasti na\u0161ich atlet\u016f!<!--more--><\/p>\n<p style=\"text-align: justify;\"><!--more-->Ji\u017e n\u011bkolik\u00e1t\u00fd rok po sob\u011b se na\u0161i atleti vydali do Brna na Evropsk\u00e9 hry. Atleti se utk\u00e1vaj\u00ed v discipl\u00edn\u00e1ch &#8211; b\u011bh\u016f, hod\u016f, skok\u016f. Z \u0159ad Olomouck\u00fdch handicapovan\u00fdch atlet\u016f se z\u00fa\u010dastnili a medaile vybojovali:<\/p>\n<p style=\"text-align: justify;\"><strong>Karol\u00edna Stratilov\u00e1<\/strong> si v hodu 150g m\u00ed\u010dkem vybojovala v\u00fdkonem <em>10,14m 4.m\u00edsto<\/em>. Hod 350g m\u00ed\u010dkem K\u00e1ji sedl v\u00edc, v kvalifikaci hodila <em>9,85, ve fin\u00e1le 8,60<\/em>, co\u017e byl v\u00fdkon, kter\u00fdm se um\u00edstila na <em>1. m\u00edst\u011b.<\/em><\/p>\n<p style=\"text-align: justify;\"><strong>Nikola Sikorov\u00e1<\/strong> dojela na 50m trati na voz\u00edku v \u010dase<em> 36,44<\/em>, t\u00edmto \u010dasem si dojela pro kr\u00e1sn\u00e9 <em>2.m\u00edsto<\/em>. V hodu 150g m\u00ed\u010dkem Nik\u010da v klasifikaci hodila 3,03, ve fin\u00e1le pak obsadila <em>4.m\u00edsto v\u00fdkonem 2,37<\/em>.<\/p>\n<p style=\"text-align: justify;\"><strong>Martin P\u0159ichystal<\/strong> b\u011b\u017eel 50m tra\u0165 za <em>8,45<\/em>, zlep\u0161il t\u00edm sv\u016fj \u010das z klasifikace a um\u00edstil se na&nbsp;<em>2.m\u00edst\u011b<\/em>. P\u0159i z\u00e1vodu v b\u011bhu na 100m se Martin v kvalifikaci vyhecoval a zab\u011bhl si <em>\u010das 15,45<\/em>, ve fin\u00e1le byl \u010das trochu pomalej\u0161\u00ed, ale p\u0159idal do sb\u00edrky medail\u00ed dal\u0161\u00ed <em>st\u0159\u00edbro.<\/em><\/p>\n<p style=\"text-align: justify;\"><strong>Vojt\u011bch Ut\u00edkal<\/strong>&nbsp;b\u011b\u017eel tak\u00e9 50m, kde se um\u00edstil na <em>4.m\u00edst\u011b s \u010dasem 9,12<\/em>, tak\u00e9 on si ve fin\u00e1le \u010das vylep\u0161il. Vojta sv\u016fj potenci\u00e1l uk\u00e1zal v hodu 350g m\u00ed\u010dkem, kde fin\u00e1lov\u00fdm hodem dlouh\u00fdm <em>10,96 vyhr\u00e1l<\/em> svou kategorii.<\/p>\n<p style=\"text-align: justify;\"><strong>Dominik Chur\u00fd<\/strong>&nbsp;sout\u011b\u017eil v hodu 350g m\u00ed\u010dkem a ve vrhu 4kg koul\u00ed. Ve sv\u00e9 kategorii se v m\u00ed\u010dku v\u00fdkonem <em>23,11 um\u00edstil na 2.m\u00edst\u011b<\/em>. Kouli vrhnul Dominik lehce za p\u011bti metrovou hranici a s <em>5,17 bral tak\u00e9 st\u0159\u00edbrnou medaili.<\/em><\/p>\n<p style=\"text-align: justify;\"><strong>Ond\u0159ej Lakom\u00fd<\/strong>&nbsp;na 50m trati dob\u011bhl v <em>\u010dase 10,04<\/em>, ve sv\u00e9 kategorii bral za tento \u010das Ondra <em>bronzovou medaili<\/em>. 350g m\u00ed\u010dek let\u011bl na v klasifika\u010dn\u00edm pokusu za jeden\u00e1ct metr\u016f, ve fin\u00e1le jen o jeden centimetr pod ni. Za v\u00fdkon <em>10,59<\/em> si do Olomouce odv\u00e1\u017eel druhou <em>bronzovou medaili<\/em>.<\/p>\n<p style=\"text-align: justify;\">Ve \u0161tafetov\u00e9m b\u011bhu na 4x100m se na 1.m\u00edst\u011b um\u00edstila na\u0161e \u0161tafeta ve slo\u017een\u00ed <strong>Lakom\u00fd, Chur\u00fd, P\u0159ichystal, Ut\u00edkal <em>v \u010dase 1:15,88<\/em><\/strong>.<\/p>\n<p style=\"text-align: justify;\"><strong>Kompletn\u00ed v\u00fdsledky<\/strong> z Emil Open 2020 <a href=\"https:\/\/summer.emilopen.cz\/external\/vysledky_2020\/athletics_open.pdf\">zde.<\/a><\/p>\n<p>V\u0161em \u00fa\u010dastn\u00edk\u016fm Evropsk\u00fdch her handicapovan\u00e9 ml\u00e1de\u017ee pos\u00edl\u00e1me gratulace!<\/p>\n","protected":false},"excerpt":{"rendered":"<p>Letn\u00ed Evropsk\u00e9 hry handicapovan\u00e9 ml\u00e1de\u017ee (Emil Open), se konaly 16.-20.z\u00e1\u0159\u00ed 2020 v Brn\u011b za \u00fa\u010dasti na\u0161ich atlet\u016f!<\/p>\n","protected":false},"author":17,"featured_media":19752,"comment_status":"closed","ping_status":"closed","sticky":false,"template":"","format":"standard","meta":{"ngg_post_thumbnail":0},"categories":[5,48],"tags":[],"_links":{"self":[{"href":"https:\/\/old.atletikaolomouc.cz\/index.php?rest_route=\/wp\/v2\/posts\/19750"}],"collection":[{"href":"https:\/\/old.atletikaolomouc.cz\/index.php?rest_route=\/wp\/v2\/posts"}],"about":[{"href":"https:\/\/old.atletikaolomouc.cz\/index.php?rest_route=\/wp\/v2\/types\/post"}],"author":[{"embeddable":true,"href":"https:\/\/old.atletikaolomouc.cz\/index.php?rest_route=\/wp\/v2\/users\/17"}],"replies":[{"embeddable":true,"href":"https:\/\/old.atletikaolomouc.cz\/index.php?rest_route=%2Fwp%2Fv2%2Fcomments&post=19750"}],"version-history":[{"count":10,"href":"https:\/\/old.atletikaolomouc.cz\/index.php?rest_route=\/wp\/v2\/posts\/19750\/revisions"}],"predecessor-version":[{"id":19859,"href":"https:\/\/old.atletikaolomouc.cz\/index.php?rest_route=\/wp\/v2\/posts\/19750\/revisions\/19859"}],"wp:featuredmedia":[{"embeddable":true,"href":"https:\/\/old.atletikaolomouc.cz\/index.php?rest_route=\/wp\/v2\/media\/19752"}],"wp:attachment":[{"href":"https:\/\/old.atletikaolomouc.cz\/index.php?rest_route=%2Fwp%2Fv2%2Fmedia&parent=19750"}],"wp:term":[{"taxonomy":"category","embeddable":true,"href":"https:\/\/old.atletikaolomouc.cz\/index.php?rest_route=%2Fwp%2Fv2%2Fcategories&post=19750"},{"taxonomy":"post_tag","embeddable":true,"href":"https:\/\/old.atletikaolomouc.cz\/index.php?rest_route=%2Fwp%2Fv2%2Ftags&post=19750"}],"curies":[{"name":"wp","href":"https:\/\/api.w.org\/{rel}","templated":true}]}}