{"id":19764,"date":"2020-09-25T15:11:46","date_gmt":"2020-09-25T13:11:46","guid":{"rendered":"http:\/\/www.atletikaolomouc.cz\/?p=19764"},"modified":"2020-09-25T15:11:51","modified_gmt":"2020-09-25T13:11:51","slug":"19-zari-3-kolo-cp-atletiky-v-novem-meste-nad-metuji-20-zari-pardubice-bez-barier-open-2020","status":"publish","type":"post","link":"https:\/\/old.atletikaolomouc.cz\/?p=19764","title":{"rendered":"19.z\u00e1\u0159\u00ed 3.kolo \u010cP atletiky v Nov\u00e9m M\u011bst\u011b nad Metuj\u00ed, 20.z\u00e1\u0159\u00ed Pardubice bez bari\u00e9r open 2020"},"content":{"rendered":"\n<p style=\"text-align: justify;\">V\u00edkend 19.-20.z\u00e1\u0159\u00ed jsme z\u00e1vodili hned na dvou z\u00e1vodech po sob\u011b. Sobota v Nov\u00e9 M\u011bsto nad Metuj\u00ed a ned\u011ble v Pardubice.<\/p>\n<p style=\"text-align: justify;\"><!--more--><strong>Sobota 19.z\u00e1\u0159\u00ed &#8211; Nov\u00e9m M\u011bst\u011b nad Metuj\u00ed<\/strong><\/p>\n<p>Poh\u00e1ru se z\u00fa\u010dastnili tito na\u0161i atleti s n\u00e1sleduj\u00edc\u00edmi v\u00fdkony:<br><strong>Eva Kvapilov\u00e1<\/strong> &#8211; ku\u017eelka &#8211; 3,17, disk &#8211; 1,70.<\/p>\n<p><strong>Ad\u00e9la Sekyrov\u00e1<\/strong> &#8211; ku\u017eelka &#8211; 9,78, disk &#8211; 3.35.<\/p>\n<div data-offset-key=\"fv98m-0-0\"><strong>Eva Kacanu<\/strong> &#8211; koule &#8211; 5,37.<\/div>\n<p><strong>Michal Rotter<\/strong> &#8211; disk &#8211; 20,55, o\u0161t\u011bp &#8211; 19,97.<\/p>\n<div data-block=\"true\" data-editor=\"724r0\" data-offset-key=\"e7643-0-0\"><strong>Du\u0161an \u0160\u010dambura<\/strong> &#8211; o\u0161t\u011bp &#8211; 20,50, koule &#8211; 7,96.<\/div>\n<div data-block=\"true\" data-editor=\"724r0\" data-offset-key=\"e7643-0-0\">&nbsp;<\/div>\n<div data-block=\"true\" data-editor=\"724r0\" data-offset-key=\"e7643-0-0\">K dosa\u017een\u00fdm v\u00fdsledk\u016fm gratulujeme.<\/div>\n<div style=\"text-align: justify;\" data-block=\"true\" data-editor=\"724r0\" data-offset-key=\"e7643-0-0\">&nbsp;<\/div>\n<div style=\"text-align: justify;\" data-block=\"true\" data-editor=\"724r0\" data-offset-key=\"e7643-0-0\">V\u00fdsledky z Nov\u00e9ho M\u011bsta nad Metuj\u00ed k nahl\u00e9dnut\u00ed <a href=\"http:\/\/www.atletikavozickaru.cz\/2020\/cesky%20pohar\/cp20nm.pdf\">zde<\/a>.<\/div>\n<p><div id=\"attachment_19768\" style=\"width: 4010px\" class=\"wp-caption alignnone\"><a href=\"http:\/\/www.atletikaolomouc.cz\/wp-content\/uploads\/2020\/09\/IMG_20200919_150614.jpg\"><img aria-describedby=\"caption-attachment-19768\" decoding=\"async\" loading=\"lazy\" class=\"size-full wp-image-19768\" src=\"http:\/\/www.atletikaolomouc.cz\/wp-content\/uploads\/2020\/09\/IMG_20200919_150614.jpg\" alt=\"\" width=\"4000\" height=\"2000\" srcset=\"https:\/\/old.atletikaolomouc.cz\/wp-content\/uploads\/2020\/09\/IMG_20200919_150614.jpg 4000w, https:\/\/old.atletikaolomouc.cz\/wp-content\/uploads\/2020\/09\/IMG_20200919_150614-300x150.jpg 300w, https:\/\/old.atletikaolomouc.cz\/wp-content\/uploads\/2020\/09\/IMG_20200919_150614-768x384.jpg 768w, https:\/\/old.atletikaolomouc.cz\/wp-content\/uploads\/2020\/09\/IMG_20200919_150614-800x400.jpg 800w\" sizes=\"(max-width: 4000px) 100vw, 4000px\" \/><\/a><p id=\"caption-attachment-19768\" class=\"wp-caption-text\">Eva kacanu<\/p><\/div> <div id=\"attachment_19787\" style=\"width: 4010px\" class=\"wp-caption alignnone\"><a href=\"http:\/\/www.atletikaolomouc.cz\/wp-content\/uploads\/2020\/09\/IMG_20200919_145914.jpg\"><img aria-describedby=\"caption-attachment-19787\" decoding=\"async\" loading=\"lazy\" class=\"size-full wp-image-19767\" src=\"http:\/\/www.atletikaolomouc.cz\/wp-content\/uploads\/2020\/09\/IMG_20200919_145914.jpg\" alt=\"\" width=\"4000\" height=\"2000\" srcset=\"https:\/\/old.atletikaolomouc.cz\/wp-content\/uploads\/2020\/09\/IMG_20200919_145914.jpg 4000w, https:\/\/old.atletikaolomouc.cz\/wp-content\/uploads\/2020\/09\/IMG_20200919_145914-300x150.jpg 300w, https:\/\/old.atletikaolomouc.cz\/wp-content\/uploads\/2020\/09\/IMG_20200919_145914-768x384.jpg 768w, https:\/\/old.atletikaolomouc.cz\/wp-content\/uploads\/2020\/09\/IMG_20200919_145914-800x400.jpg 800w\" sizes=\"(max-width: 4000px) 100vw, 4000px\" \/><\/a><p id=\"caption-attachment-19787\" class=\"wp-caption-text\">Du\u0161an \u0160\u010dambura, Michal Rotter<\/p><\/div> <div id=\"attachment_19791\" style=\"width: 970px\" class=\"wp-caption alignnone\"><a href=\"http:\/\/www.atletikaolomouc.cz\/wp-content\/uploads\/2020\/09\/119936426_3505307356200681_4304450562966914202_n.jpg\"><img aria-describedby=\"caption-attachment-19791\" decoding=\"async\" loading=\"lazy\" class=\"size-full wp-image-19791\" src=\"http:\/\/www.atletikaolomouc.cz\/wp-content\/uploads\/2020\/09\/119936426_3505307356200681_4304450562966914202_n.jpg\" alt=\"\" width=\"960\" height=\"540\" srcset=\"https:\/\/old.atletikaolomouc.cz\/wp-content\/uploads\/2020\/09\/119936426_3505307356200681_4304450562966914202_n.jpg 960w, https:\/\/old.atletikaolomouc.cz\/wp-content\/uploads\/2020\/09\/119936426_3505307356200681_4304450562966914202_n-300x169.jpg 300w, https:\/\/old.atletikaolomouc.cz\/wp-content\/uploads\/2020\/09\/119936426_3505307356200681_4304450562966914202_n-768x432.jpg 768w, https:\/\/old.atletikaolomouc.cz\/wp-content\/uploads\/2020\/09\/119936426_3505307356200681_4304450562966914202_n-800x450.jpg 800w\" sizes=\"(max-width: 960px) 100vw, 960px\" \/><\/a><p id=\"caption-attachment-19791\" class=\"wp-caption-text\">Ad\u00e9la Sekyrov\u00e1<\/p><\/div><\/p>\n<div class=\"\" style=\"text-align: justify;\" data-block=\"true\" data-editor=\"724r0\" data-offset-key=\"e7643-0-0\">&nbsp;<span style=\"text-align: center;\">&nbsp;<\/span><\/div>\n<div class=\"\" style=\"text-align: justify;\" data-block=\"true\" data-editor=\"724r0\" data-offset-key=\"fo0b1-0-0\">\n<div class=\"_1mf _1mj\" style=\"text-align: center;\" data-offset-key=\"fo0b1-0-0\">\n<p style=\"text-align: left;\"><strong>Ned\u011ble 20.z\u00e1\u0159\u00ed &#8211; Pardubice!<\/strong><\/p>\n<\/div>\n<\/div>\n<div class=\"\" style=\"text-align: justify;\" data-block=\"true\" data-editor=\"724r0\" data-offset-key=\"9v6a5-0-0\">\n<div class=\"_1mf _1mj\" style=\"text-align: justify;\" data-offset-key=\"9v6a5-0-0\"><span data-offset-key=\"9v6a5-0-0\"><strong>Lenka Hornov\u00e1<\/strong> &#8211; disk &#8211; 28,86, o\u0161t\u011bp &#8211; 27,78, koule &#8211; 8,94.<\/span><\/div>\n<div class=\"_1mf _1mj\" style=\"text-align: justify;\" data-offset-key=\"9v6a5-0-0\"><span data-offset-key=\"9v6a5-0-0\">V hodu diskem byla Lenka zlat\u00e1, o\u0161t\u011bp cinknul st\u0159\u00edbrnou medail\u00ed a koule tak\u00e9.<\/span><\/div>\n<\/div>\n<div class=\"\" style=\"text-align: justify;\" data-block=\"true\" data-editor=\"724r0\" data-offset-key=\"c82gf-0-0\">\n<div class=\"_1mf _1mj\" data-offset-key=\"c82gf-0-0\"><span data-offset-key=\"c82gf-0-0\"><strong>Martin Kukla<\/strong> &#8211;&nbsp; o\u0161t\u011bp &#8211; 34,75, koule &#8211; 10,12.<\/span><\/div>\n<div class=\"_1mf _1mj\" data-offset-key=\"c82gf-0-0\"><span data-offset-key=\"c82gf-0-0\">O\u0161t\u011bpem si Martin vyh\u00e1zel st\u0159\u00edbro, v kouli bronz.<\/span><\/div>\n<\/div>\n<div class=\"\" style=\"text-align: justify;\" data-block=\"true\" data-editor=\"724r0\" data-offset-key=\"dinhp-0-0\">\n<div class=\"_1mf _1mj\" data-offset-key=\"dinhp-0-0\"><span data-offset-key=\"dinhp-0-0\"><strong>Du\u0161an \u0160\u010dambura<\/strong> &#8211; o\u0161t\u011bp &#8211; 21,36, koule &#8211; 8,00.<\/span><\/div>\n<div class=\"_1mf _1mj\" data-offset-key=\"dinhp-0-0\"><span data-offset-key=\"dinhp-0-0\">V o\u0161t\u011bpu byl Du\u0161an na st\u0159\u00edbrn\u00e9m stupni v\u00edt\u011bz\u016f, v kouli (po slou\u010den\u00ed s kategori\u00ed F53) pak 4.m\u00edsto.<\/span><\/div>\n<\/div>\n<div class=\"\" data-block=\"true\" data-editor=\"724r0\" data-offset-key=\"49s6e-0-0\">\n<div class=\"_1mf _1mj\" style=\"text-align: justify;\" data-offset-key=\"49s6e-0-0\"><span data-offset-key=\"49s6e-0-0\"><strong>Michal Rotter<\/strong> &#8211; o\u0161t\u011bp &#8211; 20,57, disk &#8211; 19,82.<\/span><\/div>\n<div class=\"_1mf _1mj\" style=\"text-align: justify;\" data-offset-key=\"49s6e-0-0\"><span data-offset-key=\"49s6e-0-0\">Michal byl bronzov\u00fd v obou z\u00e1vodn\u00edch discipl\u00edn\u00e1ch.<\/span><\/div>\n<div style=\"text-align: justify;\" data-offset-key=\"49s6e-0-0\">K v\u00fdkon\u016fm v\u0161em moc gratulujeme!<\/div>\n<div style=\"text-align: justify;\" data-offset-key=\"49s6e-0-0\">&nbsp;<\/div>\n<div style=\"text-align: justify;\" data-offset-key=\"49s6e-0-0\">V\u00fdsledky z Pardubic k nahl\u00e9dnut\u00ed <a href=\"http:\/\/www.atletikabb.cz\/images\/2020\/PBBO\/VYSLEDKY.pdf?fbclid=IwAR302mAZCcDdCLPMbzlpsdhdX_-3bOqgEBLuUt4Ok1dPsIWANikDaysfCe4\">zde.<\/a><\/div>\n<div style=\"text-align: justify;\" data-offset-key=\"49s6e-0-0\">&nbsp;<\/div>\n<div data-offset-key=\"49s6e-0-0\"><div id=\"attachment_19785\" style=\"width: 4010px\" class=\"wp-caption alignnone\"><a href=\"http:\/\/www.atletikaolomouc.cz\/wp-content\/uploads\/2020\/09\/IMG_20200920_145410.jpg\"><img aria-describedby=\"caption-attachment-19785\" decoding=\"async\" loading=\"lazy\" class=\"size-full wp-image-19785\" src=\"http:\/\/www.atletikaolomouc.cz\/wp-content\/uploads\/2020\/09\/IMG_20200920_145410.jpg\" alt=\"\" width=\"4000\" height=\"2000\" srcset=\"https:\/\/old.atletikaolomouc.cz\/wp-content\/uploads\/2020\/09\/IMG_20200920_145410.jpg 4000w, https:\/\/old.atletikaolomouc.cz\/wp-content\/uploads\/2020\/09\/IMG_20200920_145410-300x150.jpg 300w, https:\/\/old.atletikaolomouc.cz\/wp-content\/uploads\/2020\/09\/IMG_20200920_145410-768x384.jpg 768w, https:\/\/old.atletikaolomouc.cz\/wp-content\/uploads\/2020\/09\/IMG_20200920_145410-800x400.jpg 800w\" sizes=\"(max-width: 4000px) 100vw, 4000px\" \/><\/a><p id=\"caption-attachment-19785\" class=\"wp-caption-text\">Lenka Hornov\u00e1<\/p><\/div> <div id=\"attachment_19786\" style=\"width: 4010px\" class=\"wp-caption alignnone\"><a href=\"http:\/\/www.atletikaolomouc.cz\/wp-content\/uploads\/2020\/09\/IMG_20200920_153708.jpg\"><img aria-describedby=\"caption-attachment-19786\" decoding=\"async\" loading=\"lazy\" class=\"size-full wp-image-19786\" src=\"http:\/\/www.atletikaolomouc.cz\/wp-content\/uploads\/2020\/09\/IMG_20200920_153708.jpg\" alt=\"\" width=\"4000\" height=\"2000\" srcset=\"https:\/\/old.atletikaolomouc.cz\/wp-content\/uploads\/2020\/09\/IMG_20200920_153708.jpg 4000w, https:\/\/old.atletikaolomouc.cz\/wp-content\/uploads\/2020\/09\/IMG_20200920_153708-300x150.jpg 300w, https:\/\/old.atletikaolomouc.cz\/wp-content\/uploads\/2020\/09\/IMG_20200920_153708-768x384.jpg 768w, https:\/\/old.atletikaolomouc.cz\/wp-content\/uploads\/2020\/09\/IMG_20200920_153708-800x400.jpg 800w\" sizes=\"(max-width: 4000px) 100vw, 4000px\" \/><\/a><p id=\"caption-attachment-19786\" class=\"wp-caption-text\">Martin Kukla<\/p><\/div> <div id=\"attachment_19787\" style=\"width: 4010px\" class=\"wp-caption alignnone\"><a href=\"http:\/\/www.atletikaolomouc.cz\/wp-content\/uploads\/2020\/09\/IMG_20200920_154916.jpg\"><img aria-describedby=\"caption-attachment-19787\" decoding=\"async\" loading=\"lazy\" class=\"size-full wp-image-19787\" src=\"http:\/\/www.atletikaolomouc.cz\/wp-content\/uploads\/2020\/09\/IMG_20200920_154916.jpg\" alt=\"\" width=\"4000\" height=\"2000\" srcset=\"https:\/\/old.atletikaolomouc.cz\/wp-content\/uploads\/2020\/09\/IMG_20200920_154916.jpg 4000w, https:\/\/old.atletikaolomouc.cz\/wp-content\/uploads\/2020\/09\/IMG_20200920_154916-300x150.jpg 300w, https:\/\/old.atletikaolomouc.cz\/wp-content\/uploads\/2020\/09\/IMG_20200920_154916-768x384.jpg 768w, https:\/\/old.atletikaolomouc.cz\/wp-content\/uploads\/2020\/09\/IMG_20200920_154916-800x400.jpg 800w\" sizes=\"(max-width: 4000px) 100vw, 4000px\" \/><\/a><p id=\"caption-attachment-19787\" class=\"wp-caption-text\">Du\u0161an \u0160\u010dambura, Michal Rotter<\/p><\/div><\/div>\n<\/div>\n","protected":false},"excerpt":{"rendered":"<p>V\u00edkend 19.-20.z\u00e1\u0159\u00ed jsme z\u00e1vodili hned na dvou z\u00e1vodech po sob\u011b. Sobota v Nov\u00e9 M\u011bsto nad Metuj\u00ed a ned\u011ble v Pardubice.<\/p>\n","protected":false},"author":17,"featured_media":19766,"comment_status":"closed","ping_status":"closed","sticky":false,"template":"","format":"standard","meta":{"ngg_post_thumbnail":0},"categories":[5,48],"tags":[],"_links":{"self":[{"href":"https:\/\/old.atletikaolomouc.cz\/index.php?rest_route=\/wp\/v2\/posts\/19764"}],"collection":[{"href":"https:\/\/old.atletikaolomouc.cz\/index.php?rest_route=\/wp\/v2\/posts"}],"about":[{"href":"https:\/\/old.atletikaolomouc.cz\/index.php?rest_route=\/wp\/v2\/types\/post"}],"author":[{"embeddable":true,"href":"https:\/\/old.atletikaolomouc.cz\/index.php?rest_route=\/wp\/v2\/users\/17"}],"replies":[{"embeddable":true,"href":"https:\/\/old.atletikaolomouc.cz\/index.php?rest_route=%2Fwp%2Fv2%2Fcomments&post=19764"}],"version-history":[{"count":18,"href":"https:\/\/old.atletikaolomouc.cz\/index.php?rest_route=\/wp\/v2\/posts\/19764\/revisions"}],"predecessor-version":[{"id":19886,"href":"https:\/\/old.atletikaolomouc.cz\/index.php?rest_route=\/wp\/v2\/posts\/19764\/revisions\/19886"}],"wp:featuredmedia":[{"embeddable":true,"href":"https:\/\/old.atletikaolomouc.cz\/index.php?rest_route=\/wp\/v2\/media\/19766"}],"wp:attachment":[{"href":"https:\/\/old.atletikaolomouc.cz\/index.php?rest_route=%2Fwp%2Fv2%2Fmedia&parent=19764"}],"wp:term":[{"taxonomy":"category","embeddable":true,"href":"https:\/\/old.atletikaolomouc.cz\/index.php?rest_route=%2Fwp%2Fv2%2Fcategories&post=19764"},{"taxonomy":"post_tag","embeddable":true,"href":"https:\/\/old.atletikaolomouc.cz\/index.php?rest_route=%2Fwp%2Fv2%2Ftags&post=19764"}],"curies":[{"name":"wp","href":"https:\/\/api.w.org\/{rel}","templated":true}]}}