{"id":19809,"date":"2020-09-22T09:48:50","date_gmt":"2020-09-22T07:48:50","guid":{"rendered":"http:\/\/www.atletikaolomouc.cz\/?p=19809"},"modified":"2020-09-22T09:56:16","modified_gmt":"2020-09-22T07:56:16","slug":"mistrovstvi-cr-do-22-let-3","status":"publish","type":"post","link":"https:\/\/old.atletikaolomouc.cz\/?p=19809","title":{"rendered":"Mistrovstv\u00ed \u010cR do 22 let"},"content":{"rendered":"\n<p>O v\u00edkendu 19. &#8211; 20. z\u00e1\u0159\u00ed se v Jablonci nad Nisou konalo <strong>Mistrovstv\u00ed \u010cesk\u00e9 republiky do 22 let na dr\u00e1ze<\/strong>. Z&nbsp;Atletick\u00e9ho klubu Olomouc odcestovalo do Jablonce celkem 8 z\u00e1vodn\u00edk\u016f.<!--more--><\/p>\n<p>(\u00favodn\u00ed foto: uprost\u0159ed Jakub H\u00e9\u017ea)&nbsp;<\/p>\n<p>Nejhojn\u011bji obsazen\u00e1 byla na tomto \u0161ampion\u00e1tu sekce vytrvalc\u016f, ze kter\u00e9 byli do z\u00e1vodu vybr\u00e1ni Michal Hroch, Kl\u00e1ra Machkov\u00e1 a Eli\u0161ka Surmov\u00e1. <strong>Michal Hroch<\/strong> zaostal v b\u011bhu na 1500 m p\u0159ibli\u017en\u011b p\u011bt sekund za sv\u00fdm &#8222;osob\u00e1kem&#8220; a v \u010dase 4:04,06 min dob\u011bhl sedm\u00fd. <strong>Eli\u0161ka Surmov\u00e1<\/strong> na stejn\u00e9 distanci skon\u010dila des\u00e1t\u00e1 za \u010das 4:56,82&nbsp;min a <strong>Kl\u00e1ra Machkov\u00e1<\/strong> obsadila v b\u011bhu na 800 m t\u0159in\u00e1ct\u00e9 m\u00edsto za \u010das 2:19,44 min.<\/p>\n<p>V b\u011bhu na 400 m p\u0159ek\u00e1\u017eek reprezentovala n\u00e1\u0161 klub <strong>Katrin S\u00e1sov\u00e1<\/strong>, kter\u00e9 jen o necelou sekundu unikl postup do fin\u00e1lov\u00e9ho b\u011bhu a tak za \u010das 64,80 s skon\u010dila na dev\u00e1t\u00e9m m\u00edst\u011b.<\/p>\n<p>Koula\u0159 <strong>Jakub H\u00e9\u017ea<\/strong>, kter\u00fd by se sv\u00fdm osobn\u00edm rekordem 17.65 m ur\u010dit\u011b promluvil do boj\u016f o prvn\u00ed m\u00edsto, se pom\u011brn\u011b narychlo vr\u00e1til z lehk\u00e9ho zran\u011bn\u00ed kotn\u00edku a za v\u00fdkon 15.72 m skon\u010dil na p\u00e1t\u00e9m m\u00edst\u011b. V hodu o\u0161t\u011bpem pak v olomouck\u00fdch barv\u00e1ch nastoupil <strong>Luk\u00e1\u0161 Svozil<\/strong>. Ten poslal sv\u016fj o\u0161t\u011bp na vzd\u00e1lenost 56,54 m a to mu sta\u010dilo &#8222;pouze&#8220; na dev\u00e1t\u00e9 m\u00edsto mezi \u0161estn\u00e1cti nejlep\u0161\u00edmi z\u00e1vodn\u00edky do 22 let.<\/p>\n<p>Zastoupen\u00ed jsme m\u011bly tak\u00e9 ve skokansk\u00fdch sektorech. Ve skoku o ty\u010di zde z\u00e1vodila <strong>Veronika Jir\u00e1\u010dkov\u00e1<\/strong>, kter\u00e1 vybojovala d\u011blen\u00e9 p\u00e1t\u00e9 m\u00edsto za v\u00fdkon 3,21 m. Ve skoku dalek\u00e9m zase byla k vid\u011bn\u00ed olomouck\u00e1 v\u00edceboja\u0159ka <strong>Michaela Gieselov\u00e1<\/strong>. Ta p\u0159edvedla v s\u00e9rii \u010dtvrt\u00fdch i p\u00e1t\u00fdch pokus\u016f shodn\u00fdch 5,62 m a za tento v\u00fdkon se um\u00edstila na p\u011bkn\u00e9m \u0161est\u00e9m m\u00edst\u011b.<\/p>\n<p><strong>V\u0161em atlet\u016fm gratulujeme k hezk\u00fdm um\u00edst\u011bn\u00edm a d\u011bkujeme za vzornou reprezentaci klubu!<\/strong><\/p>\n<p>Kompletn\u00ed v\u00fdsledky <a href=\"https:\/\/online.atletika.cz\/vysledky\/41050\/\">zde<\/a><\/p>\n","protected":false},"excerpt":{"rendered":"<p>O v\u00edkendu 19. &#8211; 20. z\u00e1\u0159\u00ed se v Jablonci nad Nisou konalo Mistrovstv\u00ed \u010cesk\u00e9 republiky do 22 let na dr\u00e1ze. Z&nbsp;Atletick\u00e9ho klubu Olomouc odcestovalo do Jablonce celkem 8 z\u00e1vodn\u00edk\u016f.<\/p>\n","protected":false},"author":14,"featured_media":19818,"comment_status":"closed","ping_status":"closed","sticky":false,"template":"","format":"standard","meta":{"ngg_post_thumbnail":0},"categories":[5,6,37],"tags":[],"_links":{"self":[{"href":"https:\/\/old.atletikaolomouc.cz\/index.php?rest_route=\/wp\/v2\/posts\/19809"}],"collection":[{"href":"https:\/\/old.atletikaolomouc.cz\/index.php?rest_route=\/wp\/v2\/posts"}],"about":[{"href":"https:\/\/old.atletikaolomouc.cz\/index.php?rest_route=\/wp\/v2\/types\/post"}],"author":[{"embeddable":true,"href":"https:\/\/old.atletikaolomouc.cz\/index.php?rest_route=\/wp\/v2\/users\/14"}],"replies":[{"embeddable":true,"href":"https:\/\/old.atletikaolomouc.cz\/index.php?rest_route=%2Fwp%2Fv2%2Fcomments&post=19809"}],"version-history":[{"count":5,"href":"https:\/\/old.atletikaolomouc.cz\/index.php?rest_route=\/wp\/v2\/posts\/19809\/revisions"}],"predecessor-version":[{"id":19819,"href":"https:\/\/old.atletikaolomouc.cz\/index.php?rest_route=\/wp\/v2\/posts\/19809\/revisions\/19819"}],"wp:featuredmedia":[{"embeddable":true,"href":"https:\/\/old.atletikaolomouc.cz\/index.php?rest_route=\/wp\/v2\/media\/19818"}],"wp:attachment":[{"href":"https:\/\/old.atletikaolomouc.cz\/index.php?rest_route=%2Fwp%2Fv2%2Fmedia&parent=19809"}],"wp:term":[{"taxonomy":"category","embeddable":true,"href":"https:\/\/old.atletikaolomouc.cz\/index.php?rest_route=%2Fwp%2Fv2%2Fcategories&post=19809"},{"taxonomy":"post_tag","embeddable":true,"href":"https:\/\/old.atletikaolomouc.cz\/index.php?rest_route=%2Fwp%2Fv2%2Ftags&post=19809"}],"curies":[{"name":"wp","href":"https:\/\/api.w.org\/{rel}","templated":true}]}}