{"id":19980,"date":"2020-09-30T11:29:08","date_gmt":"2020-09-30T09:29:08","guid":{"rendered":"http:\/\/www.atletikaolomouc.cz\/?p=19980"},"modified":"2020-09-30T11:29:16","modified_gmt":"2020-09-30T09:29:16","slug":"4-kolo-ceskeho-poharu-vozickaru-v-olomouc","status":"publish","type":"post","link":"https:\/\/old.atletikaolomouc.cz\/?p=19980","title":{"rendered":"4. kolo \u010cesk\u00e9ho poh\u00e1ru voz\u00ed\u010dk\u00e1\u0159\u016f v Olomouc"},"content":{"rendered":"\n<p style=\"text-align: justify;\">26.9. se v Olomouci konalo 4. kolo \u010cP v atletice voz\u00ed\u010dk\u00e1\u0159\u016f.<!--more--><\/p>\n<p style=\"text-align: justify;\">Po\u010das\u00ed n\u00e1m o v\u00edkendu sice nep\u0159\u00e1lo, ale i skrze kapky de\u0161t\u011b p\u0159ijelo mnoho atlet\u016f, kte\u0159\u00ed se bojovali v p\u0159edposledn\u00edm kole \u010cP.<\/p>\n<p style=\"text-align: justify;\"><em>\u017densk\u00e9 zastoupen\u00ed na\u0161eho odd\u00edlu:<\/em><\/p>\n<p style=\"text-align: justify;\">Eva Kvapilov\u00e1 hod diskem &#8211; 1,66, hod ku\u017eelkou &#8211; 3,46.<\/p>\n<p style=\"text-align: justify;\">Eva Kacanu vrh koul\u00ed &#8211; 5,39, hod diskem &#8211; 10,67.<\/p>\n<p style=\"text-align: justify;\">Ivana Drapov\u00e1 vrh koul\u00ed &#8211; 3,72, hod diskem &#8211; 7,46.<\/p>\n<p style=\"text-align: justify;\">Jana Hycov\u00e1 hod ku\u017eelkou &#8211; 3,33.<\/p>\n<div id=\"attachment_20004\" style=\"width: 1596px\" class=\"wp-caption aligncenter\"><a href=\"http:\/\/www.atletikaolomouc.cz\/wp-content\/uploads\/2020\/09\/120036604_131172268706296_3538775058373449532_o-2.jpg\"><img aria-describedby=\"caption-attachment-20004\" decoding=\"async\" loading=\"lazy\" class=\"wp-image-20004 size-full\" src=\"http:\/\/www.atletikaolomouc.cz\/wp-content\/uploads\/2020\/09\/120036604_131172268706296_3538775058373449532_o-2.jpg\" alt=\"\" width=\"1586\" height=\"451\" srcset=\"https:\/\/old.atletikaolomouc.cz\/wp-content\/uploads\/2020\/09\/120036604_131172268706296_3538775058373449532_o-2.jpg 1586w, https:\/\/old.atletikaolomouc.cz\/wp-content\/uploads\/2020\/09\/120036604_131172268706296_3538775058373449532_o-2-300x85.jpg 300w, https:\/\/old.atletikaolomouc.cz\/wp-content\/uploads\/2020\/09\/120036604_131172268706296_3538775058373449532_o-2-768x218.jpg 768w, https:\/\/old.atletikaolomouc.cz\/wp-content\/uploads\/2020\/09\/120036604_131172268706296_3538775058373449532_o-2-800x227.jpg 800w\" sizes=\"(max-width: 1586px) 100vw, 1586px\" \/><\/a><p id=\"caption-attachment-20004\" class=\"wp-caption-text\">\u017deny<\/p><\/div>\n<p style=\"text-align: justify;\"><em>Mu\u017esk\u00e9 zastoupen\u00ed na\u0161eho odd\u00edlu:<\/em><\/p>\n<p style=\"text-align: justify;\">Michal Rotter hod o\u0161t\u011bpem &#8211; 21,13, hod diskem &#8211; 20,60.<\/p>\n<p style=\"text-align: justify;\">Filip Varto\u0148 hod diskem &#8211; 13,16.<\/p>\n<p style=\"text-align: justify;\">Du\u0161an \u0160\u010dambura hod o\u0161t\u011bpem &#8211; 21,55, hod diskem 21,44.<\/p>\n<p style=\"text-align: justify;\">Luk\u00e1\u0161 Kunc hod diskem &#8211; 14,11.<\/p>\n<div id=\"attachment_20005\" style=\"width: 1313px\" class=\"wp-caption alignnone\"><a href=\"http:\/\/www.atletikaolomouc.cz\/wp-content\/uploads\/2020\/09\/120260710_131172482039608_8994542051682166854_o-2.jpg\"><img aria-describedby=\"caption-attachment-20005\" decoding=\"async\" loading=\"lazy\" class=\"size-full wp-image-20005\" src=\"http:\/\/www.atletikaolomouc.cz\/wp-content\/uploads\/2020\/09\/120260710_131172482039608_8994542051682166854_o-2.jpg\" alt=\"\" width=\"1303\" height=\"477\" srcset=\"https:\/\/old.atletikaolomouc.cz\/wp-content\/uploads\/2020\/09\/120260710_131172482039608_8994542051682166854_o-2.jpg 1303w, https:\/\/old.atletikaolomouc.cz\/wp-content\/uploads\/2020\/09\/120260710_131172482039608_8994542051682166854_o-2-300x110.jpg 300w, https:\/\/old.atletikaolomouc.cz\/wp-content\/uploads\/2020\/09\/120260710_131172482039608_8994542051682166854_o-2-768x281.jpg 768w, https:\/\/old.atletikaolomouc.cz\/wp-content\/uploads\/2020\/09\/120260710_131172482039608_8994542051682166854_o-2-800x293.jpg 800w\" sizes=\"(max-width: 1303px) 100vw, 1303px\" \/><\/a><p id=\"caption-attachment-20005\" class=\"wp-caption-text\">Mu\u017ei<\/p><\/div>\n<p style=\"text-align: justify;\">Celkov\u00e9 v\u00fdsledky k nahl\u00e9dnut\u00ed <a href=\"http:\/\/www.atletikavozickaru.cz\/2020\/cesky%20pohar\/cp20ol3.pdf\">zde.<\/a><\/p>\n<p style=\"text-align: justify;\">V\u0161em pos\u00edl\u00e1me gratulace!<\/p>\n<p style=\"text-align: justify;\">&nbsp;<\/p>\n<p style=\"text-align: justify;\">Uvnit\u0159 stadionu, sout\u011b\u017eili mlad\u00ed nad\u011bjn\u00ed sportovci v hodu raketkou. Bojovali mezi sebou sportovci z dom\u00e1c\u00ed Olomouce a Ostravy.<\/p>\n<p style=\"text-align: justify;\">V Olomouck\u00fdch dresech, vlevo naho\u0159e: Martin P\u0159ichystal,&nbsp;Ond\u0159ej Lakom\u00fd Karol\u00edna Stratilov\u00e1,&nbsp; vpravo naho\u0159e Dominik Chud\u00fd. Vlevo dole Nikola Sikorov\u00e1.<\/p>\n<p style=\"text-align: justify;\"><a href=\"http:\/\/www.atletikaolomouc.cz\/wp-content\/uploads\/2020\/09\/IMG_3705-2.jpg\"><img decoding=\"async\" loading=\"lazy\" class=\"alignnone size-full wp-image-19997\" src=\"http:\/\/www.atletikaolomouc.cz\/wp-content\/uploads\/2020\/09\/IMG_3705-2.jpg\" alt=\"\" width=\"638\" height=\"589\" srcset=\"https:\/\/old.atletikaolomouc.cz\/wp-content\/uploads\/2020\/09\/IMG_3705-2.jpg 638w, https:\/\/old.atletikaolomouc.cz\/wp-content\/uploads\/2020\/09\/IMG_3705-2-300x277.jpg 300w\" sizes=\"(max-width: 638px) 100vw, 638px\" \/><\/a><\/p>\n<p style=\"text-align: justify;\">V\u00fdsledky hodu raketkou <a href=\"http:\/\/www.atletikaolomouc.cz\/wp-content\/uploads\/2020\/09\/RAKETKA-D\u011aTI-26.9.2020-V\u00ddSLEDKY-1.xlsx\">zde.<\/a><\/p>\n<p style=\"text-align: justify;\">Gratulace pos\u00edl\u00e1me i na\u0161im d\u011btem!<\/p>\n","protected":false},"excerpt":{"rendered":"<p>26.9. se v Olomouci konalo 4. kolo \u010cP v atletice voz\u00ed\u010dk\u00e1\u0159\u016f.<\/p>\n","protected":false},"author":17,"featured_media":19990,"comment_status":"closed","ping_status":"closed","sticky":false,"template":"","format":"standard","meta":{"ngg_post_thumbnail":0},"categories":[5,48],"tags":[],"_links":{"self":[{"href":"https:\/\/old.atletikaolomouc.cz\/index.php?rest_route=\/wp\/v2\/posts\/19980"}],"collection":[{"href":"https:\/\/old.atletikaolomouc.cz\/index.php?rest_route=\/wp\/v2\/posts"}],"about":[{"href":"https:\/\/old.atletikaolomouc.cz\/index.php?rest_route=\/wp\/v2\/types\/post"}],"author":[{"embeddable":true,"href":"https:\/\/old.atletikaolomouc.cz\/index.php?rest_route=\/wp\/v2\/users\/17"}],"replies":[{"embeddable":true,"href":"https:\/\/old.atletikaolomouc.cz\/index.php?rest_route=%2Fwp%2Fv2%2Fcomments&post=19980"}],"version-history":[{"count":12,"href":"https:\/\/old.atletikaolomouc.cz\/index.php?rest_route=\/wp\/v2\/posts\/19980\/revisions"}],"predecessor-version":[{"id":20006,"href":"https:\/\/old.atletikaolomouc.cz\/index.php?rest_route=\/wp\/v2\/posts\/19980\/revisions\/20006"}],"wp:featuredmedia":[{"embeddable":true,"href":"https:\/\/old.atletikaolomouc.cz\/index.php?rest_route=\/wp\/v2\/media\/19990"}],"wp:attachment":[{"href":"https:\/\/old.atletikaolomouc.cz\/index.php?rest_route=%2Fwp%2Fv2%2Fmedia&parent=19980"}],"wp:term":[{"taxonomy":"category","embeddable":true,"href":"https:\/\/old.atletikaolomouc.cz\/index.php?rest_route=%2Fwp%2Fv2%2Fcategories&post=19980"},{"taxonomy":"post_tag","embeddable":true,"href":"https:\/\/old.atletikaolomouc.cz\/index.php?rest_route=%2Fwp%2Fv2%2Ftags&post=19980"}],"curies":[{"name":"wp","href":"https:\/\/api.w.org\/{rel}","templated":true}]}}