{"id":19996,"date":"2020-09-30T11:50:10","date_gmt":"2020-09-30T09:50:10","guid":{"rendered":"http:\/\/www.atletikaolomouc.cz\/?p=19996"},"modified":"2020-10-06T10:12:30","modified_gmt":"2020-10-06T08:12:30","slug":"juniorky-a-dorostenci-vybojovali-postup-na-mistrovstvi-cr-druzstev","status":"publish","type":"post","link":"https:\/\/old.atletikaolomouc.cz\/?p=19996","title":{"rendered":"Juniorky a dorostenci vybojovali postup na Mistrovstv\u00ed \u010cR"},"content":{"rendered":"\n<p>V sobotu 26. z\u00e1\u0159\u00ed se v B\u0159eclavi konalo 3. kolo sout\u011b\u017ee Moravy a Slezska dru\u017estev junior\u016f a dorostu.<!--more--><\/p>\n<p>Olomouck\u00e1 dru\u017estva juniorek i dorostenc\u016f odjela do B\u0159eclavi v siln\u00e9 sestav\u011b a \u00fasp\u011b\u0161n\u011b nav\u00e1zala na sv\u00e9 dosavadn\u00ed v\u00fdsledky v t\u00e9to sout\u011b\u017ei.<\/p>\n<p>Dru\u017estvo juniorek, jeho\u017e nej\u00fasp\u011b\u0161n\u011bj\u0161\u00edmi z\u00e1vodnicemi byly <strong>Ad\u00e9la Neu\u017eilov\u00e1, Karol\u00edna Morbitzerov\u00e1 a Anna Gregu\u0161ov\u00e1<\/strong>, skon\u010dilo s celkov\u00fdm sou\u010dtem 124 bod\u016f na t\u0159et\u00edm m\u00edst\u011b a obdr\u017eelo tak bronzov\u00e9 medaile za t\u0159\u00edkolovou sout\u011b\u017e Moravy a Slezska.<\/p>\n<p>Dru\u017estvo dorostenc\u016f zase vystoupalo na pomyslnou st\u0159\u00edbrnou p\u0159\u00ed\u010dku za z\u00edskan\u00fdch 185,5 bodu. Nejv\u00edce se v T\u0159inci da\u0159ilo <strong>Karlu Brychtovi, Vojt\u011bchu Hor\u00e1kovi, Danielu Matu\u0161\u00edkovi a Ji\u0159\u00edmu Novotn\u00e9mu.<\/strong><\/p>\n<p>Ob\u011b dru\u017estva si tak sv\u00fdmi v\u00fdsledky vybojovala <strong>postup na Mistrovstv\u00ed \u010cesk\u00e9 republiky dru\u017estev<\/strong>, kter\u00e9 se bude konat 3 \u0159\u00edjna v Opav\u011b pro juniorky a v Jablonci nad Nisou pro dorostence.<\/p>\n<p>Kompletn\u00ed v\u00fdsledky <a href=\"https:\/\/online.atletika.cz\/vysledky\/45531\/\">zde<\/a><\/p>\n<p>Zpravodaj juniorek <a href=\"http:\/\/www.atletikaolomouc.cz\/wp-content\/uploads\/2020\/09\/2020-Zpravodaj-po-3.-kole.pdf\" data-wplink-edit=\"true\">zde<\/a><\/p>\n","protected":false},"excerpt":{"rendered":"<p>V sobotu 26. z\u00e1\u0159\u00ed se v B\u0159eclavi konalo 3. kolo sout\u011b\u017ee Moravy a Slezska dru\u017estev junior\u016f a dorostu.<\/p>\n","protected":false},"author":14,"featured_media":20011,"comment_status":"closed","ping_status":"closed","sticky":false,"template":"","format":"standard","meta":{"ngg_post_thumbnail":0},"categories":[5,6,37],"tags":[],"_links":{"self":[{"href":"https:\/\/old.atletikaolomouc.cz\/index.php?rest_route=\/wp\/v2\/posts\/19996"}],"collection":[{"href":"https:\/\/old.atletikaolomouc.cz\/index.php?rest_route=\/wp\/v2\/posts"}],"about":[{"href":"https:\/\/old.atletikaolomouc.cz\/index.php?rest_route=\/wp\/v2\/types\/post"}],"author":[{"embeddable":true,"href":"https:\/\/old.atletikaolomouc.cz\/index.php?rest_route=\/wp\/v2\/users\/14"}],"replies":[{"embeddable":true,"href":"https:\/\/old.atletikaolomouc.cz\/index.php?rest_route=%2Fwp%2Fv2%2Fcomments&post=19996"}],"version-history":[{"count":6,"href":"https:\/\/old.atletikaolomouc.cz\/index.php?rest_route=\/wp\/v2\/posts\/19996\/revisions"}],"predecessor-version":[{"id":20057,"href":"https:\/\/old.atletikaolomouc.cz\/index.php?rest_route=\/wp\/v2\/posts\/19996\/revisions\/20057"}],"wp:featuredmedia":[{"embeddable":true,"href":"https:\/\/old.atletikaolomouc.cz\/index.php?rest_route=\/wp\/v2\/media\/20011"}],"wp:attachment":[{"href":"https:\/\/old.atletikaolomouc.cz\/index.php?rest_route=%2Fwp%2Fv2%2Fmedia&parent=19996"}],"wp:term":[{"taxonomy":"category","embeddable":true,"href":"https:\/\/old.atletikaolomouc.cz\/index.php?rest_route=%2Fwp%2Fv2%2Fcategories&post=19996"},{"taxonomy":"post_tag","embeddable":true,"href":"https:\/\/old.atletikaolomouc.cz\/index.php?rest_route=%2Fwp%2Fv2%2Ftags&post=19996"}],"curies":[{"name":"wp","href":"https:\/\/api.w.org\/{rel}","templated":true}]}}