{"id":20059,"date":"2020-10-06T14:08:31","date_gmt":"2020-10-06T12:08:31","guid":{"rendered":"http:\/\/www.atletikaolomouc.cz\/?p=20059"},"modified":"2020-10-06T14:08:35","modified_gmt":"2020-10-06T12:08:35","slug":"mistrovstvi-moravy-a-slezska-druzstev-starsiho-zactva","status":"publish","type":"post","link":"https:\/\/old.atletikaolomouc.cz\/?p=20059","title":{"rendered":"Mistrovstv\u00ed Moravy a Slezska dru\u017estev star\u0161\u00edho \u017eactva"},"content":{"rendered":"\n<p>V ned\u011bli 27. z\u00e1\u0159\u00ed se v B\u0159eclavi konalo Mistrovstv\u00ed Moravy a Slezska dru\u017estev star\u0161\u00edch \u017e\u00e1k\u016f a \u017e\u00e1ky\u0148 na dr\u00e1ze.<!--more--><\/p>\n<p>Do tohoto fin\u00e1le moravskoslezsk\u00e9 sout\u011b\u017ee postoupila ob\u011b olomouck\u00e1 dru\u017estva.<\/p>\n<p>Dru\u017estvo \u017e\u00e1ky\u0148 bojovalo o postupovou p\u0159\u00ed\u010dku na Mistrostv\u00ed \u010cR, p\u0159esto\u017ee do B\u0159eclavi p\u0159ijelo v nejm\u00e9n\u011b obsazen\u00e9 sestav\u011b za celou leto\u0161n\u00ed sout\u011b\u017e. D\u00edvky nakonec skon\u010dili na prvn\u00edm nepostupov\u00e9m p\u00e1t\u00e9m m\u00edst\u011b a postup jim utekl jen o 10 bod\u016f. Nejl\u00e9pe boduj\u00edc\u00ed z\u00e1vodnic\u00ed t\u00fdmu byla bezesporu Martina Mazurov\u00e1, kter\u00e1 za p\u011bt z\u00e1vod\u016f nasb\u00edrala \u00factyhodn\u00fdch 162 bod\u016f. Druhou nejl\u00e9pe boduj\u00edc\u00ed se stala Anna Stejskalov\u00e1 s 86,75 bodu a t\u0159et\u00ed neju\u017eite\u010dn\u011bj\u0161\u00ed z\u00e1vodnic\u00ed byla Eli\u0161ka Zelov\u00e1 s 83,5 bodu.<\/p>\n<p><a href=\"http:\/\/www.atletikaolomouc.cz\/wp-content\/uploads\/2020\/10\/MMS-starsich-zakyn.jpg\"><img decoding=\"async\" loading=\"lazy\" class=\"alignleft size-full wp-image-20065\" src=\"http:\/\/www.atletikaolomouc.cz\/wp-content\/uploads\/2020\/10\/MMS-starsich-zakyn.jpg\" alt=\"\" width=\"3860\" height=\"2161\" srcset=\"https:\/\/old.atletikaolomouc.cz\/wp-content\/uploads\/2020\/10\/MMS-starsich-zakyn.jpg 3860w, https:\/\/old.atletikaolomouc.cz\/wp-content\/uploads\/2020\/10\/MMS-starsich-zakyn-300x168.jpg 300w, https:\/\/old.atletikaolomouc.cz\/wp-content\/uploads\/2020\/10\/MMS-starsich-zakyn-768x430.jpg 768w, https:\/\/old.atletikaolomouc.cz\/wp-content\/uploads\/2020\/10\/MMS-starsich-zakyn-800x448.jpg 800w\" sizes=\"(max-width: 3860px) 100vw, 3860px\" \/><\/a><\/p>\n<p>&nbsp;<br>Dru\u017estvo \u017e\u00e1k\u016f skon\u010dilo, i p\u0159es snahu v\u0161ech \u010dlen\u016f o co nejlep\u0161\u00ed v\u00fdkony, na sedm\u00e9m m\u00edst\u011b. Ani olomou\u010dt\u00ed chlapci nenastoupilo do z\u00e1vodu v pln\u00e9 sestav\u011b, i kdy\u017e ani ta by jim nesp\u00ed\u0161 nepomohla k dosa\u017een\u00ed postupov\u00e9 p\u0159\u00ed\u010dky, proto\u017ee na \u010dtvrt\u00e9 m\u00edsto jim chyb\u011blo p\u0159es 40 bod\u016f. Nejv\u00edce bod\u016f z\u00edskal v B\u0159eclavi pro dru\u017estvo suver\u00e9nn\u011b Vojta Hejtm\u00e1nek se 17 body.<a href=\"http:\/\/www.atletikaolomouc.cz\/wp-content\/uploads\/2020\/10\/20200927_162631.jpg\"><img decoding=\"async\" loading=\"lazy\" class=\"alignleft size-full wp-image-20062\" src=\"http:\/\/www.atletikaolomouc.cz\/wp-content\/uploads\/2020\/10\/20200927_162631.jpg\" alt=\"\" width=\"2782\" height=\"1814\" srcset=\"https:\/\/old.atletikaolomouc.cz\/wp-content\/uploads\/2020\/10\/20200927_162631.jpg 2782w, https:\/\/old.atletikaolomouc.cz\/wp-content\/uploads\/2020\/10\/20200927_162631-300x196.jpg 300w, https:\/\/old.atletikaolomouc.cz\/wp-content\/uploads\/2020\/10\/20200927_162631-768x501.jpg 768w, https:\/\/old.atletikaolomouc.cz\/wp-content\/uploads\/2020\/10\/20200927_162631-800x522.jpg 800w\" sizes=\"(max-width: 2782px) 100vw, 2782px\" \/><\/a><\/p>\n<p>&nbsp;<br><a href=\"https:\/\/online.atletika.cz\/vysledky\/45532\">Kompletn\u00ed v\u00fdsledky<\/a><\/p>\n<p><a href=\"http:\/\/www.atletikaolomouc.cz\/wp-content\/uploads\/2020\/10\/Zpravodaj_po_MMS_zaku.docx\">Zpravodaj \u017e\u00e1k\u016f<\/a><br><a href=\"http:\/\/www.atletikaolomouc.cz\/wp-content\/uploads\/2020\/10\/Zpravodaj-star\u0161\u00ed-\u017e\u00e1ky\u0148\u011b-po-MMS.docx\">Zpravodaj \u017e\u00e1ky\u0148<\/a><\/p>\n","protected":false},"excerpt":{"rendered":"<p>V ned\u011bli 27. z\u00e1\u0159\u00ed se v B\u0159eclavi konalo Mistrovstv\u00ed Moravy a Slezska dru\u017estev star\u0161\u00edch \u017e\u00e1k\u016f a \u017e\u00e1ky\u0148 na dr\u00e1ze.<\/p>\n","protected":false},"author":14,"featured_media":20063,"comment_status":"closed","ping_status":"closed","sticky":false,"template":"","format":"standard","meta":{"ngg_post_thumbnail":0},"categories":[5,6,37],"tags":[],"_links":{"self":[{"href":"https:\/\/old.atletikaolomouc.cz\/index.php?rest_route=\/wp\/v2\/posts\/20059"}],"collection":[{"href":"https:\/\/old.atletikaolomouc.cz\/index.php?rest_route=\/wp\/v2\/posts"}],"about":[{"href":"https:\/\/old.atletikaolomouc.cz\/index.php?rest_route=\/wp\/v2\/types\/post"}],"author":[{"embeddable":true,"href":"https:\/\/old.atletikaolomouc.cz\/index.php?rest_route=\/wp\/v2\/users\/14"}],"replies":[{"embeddable":true,"href":"https:\/\/old.atletikaolomouc.cz\/index.php?rest_route=%2Fwp%2Fv2%2Fcomments&post=20059"}],"version-history":[{"count":5,"href":"https:\/\/old.atletikaolomouc.cz\/index.php?rest_route=\/wp\/v2\/posts\/20059\/revisions"}],"predecessor-version":[{"id":20086,"href":"https:\/\/old.atletikaolomouc.cz\/index.php?rest_route=\/wp\/v2\/posts\/20059\/revisions\/20086"}],"wp:featuredmedia":[{"embeddable":true,"href":"https:\/\/old.atletikaolomouc.cz\/index.php?rest_route=\/wp\/v2\/media\/20063"}],"wp:attachment":[{"href":"https:\/\/old.atletikaolomouc.cz\/index.php?rest_route=%2Fwp%2Fv2%2Fmedia&parent=20059"}],"wp:term":[{"taxonomy":"category","embeddable":true,"href":"https:\/\/old.atletikaolomouc.cz\/index.php?rest_route=%2Fwp%2Fv2%2Fcategories&post=20059"},{"taxonomy":"post_tag","embeddable":true,"href":"https:\/\/old.atletikaolomouc.cz\/index.php?rest_route=%2Fwp%2Fv2%2Ftags&post=20059"}],"curies":[{"name":"wp","href":"https:\/\/api.w.org\/{rel}","templated":true}]}}