{"id":20072,"date":"2020-10-06T14:10:16","date_gmt":"2020-10-06T12:10:16","guid":{"rendered":"http:\/\/www.atletikaolomouc.cz\/?p=20072"},"modified":"2020-10-06T14:10:21","modified_gmt":"2020-10-06T12:10:21","slug":"5-kolo-ceskeho-poharu-handicapovanych-v-atletice","status":"publish","type":"post","link":"https:\/\/old.atletikaolomouc.cz\/?p=20072","title":{"rendered":"5.kolo \u010cesk\u00e9ho poh\u00e1ru handicapovan\u00fdch v atletice"},"content":{"rendered":"\n<p style=\"text-align: justify;\"><strong>4.10.2020 v Praze prob\u011bhlo posledn\u00ed kolo \u010cesk\u00e9ho poh\u00e1ru handicapovan\u00fdch v atletice.<\/strong><!--more--><\/p>\n<p style=\"text-align: justify;\"><!--more-->Posledn\u00edho kola v atletice handicapovan\u00fdch, kter\u00e9 se konalo v Praze m\u011bl n\u00e1\u0161 klub zastoupen\u00ed v n\u011bkolika discipl\u00edn\u00e1ch (ku\u017eelce, o\u0161t\u011bpu, kouli i disku).<\/p>\n<p style=\"text-align: justify;\">&nbsp;V hodu ku\u017eelkou to byla Ad\u00e9la Sekyrov\u00e1 s v\u00fdkonem 10,10 a Eva Kvapilov\u00e1 2,51.<\/p>\n<p style=\"text-align: justify;\">O\u0161t\u011bpem h\u00e1zela pouze mu\u017esk\u00e1 \u010d\u00e1st na\u0161ich atlet\u016f. Du\u0161an \u0160\u010dambura hodil 21,42, Michal Rotter 18,26.<\/p>\n<p style=\"text-align: justify;\">Ve vrhu koul\u00ed Eva Kacanu vrhla 5,16.&nbsp;<\/p>\n<p style=\"text-align: justify;\">V disku zapsali v\u00fdsledek v\u0161ichni na\u0161i z\u00e1vodn\u00edci.<\/p>\n<p style=\"text-align: justify;\">Ad\u00e9la Sekyrov\u00e1 3,28, Eva Kvapilov\u00e1 1,74, Eva Kacanu 10,39, Michal Rotter 20,82 a Du\u0161an \u0160\u010dambura 20,75.<\/p>\n<p><strong>V\u00fdsledky k nahl\u00e9dnut\u00ed <a href=\"http:\/\/www.atletikavozickaru.cz\/2020\/cesky%20pohar\/cp20pr.pdf\">zde.<\/a><\/strong><\/p>\n<p><strong>Kone\u010dn\u00e9 po\u0159ad\u00ed \u010desk\u00e9ho poh\u00e1ru atletiky \u010cATHS 2020 k nahl\u00e9dnut\u00ed <a href=\"http:\/\/www.atletikavozickaru.cz\/2020\/cesky%20pohar\/cp20all.pdf\">zde.<\/a><\/strong><\/p>\n","protected":false},"excerpt":{"rendered":"<p>4.10.2020 v Praze prob\u011bhlo posledn\u00ed kolo \u010cesk\u00e9ho poh\u00e1ru handicapovan\u00fdch v atletice.<\/p>\n","protected":false},"author":17,"featured_media":0,"comment_status":"closed","ping_status":"closed","sticky":false,"template":"","format":"standard","meta":{"ngg_post_thumbnail":0},"categories":[5,48],"tags":[],"_links":{"self":[{"href":"https:\/\/old.atletikaolomouc.cz\/index.php?rest_route=\/wp\/v2\/posts\/20072"}],"collection":[{"href":"https:\/\/old.atletikaolomouc.cz\/index.php?rest_route=\/wp\/v2\/posts"}],"about":[{"href":"https:\/\/old.atletikaolomouc.cz\/index.php?rest_route=\/wp\/v2\/types\/post"}],"author":[{"embeddable":true,"href":"https:\/\/old.atletikaolomouc.cz\/index.php?rest_route=\/wp\/v2\/users\/17"}],"replies":[{"embeddable":true,"href":"https:\/\/old.atletikaolomouc.cz\/index.php?rest_route=%2Fwp%2Fv2%2Fcomments&post=20072"}],"version-history":[{"count":8,"href":"https:\/\/old.atletikaolomouc.cz\/index.php?rest_route=\/wp\/v2\/posts\/20072\/revisions"}],"predecessor-version":[{"id":20138,"href":"https:\/\/old.atletikaolomouc.cz\/index.php?rest_route=\/wp\/v2\/posts\/20072\/revisions\/20138"}],"wp:attachment":[{"href":"https:\/\/old.atletikaolomouc.cz\/index.php?rest_route=%2Fwp%2Fv2%2Fmedia&parent=20072"}],"wp:term":[{"taxonomy":"category","embeddable":true,"href":"https:\/\/old.atletikaolomouc.cz\/index.php?rest_route=%2Fwp%2Fv2%2Fcategories&post=20072"},{"taxonomy":"post_tag","embeddable":true,"href":"https:\/\/old.atletikaolomouc.cz\/index.php?rest_route=%2Fwp%2Fv2%2Ftags&post=20072"}],"curies":[{"name":"wp","href":"https:\/\/api.w.org\/{rel}","templated":true}]}}