{"id":20158,"date":"2020-10-11T10:30:44","date_gmt":"2020-10-11T08:30:44","guid":{"rendered":"http:\/\/www.atletikaolomouc.cz\/?p=20158"},"modified":"2020-10-11T10:29:47","modified_gmt":"2020-10-11T08:29:47","slug":"preruseni-treninku-pripravek-a-zactva","status":"publish","type":"post","link":"https:\/\/old.atletikaolomouc.cz\/?p=20158","title":{"rendered":"P\u0158ERU\u0160EN\u00cd TR\u00c9NINK\u016e P\u0158\u00cdPRAVEK A \u017dACTVA"},"content":{"rendered":"\n<p>V\u00e1\u017een\u00ed rodi\u010de a atleti,<\/p>\n<p>bohu\u017eel V\u00e1m mus\u00edme ozn\u00e1mit, \u017ee na z\u00e1klad\u011b vl\u00e1dn\u00edch omezen\u00ed platn\u00fdch<b>&nbsp;od pond\u011bl\u00ed 12. \u0159\u00edjna 2020 jsme nuceni p\u0159eru\u0161it tr\u00e9ninkovou \u010dinnost skupin atletick\u00fdch \u0161koli\u010dek, p\u0159\u00edpravek, mlad\u0161\u00edho \u017eactva a star\u0161\u00edho \u017eactva a to minim\u00e1ln\u011b do pond\u011bl\u00ed 2. listopadu 2020.<br><!--more--><\/b><br>Od pond\u011bl\u00ed 12. \u0159\u00edjna budou kompletn\u011b uzav\u0159eny vnit\u0159n\u00ed prostory atletick\u00e9ho stadionu TJ Lokomotiva Olomouc (hala, \u0161atny, WC&#8230;) a venkovn\u00ed prostor m\u016f\u017ee nav\u0161t\u00edvit nejv\u00fd\u0161e 20 osob\/\u010dlen\u016f klubu.&nbsp;<\/p>\n<p>Pro \u017eactvo zva\u017eujeme mo\u017enosti tr\u00e9ninku mimo are\u00e1l stadionu ve skupin\u00e1ch po maxim\u00e1ln\u011b 20 lidech, p\u0159\u00edpadn\u011b seps\u00e1n\u00ed tr\u00e9ninkov\u00e9ho pl\u00e1nu pro samostatn\u00fd tr\u00e9nink.<\/p>\n<p>Pro dal\u0161\u00ed informace, pros\u00edme, sledujte n\u00e1\u0161 web a info jednotliv\u00fdm skupin\u00e1m budeme rozes\u00edlat tak\u00e9 emailem.<\/p>\n<p>Omlouv\u00e1me se a d\u011bkujeme za pochopen\u00ed.<\/p>\n<p>Veden\u00ed klubu<\/p>\n","protected":false},"excerpt":{"rendered":"<p>V\u00e1\u017een\u00ed rodi\u010de a atleti, bohu\u017eel V\u00e1m mus\u00edme ozn\u00e1mit, \u017ee na z\u00e1klad\u011b vl\u00e1dn\u00edch omezen\u00ed platn\u00fdch&nbsp;od pond\u011bl\u00ed 12. \u0159\u00edjna 2020 jsme nuceni p\u0159eru\u0161it tr\u00e9ninkovou \u010dinnost skupin atletick\u00fdch \u0161koli\u010dek, p\u0159\u00edpravek, mlad\u0161\u00edho \u017eactva a star\u0161\u00edho \u017eactva a to minim\u00e1ln\u011b do pond\u011bl\u00ed 2. listopadu 2020.<\/p>\n","protected":false},"author":14,"featured_media":16249,"comment_status":"closed","ping_status":"closed","sticky":false,"template":"","format":"standard","meta":{"ngg_post_thumbnail":0},"categories":[5,6,37],"tags":[],"_links":{"self":[{"href":"https:\/\/old.atletikaolomouc.cz\/index.php?rest_route=\/wp\/v2\/posts\/20158"}],"collection":[{"href":"https:\/\/old.atletikaolomouc.cz\/index.php?rest_route=\/wp\/v2\/posts"}],"about":[{"href":"https:\/\/old.atletikaolomouc.cz\/index.php?rest_route=\/wp\/v2\/types\/post"}],"author":[{"embeddable":true,"href":"https:\/\/old.atletikaolomouc.cz\/index.php?rest_route=\/wp\/v2\/users\/14"}],"replies":[{"embeddable":true,"href":"https:\/\/old.atletikaolomouc.cz\/index.php?rest_route=%2Fwp%2Fv2%2Fcomments&post=20158"}],"version-history":[{"count":3,"href":"https:\/\/old.atletikaolomouc.cz\/index.php?rest_route=\/wp\/v2\/posts\/20158\/revisions"}],"predecessor-version":[{"id":20161,"href":"https:\/\/old.atletikaolomouc.cz\/index.php?rest_route=\/wp\/v2\/posts\/20158\/revisions\/20161"}],"wp:featuredmedia":[{"embeddable":true,"href":"https:\/\/old.atletikaolomouc.cz\/index.php?rest_route=\/wp\/v2\/media\/16249"}],"wp:attachment":[{"href":"https:\/\/old.atletikaolomouc.cz\/index.php?rest_route=%2Fwp%2Fv2%2Fmedia&parent=20158"}],"wp:term":[{"taxonomy":"category","embeddable":true,"href":"https:\/\/old.atletikaolomouc.cz\/index.php?rest_route=%2Fwp%2Fv2%2Fcategories&post=20158"},{"taxonomy":"post_tag","embeddable":true,"href":"https:\/\/old.atletikaolomouc.cz\/index.php?rest_route=%2Fwp%2Fv2%2Ftags&post=20158"}],"curies":[{"name":"wp","href":"https:\/\/api.w.org\/{rel}","templated":true}]}}