{"id":20388,"date":"2020-10-29T10:37:51","date_gmt":"2020-10-29T09:37:51","guid":{"rendered":"http:\/\/www.atletikaolomouc.cz\/?p=20388"},"modified":"2020-10-29T10:39:46","modified_gmt":"2020-10-29T09:39:46","slug":"skoleni-rozhodcich-3-tridy-4","status":"publish","type":"post","link":"https:\/\/old.atletikaolomouc.cz\/?p=20388","title":{"rendered":"\u0160kolen\u00ed rozhod\u010d\u00edch 3. t\u0159\u00eddy"},"content":{"rendered":"\n<div>Dne 12.12.2020 se bude od 9 hod konat \u0161kolen\u00ed rozhod\u010d\u00edch 3.t\u0159\u00eddy. \u0160kolen\u00ed je ur\u010deno pro z\u00e1jemce , kte\u0159\u00ed <strong>dovr\u0161\u00ed v roce 2021 \u0161estn\u00e1ct let (rok narozen\u00ed 2005) a star\u0161\u00ed.<\/strong><\/div>\n<div>&nbsp;<\/div>\n<div><strong>P\u0159ihla\u0161ov\u00e1n\u00ed prob\u00edh\u00e1 p\u0159es webov\u00e9 str\u00e1nky \u010cAS:&nbsp;<\/strong><a href=\"https:\/\/www.atletika.cz\/clenska-sekce\/rozhodci\/skoleni\/\" target=\"_blank\" rel=\"noopener\" data-saferedirecturl=\"https:\/\/www.google.com\/url?q=https:\/\/www.atletika.cz\/clenska-sekce\/rozhodci\/skoleni\/&amp;source=gmail&amp;ust=1604048308078000&amp;usg=AFQjCNHpit0CVpAIay1sJ5syCCZhsk6P0Q\">https:\/\/www.atletika.cz\/<wbr>clenska-sekce\/rozhodci\/<wbr>skoleni\/<\/a><\/div>\n<div>P\u0159ihl\u00e1\u0161en\u00ed je mo\u017en\u00e9 <strong>do 7.12.<\/strong>,&nbsp; p\u0159\u00edpadn\u00e9 ot\u00e1zky ke \u0161kolen\u00ed pos\u00edlejte na e-mail:&nbsp;<a href=\"mailto:pudilova1@post.cz\" target=\"_blank\" rel=\"noopener\">pudilova1@post.cz<\/a>.<\/div>\n<div>&nbsp;<\/div>\n<div>V p\u0159\u00edpad\u011b opat\u0159en\u00ed omezuj\u00edc\u00edch hromadn\u00e9 akce se \u0161kolen\u00ed bude konat on-line!<\/div>\n","protected":false},"excerpt":{"rendered":"<p>Dne 12.12.2020 se bude od 9 hod konat \u0161kolen\u00ed rozhod\u010d\u00edch 3.t\u0159\u00eddy. \u0160kolen\u00ed je ur\u010deno pro z\u00e1jemce , kte\u0159\u00ed dovr\u0161\u00ed v roce 2021 \u0161estn\u00e1ct let (rok narozen\u00ed 2005) a star\u0161\u00ed. &nbsp; P\u0159ihla\u0161ov\u00e1n\u00ed prob\u00edh\u00e1 p\u0159es webov\u00e9 str\u00e1nky \u010cAS:&nbsp;https:\/\/www.atletika.cz\/clenska-sekce\/rozhodci\/skoleni\/ P\u0159ihl\u00e1\u0161en\u00ed je mo\u017en\u00e9 do &hellip; <a href=\"https:\/\/old.atletikaolomouc.cz\/?p=20388\">Continue reading <span class=\"meta-nav\">&rarr;<\/span><\/a><\/p>\n","protected":false},"author":14,"featured_media":0,"comment_status":"closed","ping_status":"closed","sticky":false,"template":"","format":"standard","meta":{"ngg_post_thumbnail":0},"categories":[5,6],"tags":[],"_links":{"self":[{"href":"https:\/\/old.atletikaolomouc.cz\/index.php?rest_route=\/wp\/v2\/posts\/20388"}],"collection":[{"href":"https:\/\/old.atletikaolomouc.cz\/index.php?rest_route=\/wp\/v2\/posts"}],"about":[{"href":"https:\/\/old.atletikaolomouc.cz\/index.php?rest_route=\/wp\/v2\/types\/post"}],"author":[{"embeddable":true,"href":"https:\/\/old.atletikaolomouc.cz\/index.php?rest_route=\/wp\/v2\/users\/14"}],"replies":[{"embeddable":true,"href":"https:\/\/old.atletikaolomouc.cz\/index.php?rest_route=%2Fwp%2Fv2%2Fcomments&post=20388"}],"version-history":[{"count":2,"href":"https:\/\/old.atletikaolomouc.cz\/index.php?rest_route=\/wp\/v2\/posts\/20388\/revisions"}],"predecessor-version":[{"id":20390,"href":"https:\/\/old.atletikaolomouc.cz\/index.php?rest_route=\/wp\/v2\/posts\/20388\/revisions\/20390"}],"wp:attachment":[{"href":"https:\/\/old.atletikaolomouc.cz\/index.php?rest_route=%2Fwp%2Fv2%2Fmedia&parent=20388"}],"wp:term":[{"taxonomy":"category","embeddable":true,"href":"https:\/\/old.atletikaolomouc.cz\/index.php?rest_route=%2Fwp%2Fv2%2Fcategories&post=20388"},{"taxonomy":"post_tag","embeddable":true,"href":"https:\/\/old.atletikaolomouc.cz\/index.php?rest_route=%2Fwp%2Fv2%2Ftags&post=20388"}],"curies":[{"name":"wp","href":"https:\/\/api.w.org\/{rel}","templated":true}]}}