{"id":2059,"date":"2012-03-06T10:25:36","date_gmt":"2012-03-06T09:25:36","guid":{"rendered":"http:\/\/www.atletikaolomouc.cz\/?p=2059"},"modified":"2012-03-06T10:25:36","modified_gmt":"2012-03-06T09:25:36","slug":"otrokovicky-halovy-mitink","status":"publish","type":"post","link":"https:\/\/old.atletikaolomouc.cz\/?p=2059","title":{"rendered":"Otrokovick\u00fd halov\u00fd m\u00edtink"},"content":{"rendered":"<p style=\"text-align: justify;\"><a href=\"http:\/\/www.atletikaolomouc.cz\/wp-content\/uploads\/2012\/03\/P1030134.jpg\"><img decoding=\"async\" loading=\"lazy\" class=\"alignleft size-medium wp-image-2060\" title=\"P1030134\" src=\"http:\/\/www.atletikaolomouc.cz\/wp-content\/uploads\/2012\/03\/P1030134-300x225.jpg\" alt=\"\" width=\"180\" height=\"225\" \/><\/a>Ve \u010dtvrtek 1.3.2012 se v Otrokovic\u00edch konal mezin\u00e1rodn\u00ed halov\u00fd m\u00edtink. Sou\u010d\u00e1st\u00ed m\u00edtinku byl i z\u00e1vod \u017eactva. Mlad\u0161\u00ed a star\u0161\u00ed \u017e\u00e1ci si v Otrokovic\u00edch vedli skv\u011ble a obsadili p\u0159edn\u00ed pozice. Zde se m\u016f\u017eete pod\u00edvat na p\u00e1r fotek z vyhla\u0161ov\u00e1n\u00ed. <br \/><!--more--><p>Nebyly nalezeny \u017e\u00e1dn\u00e9 obr\u00e1zky<\/p>\n<\/p>\n","protected":false},"excerpt":{"rendered":"<p>Ve \u010dtvrtek 1.3.2012 se v Otrokovic\u00edch konal mezin\u00e1rodn\u00ed halov\u00fd m\u00edtink. Sou\u010d\u00e1st\u00ed m\u00edtinku byl i z\u00e1vod \u017eactva. Mlad\u0161\u00ed a star\u0161\u00ed \u017e\u00e1ci si v Otrokovic\u00edch vedli skv\u011ble a obsadili p\u0159edn\u00ed pozice. Zde se m\u016f\u017eete pod\u00edvat na p\u00e1r fotek z vyhla\u0161ov\u00e1n\u00ed.<\/p>\n","protected":false},"author":4,"featured_media":0,"comment_status":"closed","ping_status":"closed","sticky":false,"template":"","format":"standard","meta":{"ngg_post_thumbnail":0},"categories":[5,42,22],"tags":[],"_links":{"self":[{"href":"https:\/\/old.atletikaolomouc.cz\/index.php?rest_route=\/wp\/v2\/posts\/2059"}],"collection":[{"href":"https:\/\/old.atletikaolomouc.cz\/index.php?rest_route=\/wp\/v2\/posts"}],"about":[{"href":"https:\/\/old.atletikaolomouc.cz\/index.php?rest_route=\/wp\/v2\/types\/post"}],"author":[{"embeddable":true,"href":"https:\/\/old.atletikaolomouc.cz\/index.php?rest_route=\/wp\/v2\/users\/4"}],"replies":[{"embeddable":true,"href":"https:\/\/old.atletikaolomouc.cz\/index.php?rest_route=%2Fwp%2Fv2%2Fcomments&post=2059"}],"version-history":[{"count":2,"href":"https:\/\/old.atletikaolomouc.cz\/index.php?rest_route=\/wp\/v2\/posts\/2059\/revisions"}],"predecessor-version":[{"id":2062,"href":"https:\/\/old.atletikaolomouc.cz\/index.php?rest_route=\/wp\/v2\/posts\/2059\/revisions\/2062"}],"wp:attachment":[{"href":"https:\/\/old.atletikaolomouc.cz\/index.php?rest_route=%2Fwp%2Fv2%2Fmedia&parent=2059"}],"wp:term":[{"taxonomy":"category","embeddable":true,"href":"https:\/\/old.atletikaolomouc.cz\/index.php?rest_route=%2Fwp%2Fv2%2Fcategories&post=2059"},{"taxonomy":"post_tag","embeddable":true,"href":"https:\/\/old.atletikaolomouc.cz\/index.php?rest_route=%2Fwp%2Fv2%2Ftags&post=2059"}],"curies":[{"name":"wp","href":"https:\/\/api.w.org\/{rel}","templated":true}]}}