{"id":21807,"date":"2021-01-20T13:18:47","date_gmt":"2021-01-20T12:18:47","guid":{"rendered":"https:\/\/www.atletikaolomouc.cz\/?p=21807"},"modified":"2021-01-20T13:18:47","modified_gmt":"2021-01-20T12:18:47","slug":"mcr-telesne-postizenych-v-atletice-foto","status":"publish","type":"post","link":"https:\/\/old.atletikaolomouc.cz\/?p=21807","title":{"rendered":"M\u010cR t\u011blesn\u011b posti\u017een\u00fdch v atletice &#8211; foto"},"content":{"rendered":"<p><a href=\"https:\/\/www.atletikaolomouc.cz\/wp-content\/uploads\/2021\/01\/DSC_2734-M\u010cR-10.6.18a.jpg\"><img decoding=\"async\" loading=\"lazy\" class=\"alignleft size-thumbnail wp-image-21855\" src=\"https:\/\/www.atletikaolomouc.cz\/wp-content\/uploads\/2021\/01\/DSC_2734-M\u010cR-10.6.18a-150x150.jpg\" alt=\"\" width=\"150\" height=\"150\"><\/a>10. \u010dervna 2018 hostil Atletick\u00fd klub Olomouc Mistrovstv\u00ed \u010cesk\u00e9 republiky t\u011blesn\u011b posti\u017een\u00fdch atlet\u016f.<!--more--><\/p>\n<!-- default-view.php -->\n<div\n\tclass=\"ngg-galleryoverview default-view \"\n\tid=\"ngg-gallery-f9d4919bba0a69a068403eae9f657a76-1\">\n\n\t\t<!-- Thumbnails -->\n\t\t\t\t<div id=\"ngg-image-0\" class=\"ngg-gallery-thumbnail-box \" >\n\t\t\t\t        <div class=\"ngg-gallery-thumbnail\">\n            <a href=\"https:\/\/old.atletikaolomouc.cz\/wp-content\/gallery\/mcr-telesne-postizenych\/DSC_2855-M%C4%8CR-t%C4%9Bl.-posti%C5%BEen%C3%BDch-10.6.18.jpg\"\n               title=\"\"\n               data-src=\"https:\/\/old.atletikaolomouc.cz\/wp-content\/gallery\/mcr-telesne-postizenych\/DSC_2855-M%C4%8CR-t%C4%9Bl.-posti%C5%BEen%C3%BDch-10.6.18.jpg\"\n               data-thumbnail=\"https:\/\/old.atletikaolomouc.cz\/wp-content\/gallery\/mcr-telesne-postizenych\/thumbs\/thumbs_DSC_2855-M%C4%8CR-t%C4%9Bl.-posti%C5%BEen%C3%BDch-10.6.18.jpg\"\n               data-image-id=\"7242\"\n               data-title=\"DSC_2855-M\u010cR-t\u011bl.-posti\u017een\u00fdch-10.6.18\"\n               data-description=\"\"\n               data-image-slug=\"dsc_2855-m%c4%8dr-t%c4%9bl-posti%c5%been%c3%bdch-10-6-18\"\n               class=\"ngg-simplelightbox\" rel=\"f9d4919bba0a69a068403eae9f657a76\">\n                <img\n                    title=\"DSC_2855-M\u010cR-t\u011bl.-posti\u017een\u00fdch-10.6.18\"\n                    alt=\"DSC_2855-M\u010cR-t\u011bl.-posti\u017een\u00fdch-10.6.18\"\n                    src=\"https:\/\/old.atletikaolomouc.cz\/wp-content\/gallery\/mcr-telesne-postizenych\/thumbs\/thumbs_DSC_2855-M%C4%8CR-t%C4%9Bl.-posti%C5%BEen%C3%BDch-10.6.18.jpg\"\n                    width=\"240\"\n                    height=\"160\"\n                    style=\"max-width:100%;\"\n                \/>\n            <\/a>\n        <\/div>\n\t\t\t\t\t\t\t<\/div> \n\t\t\t\n\t\t\t\t<div id=\"ngg-image-1\" class=\"ngg-gallery-thumbnail-box \" >\n\t\t\t\t        <div class=\"ngg-gallery-thumbnail\">\n            <a href=\"https:\/\/old.atletikaolomouc.cz\/wp-content\/gallery\/mcr-telesne-postizenych\/DSC_2858-M%C4%8CR-t%C4%9Bl.-posti%C5%BEen%C3%BDch-10.6.18.jpg\"\n               title=\"\"\n               data-src=\"https:\/\/old.atletikaolomouc.cz\/wp-content\/gallery\/mcr-telesne-postizenych\/DSC_2858-M%C4%8CR-t%C4%9Bl.-posti%C5%BEen%C3%BDch-10.6.18.jpg\"\n               data-thumbnail=\"https:\/\/old.atletikaolomouc.cz\/wp-content\/gallery\/mcr-telesne-postizenych\/thumbs\/thumbs_DSC_2858-M%C4%8CR-t%C4%9Bl.-posti%C5%BEen%C3%BDch-10.6.18.jpg\"\n               data-image-id=\"7243\"\n               data-title=\"DSC_2858-M\u010cR-t\u011bl.-posti\u017een\u00fdch-10.6.18\"\n               data-description=\"\"\n               data-image-slug=\"dsc_2858-m%c4%8dr-t%c4%9bl-posti%c5%been%c3%bdch-10-6-18\"\n               class=\"ngg-simplelightbox\" rel=\"f9d4919bba0a69a068403eae9f657a76\">\n                <img\n                    title=\"DSC_2858-M\u010cR-t\u011bl.-posti\u017een\u00fdch-10.6.18\"\n                    alt=\"DSC_2858-M\u010cR-t\u011bl.-posti\u017een\u00fdch-10.6.18\"\n                    src=\"https:\/\/old.atletikaolomouc.cz\/wp-content\/gallery\/mcr-telesne-postizenych\/thumbs\/thumbs_DSC_2858-M%C4%8CR-t%C4%9Bl.-posti%C5%BEen%C3%BDch-10.6.18.jpg\"\n                    width=\"240\"\n                    height=\"160\"\n                    style=\"max-width:100%;\"\n                \/>\n            <\/a>\n        <\/div>\n\t\t\t\t\t\t\t<\/div> \n\t\t\t\n\t\t\t\t<div id=\"ngg-image-2\" class=\"ngg-gallery-thumbnail-box \" >\n\t\t\t\t        <div class=\"ngg-gallery-thumbnail\">\n            <a href=\"https:\/\/old.atletikaolomouc.cz\/wp-content\/gallery\/mcr-telesne-postizenych\/DSC_2859-M%C4%8CR-t%C4%9Bl.-posti%C5%BEen%C3%BDch-10.6.18.jpg\"\n               title=\"\"\n               data-src=\"https:\/\/old.atletikaolomouc.cz\/wp-content\/gallery\/mcr-telesne-postizenych\/DSC_2859-M%C4%8CR-t%C4%9Bl.-posti%C5%BEen%C3%BDch-10.6.18.jpg\"\n               data-thumbnail=\"https:\/\/old.atletikaolomouc.cz\/wp-content\/gallery\/mcr-telesne-postizenych\/thumbs\/thumbs_DSC_2859-M%C4%8CR-t%C4%9Bl.-posti%C5%BEen%C3%BDch-10.6.18.jpg\"\n               data-image-id=\"7244\"\n               data-title=\"DSC_2859-M\u010cR-t\u011bl.-posti\u017een\u00fdch-10.6.18\"\n               data-description=\"\"\n               data-image-slug=\"dsc_2859-m%c4%8dr-t%c4%9bl-posti%c5%been%c3%bdch-10-6-18\"\n               class=\"ngg-simplelightbox\" rel=\"f9d4919bba0a69a068403eae9f657a76\">\n                <img\n                    title=\"DSC_2859-M\u010cR-t\u011bl.-posti\u017een\u00fdch-10.6.18\"\n                    alt=\"DSC_2859-M\u010cR-t\u011bl.-posti\u017een\u00fdch-10.6.18\"\n                    src=\"https:\/\/old.atletikaolomouc.cz\/wp-content\/gallery\/mcr-telesne-postizenych\/thumbs\/thumbs_DSC_2859-M%C4%8CR-t%C4%9Bl.-posti%C5%BEen%C3%BDch-10.6.18.jpg\"\n                    width=\"240\"\n                    height=\"160\"\n                    style=\"max-width:100%;\"\n                \/>\n            <\/a>\n        <\/div>\n\t\t\t\t\t\t\t<\/div> \n\t\t\t\n\t\t\t\t<div id=\"ngg-image-3\" class=\"ngg-gallery-thumbnail-box \" >\n\t\t\t\t        <div class=\"ngg-gallery-thumbnail\">\n            <a href=\"https:\/\/old.atletikaolomouc.cz\/wp-content\/gallery\/mcr-telesne-postizenych\/DSC_2860-M%C4%8CR-t%C4%9Bl.-posti%C5%BEen%C3%BDch-10.6.18.jpg\"\n               title=\"\"\n               data-src=\"https:\/\/old.atletikaolomouc.cz\/wp-content\/gallery\/mcr-telesne-postizenych\/DSC_2860-M%C4%8CR-t%C4%9Bl.-posti%C5%BEen%C3%BDch-10.6.18.jpg\"\n               data-thumbnail=\"https:\/\/old.atletikaolomouc.cz\/wp-content\/gallery\/mcr-telesne-postizenych\/thumbs\/thumbs_DSC_2860-M%C4%8CR-t%C4%9Bl.-posti%C5%BEen%C3%BDch-10.6.18.jpg\"\n               data-image-id=\"7245\"\n               data-title=\"DSC_2860-M\u010cR-t\u011bl.-posti\u017een\u00fdch-10.6.18\"\n               data-description=\"\"\n               data-image-slug=\"dsc_2860-m%c4%8dr-t%c4%9bl-posti%c5%been%c3%bdch-10-6-18\"\n               class=\"ngg-simplelightbox\" rel=\"f9d4919bba0a69a068403eae9f657a76\">\n                <img\n                    title=\"DSC_2860-M\u010cR-t\u011bl.-posti\u017een\u00fdch-10.6.18\"\n                    alt=\"DSC_2860-M\u010cR-t\u011bl.-posti\u017een\u00fdch-10.6.18\"\n                    src=\"https:\/\/old.atletikaolomouc.cz\/wp-content\/gallery\/mcr-telesne-postizenych\/thumbs\/thumbs_DSC_2860-M%C4%8CR-t%C4%9Bl.-posti%C5%BEen%C3%BDch-10.6.18.jpg\"\n                    width=\"240\"\n                    height=\"160\"\n                    style=\"max-width:100%;\"\n                \/>\n            <\/a>\n        <\/div>\n\t\t\t\t\t\t\t<\/div> \n\t\t\t\n\t\t\t\t<div id=\"ngg-image-4\" class=\"ngg-gallery-thumbnail-box \" >\n\t\t\t\t        <div class=\"ngg-gallery-thumbnail\">\n            <a href=\"https:\/\/old.atletikaolomouc.cz\/wp-content\/gallery\/mcr-telesne-postizenych\/DSC_2862-M%C4%8CR-t%C4%9Bl.-posti%C5%BEen%C3%BDch-10.6.18.jpg\"\n               title=\"\"\n               data-src=\"https:\/\/old.atletikaolomouc.cz\/wp-content\/gallery\/mcr-telesne-postizenych\/DSC_2862-M%C4%8CR-t%C4%9Bl.-posti%C5%BEen%C3%BDch-10.6.18.jpg\"\n               data-thumbnail=\"https:\/\/old.atletikaolomouc.cz\/wp-content\/gallery\/mcr-telesne-postizenych\/thumbs\/thumbs_DSC_2862-M%C4%8CR-t%C4%9Bl.-posti%C5%BEen%C3%BDch-10.6.18.jpg\"\n               data-image-id=\"7246\"\n               data-title=\"DSC_2862-M\u010cR-t\u011bl.-posti\u017een\u00fdch-10.6.18\"\n               data-description=\"\"\n               data-image-slug=\"dsc_2862-m%c4%8dr-t%c4%9bl-posti%c5%been%c3%bdch-10-6-18\"\n               class=\"ngg-simplelightbox\" rel=\"f9d4919bba0a69a068403eae9f657a76\">\n                <img\n                    title=\"DSC_2862-M\u010cR-t\u011bl.-posti\u017een\u00fdch-10.6.18\"\n                    alt=\"DSC_2862-M\u010cR-t\u011bl.-posti\u017een\u00fdch-10.6.18\"\n                    src=\"https:\/\/old.atletikaolomouc.cz\/wp-content\/gallery\/mcr-telesne-postizenych\/thumbs\/thumbs_DSC_2862-M%C4%8CR-t%C4%9Bl.-posti%C5%BEen%C3%BDch-10.6.18.jpg\"\n                    width=\"240\"\n                    height=\"160\"\n                    style=\"max-width:100%;\"\n                \/>\n            <\/a>\n        <\/div>\n\t\t\t\t\t\t\t<\/div> \n\t\t\t\n\t\t\t\t<div id=\"ngg-image-5\" class=\"ngg-gallery-thumbnail-box \" >\n\t\t\t\t        <div class=\"ngg-gallery-thumbnail\">\n            <a href=\"https:\/\/old.atletikaolomouc.cz\/wp-content\/gallery\/mcr-telesne-postizenych\/DSC_2863-M%C4%8CR-t%C4%9Bl.-posti%C5%BEen%C3%BDch-10.6.18.jpg\"\n               title=\"\"\n               data-src=\"https:\/\/old.atletikaolomouc.cz\/wp-content\/gallery\/mcr-telesne-postizenych\/DSC_2863-M%C4%8CR-t%C4%9Bl.-posti%C5%BEen%C3%BDch-10.6.18.jpg\"\n               data-thumbnail=\"https:\/\/old.atletikaolomouc.cz\/wp-content\/gallery\/mcr-telesne-postizenych\/thumbs\/thumbs_DSC_2863-M%C4%8CR-t%C4%9Bl.-posti%C5%BEen%C3%BDch-10.6.18.jpg\"\n               data-image-id=\"7247\"\n               data-title=\"DSC_2863-M\u010cR-t\u011bl.-posti\u017een\u00fdch-10.6.18\"\n               data-description=\"\"\n               data-image-slug=\"dsc_2863-m%c4%8dr-t%c4%9bl-posti%c5%been%c3%bdch-10-6-18\"\n               class=\"ngg-simplelightbox\" rel=\"f9d4919bba0a69a068403eae9f657a76\">\n                <img\n                    title=\"DSC_2863-M\u010cR-t\u011bl.-posti\u017een\u00fdch-10.6.18\"\n                    alt=\"DSC_2863-M\u010cR-t\u011bl.-posti\u017een\u00fdch-10.6.18\"\n                    src=\"https:\/\/old.atletikaolomouc.cz\/wp-content\/gallery\/mcr-telesne-postizenych\/thumbs\/thumbs_DSC_2863-M%C4%8CR-t%C4%9Bl.-posti%C5%BEen%C3%BDch-10.6.18.jpg\"\n                    width=\"240\"\n                    height=\"160\"\n                    style=\"max-width:100%;\"\n                \/>\n            <\/a>\n        <\/div>\n\t\t\t\t\t\t\t<\/div> \n\t\t\t\n\t\t\t\t<div id=\"ngg-image-6\" class=\"ngg-gallery-thumbnail-box \" >\n\t\t\t\t        <div class=\"ngg-gallery-thumbnail\">\n            <a href=\"https:\/\/old.atletikaolomouc.cz\/wp-content\/gallery\/mcr-telesne-postizenych\/DSC_2864-M%C4%8CR-t%C4%9Bl.-posti%C5%BEen%C3%BDch-10.6.18.jpg\"\n               title=\"\"\n               data-src=\"https:\/\/old.atletikaolomouc.cz\/wp-content\/gallery\/mcr-telesne-postizenych\/DSC_2864-M%C4%8CR-t%C4%9Bl.-posti%C5%BEen%C3%BDch-10.6.18.jpg\"\n               data-thumbnail=\"https:\/\/old.atletikaolomouc.cz\/wp-content\/gallery\/mcr-telesne-postizenych\/thumbs\/thumbs_DSC_2864-M%C4%8CR-t%C4%9Bl.-posti%C5%BEen%C3%BDch-10.6.18.jpg\"\n               data-image-id=\"7248\"\n               data-title=\"DSC_2864-M\u010cR-t\u011bl.-posti\u017een\u00fdch-10.6.18\"\n               data-description=\"\"\n               data-image-slug=\"dsc_2864-m%c4%8dr-t%c4%9bl-posti%c5%been%c3%bdch-10-6-18\"\n               class=\"ngg-simplelightbox\" rel=\"f9d4919bba0a69a068403eae9f657a76\">\n                <img\n                    title=\"DSC_2864-M\u010cR-t\u011bl.-posti\u017een\u00fdch-10.6.18\"\n                    alt=\"DSC_2864-M\u010cR-t\u011bl.-posti\u017een\u00fdch-10.6.18\"\n                    src=\"https:\/\/old.atletikaolomouc.cz\/wp-content\/gallery\/mcr-telesne-postizenych\/thumbs\/thumbs_DSC_2864-M%C4%8CR-t%C4%9Bl.-posti%C5%BEen%C3%BDch-10.6.18.jpg\"\n                    width=\"240\"\n                    height=\"160\"\n                    style=\"max-width:100%;\"\n                \/>\n            <\/a>\n        <\/div>\n\t\t\t\t\t\t\t<\/div> \n\t\t\t\n\t\t\t\t<div id=\"ngg-image-7\" class=\"ngg-gallery-thumbnail-box \" >\n\t\t\t\t        <div class=\"ngg-gallery-thumbnail\">\n            <a href=\"https:\/\/old.atletikaolomouc.cz\/wp-content\/gallery\/mcr-telesne-postizenych\/DSC_2866-M%C4%8CR-t%C4%9Bl.-posti%C5%BEen%C3%BDch-10.6.18.jpg\"\n               title=\"\"\n               data-src=\"https:\/\/old.atletikaolomouc.cz\/wp-content\/gallery\/mcr-telesne-postizenych\/DSC_2866-M%C4%8CR-t%C4%9Bl.-posti%C5%BEen%C3%BDch-10.6.18.jpg\"\n               data-thumbnail=\"https:\/\/old.atletikaolomouc.cz\/wp-content\/gallery\/mcr-telesne-postizenych\/thumbs\/thumbs_DSC_2866-M%C4%8CR-t%C4%9Bl.-posti%C5%BEen%C3%BDch-10.6.18.jpg\"\n               data-image-id=\"7249\"\n               data-title=\"DSC_2866-M\u010cR-t\u011bl.-posti\u017een\u00fdch-10.6.18\"\n               data-description=\"\"\n               data-image-slug=\"dsc_2866-m%c4%8dr-t%c4%9bl-posti%c5%been%c3%bdch-10-6-18\"\n               class=\"ngg-simplelightbox\" rel=\"f9d4919bba0a69a068403eae9f657a76\">\n                <img\n                    title=\"DSC_2866-M\u010cR-t\u011bl.-posti\u017een\u00fdch-10.6.18\"\n                    alt=\"DSC_2866-M\u010cR-t\u011bl.-posti\u017een\u00fdch-10.6.18\"\n                    src=\"https:\/\/old.atletikaolomouc.cz\/wp-content\/gallery\/mcr-telesne-postizenych\/thumbs\/thumbs_DSC_2866-M%C4%8CR-t%C4%9Bl.-posti%C5%BEen%C3%BDch-10.6.18.jpg\"\n                    width=\"240\"\n                    height=\"160\"\n                    style=\"max-width:100%;\"\n                \/>\n            <\/a>\n        <\/div>\n\t\t\t\t\t\t\t<\/div> \n\t\t\t\n\t\t\t\t<div id=\"ngg-image-8\" class=\"ngg-gallery-thumbnail-box \" >\n\t\t\t\t        <div class=\"ngg-gallery-thumbnail\">\n            <a href=\"https:\/\/old.atletikaolomouc.cz\/wp-content\/gallery\/mcr-telesne-postizenych\/DSC_2867-M%C4%8CR-t%C4%9Bl.-posti%C5%BEen%C3%BDch-10.6.18.jpg\"\n               title=\"\"\n               data-src=\"https:\/\/old.atletikaolomouc.cz\/wp-content\/gallery\/mcr-telesne-postizenych\/DSC_2867-M%C4%8CR-t%C4%9Bl.-posti%C5%BEen%C3%BDch-10.6.18.jpg\"\n               data-thumbnail=\"https:\/\/old.atletikaolomouc.cz\/wp-content\/gallery\/mcr-telesne-postizenych\/thumbs\/thumbs_DSC_2867-M%C4%8CR-t%C4%9Bl.-posti%C5%BEen%C3%BDch-10.6.18.jpg\"\n               data-image-id=\"7250\"\n               data-title=\"DSC_2867-M\u010cR-t\u011bl.-posti\u017een\u00fdch-10.6.18\"\n               data-description=\"\"\n               data-image-slug=\"dsc_2867-m%c4%8dr-t%c4%9bl-posti%c5%been%c3%bdch-10-6-18\"\n               class=\"ngg-simplelightbox\" rel=\"f9d4919bba0a69a068403eae9f657a76\">\n                <img\n                    title=\"DSC_2867-M\u010cR-t\u011bl.-posti\u017een\u00fdch-10.6.18\"\n                    alt=\"DSC_2867-M\u010cR-t\u011bl.-posti\u017een\u00fdch-10.6.18\"\n                    src=\"https:\/\/old.atletikaolomouc.cz\/wp-content\/gallery\/mcr-telesne-postizenych\/thumbs\/thumbs_DSC_2867-M%C4%8CR-t%C4%9Bl.-posti%C5%BEen%C3%BDch-10.6.18.jpg\"\n                    width=\"240\"\n                    height=\"160\"\n                    style=\"max-width:100%;\"\n                \/>\n            <\/a>\n        <\/div>\n\t\t\t\t\t\t\t<\/div> \n\t\t\t\n\t\t\t\t<div id=\"ngg-image-9\" class=\"ngg-gallery-thumbnail-box \" >\n\t\t\t\t        <div class=\"ngg-gallery-thumbnail\">\n            <a href=\"https:\/\/old.atletikaolomouc.cz\/wp-content\/gallery\/mcr-telesne-postizenych\/DSC_2868-M%C4%8CR-t%C4%9Bl.-posti%C5%BEen%C3%BDch-10.6.2018.jpg\"\n               title=\"\"\n               data-src=\"https:\/\/old.atletikaolomouc.cz\/wp-content\/gallery\/mcr-telesne-postizenych\/DSC_2868-M%C4%8CR-t%C4%9Bl.-posti%C5%BEen%C3%BDch-10.6.2018.jpg\"\n               data-thumbnail=\"https:\/\/old.atletikaolomouc.cz\/wp-content\/gallery\/mcr-telesne-postizenych\/thumbs\/thumbs_DSC_2868-M%C4%8CR-t%C4%9Bl.-posti%C5%BEen%C3%BDch-10.6.2018.jpg\"\n               data-image-id=\"7251\"\n               data-title=\"DSC_2868-M\u010cR-t\u011bl.-posti\u017een\u00fdch-10.6.2018\"\n               data-description=\"\"\n               data-image-slug=\"dsc_2868-m%c4%8dr-t%c4%9bl-posti%c5%been%c3%bdch-10-6-2018\"\n               class=\"ngg-simplelightbox\" rel=\"f9d4919bba0a69a068403eae9f657a76\">\n                <img\n                    title=\"DSC_2868-M\u010cR-t\u011bl.-posti\u017een\u00fdch-10.6.2018\"\n                    alt=\"DSC_2868-M\u010cR-t\u011bl.-posti\u017een\u00fdch-10.6.2018\"\n                    src=\"https:\/\/old.atletikaolomouc.cz\/wp-content\/gallery\/mcr-telesne-postizenych\/thumbs\/thumbs_DSC_2868-M%C4%8CR-t%C4%9Bl.-posti%C5%BEen%C3%BDch-10.6.2018.jpg\"\n                    width=\"240\"\n                    height=\"160\"\n                    style=\"max-width:100%;\"\n                \/>\n            <\/a>\n        <\/div>\n\t\t\t\t\t\t\t<\/div> \n\t\t\t\n\t\t\t\t<div id=\"ngg-image-10\" class=\"ngg-gallery-thumbnail-box \" >\n\t\t\t\t        <div class=\"ngg-gallery-thumbnail\">\n            <a href=\"https:\/\/old.atletikaolomouc.cz\/wp-content\/gallery\/mcr-telesne-postizenych\/DSC_2869-M%C4%8CR-10.6.18.jpg\"\n               title=\"\"\n               data-src=\"https:\/\/old.atletikaolomouc.cz\/wp-content\/gallery\/mcr-telesne-postizenych\/DSC_2869-M%C4%8CR-10.6.18.jpg\"\n               data-thumbnail=\"https:\/\/old.atletikaolomouc.cz\/wp-content\/gallery\/mcr-telesne-postizenych\/thumbs\/thumbs_DSC_2869-M%C4%8CR-10.6.18.jpg\"\n               data-image-id=\"7252\"\n               data-title=\"DSC_2869-M\u010cR-10.6.18\"\n               data-description=\"\"\n               data-image-slug=\"dsc_2869-m%c4%8dr-10-6-18\"\n               class=\"ngg-simplelightbox\" rel=\"f9d4919bba0a69a068403eae9f657a76\">\n                <img\n                    title=\"DSC_2869-M\u010cR-10.6.18\"\n                    alt=\"DSC_2869-M\u010cR-10.6.18\"\n                    src=\"https:\/\/old.atletikaolomouc.cz\/wp-content\/gallery\/mcr-telesne-postizenych\/thumbs\/thumbs_DSC_2869-M%C4%8CR-10.6.18.jpg\"\n                    width=\"240\"\n                    height=\"160\"\n                    style=\"max-width:100%;\"\n                \/>\n            <\/a>\n        <\/div>\n\t\t\t\t\t\t\t<\/div> \n\t\t\t\n\t\t\t\t<div id=\"ngg-image-11\" class=\"ngg-gallery-thumbnail-box \" >\n\t\t\t\t        <div class=\"ngg-gallery-thumbnail\">\n            <a href=\"https:\/\/old.atletikaolomouc.cz\/wp-content\/gallery\/mcr-telesne-postizenych\/DSC_2870-M%C4%8CR-10.6.18.jpg\"\n               title=\"\"\n               data-src=\"https:\/\/old.atletikaolomouc.cz\/wp-content\/gallery\/mcr-telesne-postizenych\/DSC_2870-M%C4%8CR-10.6.18.jpg\"\n               data-thumbnail=\"https:\/\/old.atletikaolomouc.cz\/wp-content\/gallery\/mcr-telesne-postizenych\/thumbs\/thumbs_DSC_2870-M%C4%8CR-10.6.18.jpg\"\n               data-image-id=\"7253\"\n               data-title=\"DSC_2870-M\u010cR-10.6.18\"\n               data-description=\"\"\n               data-image-slug=\"dsc_2870-m%c4%8dr-10-6-18\"\n               class=\"ngg-simplelightbox\" rel=\"f9d4919bba0a69a068403eae9f657a76\">\n                <img\n                    title=\"DSC_2870-M\u010cR-10.6.18\"\n                    alt=\"DSC_2870-M\u010cR-10.6.18\"\n                    src=\"https:\/\/old.atletikaolomouc.cz\/wp-content\/gallery\/mcr-telesne-postizenych\/thumbs\/thumbs_DSC_2870-M%C4%8CR-10.6.18.jpg\"\n                    width=\"240\"\n                    height=\"160\"\n                    style=\"max-width:100%;\"\n                \/>\n            <\/a>\n        <\/div>\n\t\t\t\t\t\t\t<\/div> \n\t\t\t\n\t\t\t\t<div id=\"ngg-image-12\" class=\"ngg-gallery-thumbnail-box \" >\n\t\t\t\t        <div class=\"ngg-gallery-thumbnail\">\n            <a href=\"https:\/\/old.atletikaolomouc.cz\/wp-content\/gallery\/mcr-telesne-postizenych\/DSC_2871-M%C4%8CR-t%C4%9Bl.-posti%C5%BEen%C3%BDch-10.6.18.jpg\"\n               title=\"\"\n               data-src=\"https:\/\/old.atletikaolomouc.cz\/wp-content\/gallery\/mcr-telesne-postizenych\/DSC_2871-M%C4%8CR-t%C4%9Bl.-posti%C5%BEen%C3%BDch-10.6.18.jpg\"\n               data-thumbnail=\"https:\/\/old.atletikaolomouc.cz\/wp-content\/gallery\/mcr-telesne-postizenych\/thumbs\/thumbs_DSC_2871-M%C4%8CR-t%C4%9Bl.-posti%C5%BEen%C3%BDch-10.6.18.jpg\"\n               data-image-id=\"7254\"\n               data-title=\"DSC_2871-M\u010cR-t\u011bl.-posti\u017een\u00fdch-10.6.18\"\n               data-description=\"\"\n               data-image-slug=\"dsc_2871-m%c4%8dr-t%c4%9bl-posti%c5%been%c3%bdch-10-6-18\"\n               class=\"ngg-simplelightbox\" rel=\"f9d4919bba0a69a068403eae9f657a76\">\n                <img\n                    title=\"DSC_2871-M\u010cR-t\u011bl.-posti\u017een\u00fdch-10.6.18\"\n                    alt=\"DSC_2871-M\u010cR-t\u011bl.-posti\u017een\u00fdch-10.6.18\"\n                    src=\"https:\/\/old.atletikaolomouc.cz\/wp-content\/gallery\/mcr-telesne-postizenych\/thumbs\/thumbs_DSC_2871-M%C4%8CR-t%C4%9Bl.-posti%C5%BEen%C3%BDch-10.6.18.jpg\"\n                    width=\"240\"\n                    height=\"160\"\n                    style=\"max-width:100%;\"\n                \/>\n            <\/a>\n        <\/div>\n\t\t\t\t\t\t\t<\/div> \n\t\t\t\n\t\t\t\t<div id=\"ngg-image-13\" class=\"ngg-gallery-thumbnail-box \" >\n\t\t\t\t        <div class=\"ngg-gallery-thumbnail\">\n            <a href=\"https:\/\/old.atletikaolomouc.cz\/wp-content\/gallery\/mcr-telesne-postizenych\/DSC_2732-M%C4%8CR-t%C4%9Bl.-posti%C5%BEen%C3%BDch-10.6.18.jpg\"\n               title=\"\"\n               data-src=\"https:\/\/old.atletikaolomouc.cz\/wp-content\/gallery\/mcr-telesne-postizenych\/DSC_2732-M%C4%8CR-t%C4%9Bl.-posti%C5%BEen%C3%BDch-10.6.18.jpg\"\n               data-thumbnail=\"https:\/\/old.atletikaolomouc.cz\/wp-content\/gallery\/mcr-telesne-postizenych\/thumbs\/thumbs_DSC_2732-M%C4%8CR-t%C4%9Bl.-posti%C5%BEen%C3%BDch-10.6.18.jpg\"\n               data-image-id=\"7255\"\n               data-title=\"DSC_2732-M\u010cR-t\u011bl.-posti\u017een\u00fdch-10.6.18\"\n               data-description=\"\"\n               data-image-slug=\"dsc_2732-m%c4%8dr-t%c4%9bl-posti%c5%been%c3%bdch-10-6-18\"\n               class=\"ngg-simplelightbox\" rel=\"f9d4919bba0a69a068403eae9f657a76\">\n                <img\n                    title=\"DSC_2732-M\u010cR-t\u011bl.-posti\u017een\u00fdch-10.6.18\"\n                    alt=\"DSC_2732-M\u010cR-t\u011bl.-posti\u017een\u00fdch-10.6.18\"\n                    src=\"https:\/\/old.atletikaolomouc.cz\/wp-content\/gallery\/mcr-telesne-postizenych\/thumbs\/thumbs_DSC_2732-M%C4%8CR-t%C4%9Bl.-posti%C5%BEen%C3%BDch-10.6.18.jpg\"\n                    width=\"240\"\n                    height=\"160\"\n                    style=\"max-width:100%;\"\n                \/>\n            <\/a>\n        <\/div>\n\t\t\t\t\t\t\t<\/div> \n\t\t\t\n\t\t\t\t<div id=\"ngg-image-14\" class=\"ngg-gallery-thumbnail-box \" >\n\t\t\t\t        <div class=\"ngg-gallery-thumbnail\">\n            <a href=\"https:\/\/old.atletikaolomouc.cz\/wp-content\/gallery\/mcr-telesne-postizenych\/DSC_2734-M%C4%8CR-10.6.18.jpg\"\n               title=\"\"\n               data-src=\"https:\/\/old.atletikaolomouc.cz\/wp-content\/gallery\/mcr-telesne-postizenych\/DSC_2734-M%C4%8CR-10.6.18.jpg\"\n               data-thumbnail=\"https:\/\/old.atletikaolomouc.cz\/wp-content\/gallery\/mcr-telesne-postizenych\/thumbs\/thumbs_DSC_2734-M%C4%8CR-10.6.18.jpg\"\n               data-image-id=\"7256\"\n               data-title=\"DSC_2734-M\u010cR-10.6.18\"\n               data-description=\"\"\n               data-image-slug=\"dsc_2734-m%c4%8dr-10-6-18\"\n               class=\"ngg-simplelightbox\" rel=\"f9d4919bba0a69a068403eae9f657a76\">\n                <img\n                    title=\"DSC_2734-M\u010cR-10.6.18\"\n                    alt=\"DSC_2734-M\u010cR-10.6.18\"\n                    src=\"https:\/\/old.atletikaolomouc.cz\/wp-content\/gallery\/mcr-telesne-postizenych\/thumbs\/thumbs_DSC_2734-M%C4%8CR-10.6.18.jpg\"\n                    width=\"240\"\n                    height=\"160\"\n                    style=\"max-width:100%;\"\n                \/>\n            <\/a>\n        <\/div>\n\t\t\t\t\t\t\t<\/div> \n\t\t\t\n\t\t\t\t<div id=\"ngg-image-15\" class=\"ngg-gallery-thumbnail-box \" >\n\t\t\t\t        <div class=\"ngg-gallery-thumbnail\">\n            <a href=\"https:\/\/old.atletikaolomouc.cz\/wp-content\/gallery\/mcr-telesne-postizenych\/DSC_2734-M%C4%8CR-10.6.18a.jpg\"\n               title=\"\"\n               data-src=\"https:\/\/old.atletikaolomouc.cz\/wp-content\/gallery\/mcr-telesne-postizenych\/DSC_2734-M%C4%8CR-10.6.18a.jpg\"\n               data-thumbnail=\"https:\/\/old.atletikaolomouc.cz\/wp-content\/gallery\/mcr-telesne-postizenych\/thumbs\/thumbs_DSC_2734-M%C4%8CR-10.6.18a.jpg\"\n               data-image-id=\"7257\"\n               data-title=\"DSC_2734-M\u010cR-10.6.18a\"\n               data-description=\"\"\n               data-image-slug=\"dsc_2734-m%c4%8dr-10-6-18a\"\n               class=\"ngg-simplelightbox\" rel=\"f9d4919bba0a69a068403eae9f657a76\">\n                <img\n                    title=\"DSC_2734-M\u010cR-10.6.18a\"\n                    alt=\"DSC_2734-M\u010cR-10.6.18a\"\n                    src=\"https:\/\/old.atletikaolomouc.cz\/wp-content\/gallery\/mcr-telesne-postizenych\/thumbs\/thumbs_DSC_2734-M%C4%8CR-10.6.18a.jpg\"\n                    width=\"240\"\n                    height=\"160\"\n                    style=\"max-width:100%;\"\n                \/>\n            <\/a>\n        <\/div>\n\t\t\t\t\t\t\t<\/div> \n\t\t\t\n\t\t\t\t<div id=\"ngg-image-16\" class=\"ngg-gallery-thumbnail-box \" >\n\t\t\t\t        <div class=\"ngg-gallery-thumbnail\">\n            <a href=\"https:\/\/old.atletikaolomouc.cz\/wp-content\/gallery\/mcr-telesne-postizenych\/DSC_2739-M%C4%8CR-10.6.18.jpg\"\n               title=\"\"\n               data-src=\"https:\/\/old.atletikaolomouc.cz\/wp-content\/gallery\/mcr-telesne-postizenych\/DSC_2739-M%C4%8CR-10.6.18.jpg\"\n               data-thumbnail=\"https:\/\/old.atletikaolomouc.cz\/wp-content\/gallery\/mcr-telesne-postizenych\/thumbs\/thumbs_DSC_2739-M%C4%8CR-10.6.18.jpg\"\n               data-image-id=\"7258\"\n               data-title=\"DSC_2739-M\u010cR-10.6.18\"\n               data-description=\"\"\n               data-image-slug=\"dsc_2739-m%c4%8dr-10-6-18\"\n               class=\"ngg-simplelightbox\" rel=\"f9d4919bba0a69a068403eae9f657a76\">\n                <img\n                    title=\"DSC_2739-M\u010cR-10.6.18\"\n                    alt=\"DSC_2739-M\u010cR-10.6.18\"\n                    src=\"https:\/\/old.atletikaolomouc.cz\/wp-content\/gallery\/mcr-telesne-postizenych\/thumbs\/thumbs_DSC_2739-M%C4%8CR-10.6.18.jpg\"\n                    width=\"240\"\n                    height=\"160\"\n                    style=\"max-width:100%;\"\n                \/>\n            <\/a>\n        <\/div>\n\t\t\t\t\t\t\t<\/div> \n\t\t\t\n\t\t\t\t<div id=\"ngg-image-17\" class=\"ngg-gallery-thumbnail-box \" >\n\t\t\t\t        <div class=\"ngg-gallery-thumbnail\">\n            <a href=\"https:\/\/old.atletikaolomouc.cz\/wp-content\/gallery\/mcr-telesne-postizenych\/DSC_2740-M%C4%8CR-10.6.18.jpg\"\n               title=\"\"\n               data-src=\"https:\/\/old.atletikaolomouc.cz\/wp-content\/gallery\/mcr-telesne-postizenych\/DSC_2740-M%C4%8CR-10.6.18.jpg\"\n               data-thumbnail=\"https:\/\/old.atletikaolomouc.cz\/wp-content\/gallery\/mcr-telesne-postizenych\/thumbs\/thumbs_DSC_2740-M%C4%8CR-10.6.18.jpg\"\n               data-image-id=\"7259\"\n               data-title=\"DSC_2740-M\u010cR-10.6.18\"\n               data-description=\"\"\n               data-image-slug=\"dsc_2740-m%c4%8dr-10-6-18\"\n               class=\"ngg-simplelightbox\" rel=\"f9d4919bba0a69a068403eae9f657a76\">\n                <img\n                    title=\"DSC_2740-M\u010cR-10.6.18\"\n                    alt=\"DSC_2740-M\u010cR-10.6.18\"\n                    src=\"https:\/\/old.atletikaolomouc.cz\/wp-content\/gallery\/mcr-telesne-postizenych\/thumbs\/thumbs_DSC_2740-M%C4%8CR-10.6.18.jpg\"\n                    width=\"240\"\n                    height=\"160\"\n                    style=\"max-width:100%;\"\n                \/>\n            <\/a>\n        <\/div>\n\t\t\t\t\t\t\t<\/div> \n\t\t\t\n\t\t\t\t<div id=\"ngg-image-18\" class=\"ngg-gallery-thumbnail-box \" >\n\t\t\t\t        <div class=\"ngg-gallery-thumbnail\">\n            <a href=\"https:\/\/old.atletikaolomouc.cz\/wp-content\/gallery\/mcr-telesne-postizenych\/DSC_2742-M%C4%8CR-t%C4%9Bl.-posti%C5%BEen%C3%BDch-10.6.18.jpg\"\n               title=\"\"\n               data-src=\"https:\/\/old.atletikaolomouc.cz\/wp-content\/gallery\/mcr-telesne-postizenych\/DSC_2742-M%C4%8CR-t%C4%9Bl.-posti%C5%BEen%C3%BDch-10.6.18.jpg\"\n               data-thumbnail=\"https:\/\/old.atletikaolomouc.cz\/wp-content\/gallery\/mcr-telesne-postizenych\/thumbs\/thumbs_DSC_2742-M%C4%8CR-t%C4%9Bl.-posti%C5%BEen%C3%BDch-10.6.18.jpg\"\n               data-image-id=\"7260\"\n               data-title=\"DSC_2742-M\u010cR-t\u011bl.-posti\u017een\u00fdch-10.6.18\"\n               data-description=\"\"\n               data-image-slug=\"dsc_2742-m%c4%8dr-t%c4%9bl-posti%c5%been%c3%bdch-10-6-18\"\n               class=\"ngg-simplelightbox\" rel=\"f9d4919bba0a69a068403eae9f657a76\">\n                <img\n                    title=\"DSC_2742-M\u010cR-t\u011bl.-posti\u017een\u00fdch-10.6.18\"\n                    alt=\"DSC_2742-M\u010cR-t\u011bl.-posti\u017een\u00fdch-10.6.18\"\n                    src=\"https:\/\/old.atletikaolomouc.cz\/wp-content\/gallery\/mcr-telesne-postizenych\/thumbs\/thumbs_DSC_2742-M%C4%8CR-t%C4%9Bl.-posti%C5%BEen%C3%BDch-10.6.18.jpg\"\n                    width=\"240\"\n                    height=\"160\"\n                    style=\"max-width:100%;\"\n                \/>\n            <\/a>\n        <\/div>\n\t\t\t\t\t\t\t<\/div> \n\t\t\t\n\t\t\t\t<div id=\"ngg-image-19\" class=\"ngg-gallery-thumbnail-box \" >\n\t\t\t\t        <div class=\"ngg-gallery-thumbnail\">\n            <a href=\"https:\/\/old.atletikaolomouc.cz\/wp-content\/gallery\/mcr-telesne-postizenych\/DSC_2744-M%C4%8CR-10.6.18.jpg\"\n               title=\"\"\n               data-src=\"https:\/\/old.atletikaolomouc.cz\/wp-content\/gallery\/mcr-telesne-postizenych\/DSC_2744-M%C4%8CR-10.6.18.jpg\"\n               data-thumbnail=\"https:\/\/old.atletikaolomouc.cz\/wp-content\/gallery\/mcr-telesne-postizenych\/thumbs\/thumbs_DSC_2744-M%C4%8CR-10.6.18.jpg\"\n               data-image-id=\"7261\"\n               data-title=\"DSC_2744-M\u010cR-10.6.18\"\n               data-description=\"\"\n               data-image-slug=\"dsc_2744-m%c4%8dr-10-6-18\"\n               class=\"ngg-simplelightbox\" rel=\"f9d4919bba0a69a068403eae9f657a76\">\n                <img\n                    title=\"DSC_2744-M\u010cR-10.6.18\"\n                    alt=\"DSC_2744-M\u010cR-10.6.18\"\n                    src=\"https:\/\/old.atletikaolomouc.cz\/wp-content\/gallery\/mcr-telesne-postizenych\/thumbs\/thumbs_DSC_2744-M%C4%8CR-10.6.18.jpg\"\n                    width=\"240\"\n                    height=\"160\"\n                    style=\"max-width:100%;\"\n                \/>\n            <\/a>\n        <\/div>\n\t\t\t\t\t\t\t<\/div> \n\t\t\t\n\t\t\t\t<div id=\"ngg-image-20\" class=\"ngg-gallery-thumbnail-box \" >\n\t\t\t\t        <div class=\"ngg-gallery-thumbnail\">\n            <a href=\"https:\/\/old.atletikaolomouc.cz\/wp-content\/gallery\/mcr-telesne-postizenych\/DSC_2751-M%C4%8CR-10.6.18.jpg\"\n               title=\"\"\n               data-src=\"https:\/\/old.atletikaolomouc.cz\/wp-content\/gallery\/mcr-telesne-postizenych\/DSC_2751-M%C4%8CR-10.6.18.jpg\"\n               data-thumbnail=\"https:\/\/old.atletikaolomouc.cz\/wp-content\/gallery\/mcr-telesne-postizenych\/thumbs\/thumbs_DSC_2751-M%C4%8CR-10.6.18.jpg\"\n               data-image-id=\"7262\"\n               data-title=\"DSC_2751-M\u010cR-10.6.18\"\n               data-description=\"\"\n               data-image-slug=\"dsc_2751-m%c4%8dr-10-6-18\"\n               class=\"ngg-simplelightbox\" rel=\"f9d4919bba0a69a068403eae9f657a76\">\n                <img\n                    title=\"DSC_2751-M\u010cR-10.6.18\"\n                    alt=\"DSC_2751-M\u010cR-10.6.18\"\n                    src=\"https:\/\/old.atletikaolomouc.cz\/wp-content\/gallery\/mcr-telesne-postizenych\/thumbs\/thumbs_DSC_2751-M%C4%8CR-10.6.18.jpg\"\n                    width=\"240\"\n                    height=\"160\"\n                    style=\"max-width:100%;\"\n                \/>\n            <\/a>\n        <\/div>\n\t\t\t\t\t\t\t<\/div> \n\t\t\t\n\t\t\t\t<div id=\"ngg-image-21\" class=\"ngg-gallery-thumbnail-box \" >\n\t\t\t\t        <div class=\"ngg-gallery-thumbnail\">\n            <a href=\"https:\/\/old.atletikaolomouc.cz\/wp-content\/gallery\/mcr-telesne-postizenych\/DSC_2757-M%C4%8CR-10.6.18.jpg\"\n               title=\"\"\n               data-src=\"https:\/\/old.atletikaolomouc.cz\/wp-content\/gallery\/mcr-telesne-postizenych\/DSC_2757-M%C4%8CR-10.6.18.jpg\"\n               data-thumbnail=\"https:\/\/old.atletikaolomouc.cz\/wp-content\/gallery\/mcr-telesne-postizenych\/thumbs\/thumbs_DSC_2757-M%C4%8CR-10.6.18.jpg\"\n               data-image-id=\"7263\"\n               data-title=\"DSC_2757-M\u010cR-10.6.18\"\n               data-description=\"\"\n               data-image-slug=\"dsc_2757-m%c4%8dr-10-6-18\"\n               class=\"ngg-simplelightbox\" rel=\"f9d4919bba0a69a068403eae9f657a76\">\n                <img\n                    title=\"DSC_2757-M\u010cR-10.6.18\"\n                    alt=\"DSC_2757-M\u010cR-10.6.18\"\n                    src=\"https:\/\/old.atletikaolomouc.cz\/wp-content\/gallery\/mcr-telesne-postizenych\/thumbs\/thumbs_DSC_2757-M%C4%8CR-10.6.18.jpg\"\n                    width=\"240\"\n                    height=\"160\"\n                    style=\"max-width:100%;\"\n                \/>\n            <\/a>\n        <\/div>\n\t\t\t\t\t\t\t<\/div> \n\t\t\t\n\t\t\t\t<div id=\"ngg-image-22\" class=\"ngg-gallery-thumbnail-box \" >\n\t\t\t\t        <div class=\"ngg-gallery-thumbnail\">\n            <a href=\"https:\/\/old.atletikaolomouc.cz\/wp-content\/gallery\/mcr-telesne-postizenych\/DSC_2759-M%C4%8CR-10.6.18.jpg\"\n               title=\"\"\n               data-src=\"https:\/\/old.atletikaolomouc.cz\/wp-content\/gallery\/mcr-telesne-postizenych\/DSC_2759-M%C4%8CR-10.6.18.jpg\"\n               data-thumbnail=\"https:\/\/old.atletikaolomouc.cz\/wp-content\/gallery\/mcr-telesne-postizenych\/thumbs\/thumbs_DSC_2759-M%C4%8CR-10.6.18.jpg\"\n               data-image-id=\"7264\"\n               data-title=\"DSC_2759-M\u010cR-10.6.18\"\n               data-description=\"\"\n               data-image-slug=\"dsc_2759-m%c4%8dr-10-6-18\"\n               class=\"ngg-simplelightbox\" rel=\"f9d4919bba0a69a068403eae9f657a76\">\n                <img\n                    title=\"DSC_2759-M\u010cR-10.6.18\"\n                    alt=\"DSC_2759-M\u010cR-10.6.18\"\n                    src=\"https:\/\/old.atletikaolomouc.cz\/wp-content\/gallery\/mcr-telesne-postizenych\/thumbs\/thumbs_DSC_2759-M%C4%8CR-10.6.18.jpg\"\n                    width=\"240\"\n                    height=\"160\"\n                    style=\"max-width:100%;\"\n                \/>\n            <\/a>\n        <\/div>\n\t\t\t\t\t\t\t<\/div> \n\t\t\t\n\t\t\t\t<div id=\"ngg-image-23\" class=\"ngg-gallery-thumbnail-box \" >\n\t\t\t\t        <div class=\"ngg-gallery-thumbnail\">\n            <a href=\"https:\/\/old.atletikaolomouc.cz\/wp-content\/gallery\/mcr-telesne-postizenych\/DSC_2761-M%C4%8CR-10.6.18.jpg\"\n               title=\"\"\n               data-src=\"https:\/\/old.atletikaolomouc.cz\/wp-content\/gallery\/mcr-telesne-postizenych\/DSC_2761-M%C4%8CR-10.6.18.jpg\"\n               data-thumbnail=\"https:\/\/old.atletikaolomouc.cz\/wp-content\/gallery\/mcr-telesne-postizenych\/thumbs\/thumbs_DSC_2761-M%C4%8CR-10.6.18.jpg\"\n               data-image-id=\"7265\"\n               data-title=\"DSC_2761-M\u010cR-10.6.18\"\n               data-description=\"\"\n               data-image-slug=\"dsc_2761-m%c4%8dr-10-6-18\"\n               class=\"ngg-simplelightbox\" rel=\"f9d4919bba0a69a068403eae9f657a76\">\n                <img\n                    title=\"DSC_2761-M\u010cR-10.6.18\"\n                    alt=\"DSC_2761-M\u010cR-10.6.18\"\n                    src=\"https:\/\/old.atletikaolomouc.cz\/wp-content\/gallery\/mcr-telesne-postizenych\/thumbs\/thumbs_DSC_2761-M%C4%8CR-10.6.18.jpg\"\n                    width=\"240\"\n                    height=\"160\"\n                    style=\"max-width:100%;\"\n                \/>\n            <\/a>\n        <\/div>\n\t\t\t\t\t\t\t<\/div> \n\t\t\t\n\t\n\t<br style=\"clear: both\" \/>\n\n\t\n\t\t<!-- Pagination -->\n\t<div class='ngg-navigation'><span class='current'>1<\/span>\n<a class='page-numbers' data-pageid='2' href='https:\/\/old.atletikaolomouc.cz\/index.php\/nggallery\/page\/2?p=21807'>2<\/a>\n<span class='ellipsis'>...<\/span>\n<a class='page-numbers' data-pageid='4' href='https:\/\/old.atletikaolomouc.cz\/index.php\/nggallery\/page\/4?p=21807'>4<\/a>\n<a class='prev' href='https:\/\/old.atletikaolomouc.cz\/index.php\/nggallery\/page\/2?p=21807' data-pageid=2>&#9658;<\/a><\/div>\t<\/div>\n\n","protected":false},"excerpt":{"rendered":"<p>10. \u010dervna 2018 hostil Atletick\u00fd klub Olomouc Mistrovstv\u00ed \u010cesk\u00e9 republiky t\u011blesn\u011b posti\u017een\u00fdch atlet\u016f.<\/p>\n","protected":false},"author":14,"featured_media":0,"comment_status":"closed","ping_status":"closed","sticky":false,"template":"","format":"standard","meta":{"ngg_post_thumbnail":0},"categories":[60],"tags":[],"_links":{"self":[{"href":"https:\/\/old.atletikaolomouc.cz\/index.php?rest_route=\/wp\/v2\/posts\/21807"}],"collection":[{"href":"https:\/\/old.atletikaolomouc.cz\/index.php?rest_route=\/wp\/v2\/posts"}],"about":[{"href":"https:\/\/old.atletikaolomouc.cz\/index.php?rest_route=\/wp\/v2\/types\/post"}],"author":[{"embeddable":true,"href":"https:\/\/old.atletikaolomouc.cz\/index.php?rest_route=\/wp\/v2\/users\/14"}],"replies":[{"embeddable":true,"href":"https:\/\/old.atletikaolomouc.cz\/index.php?rest_route=%2Fwp%2Fv2%2Fcomments&post=21807"}],"version-history":[{"count":1,"href":"https:\/\/old.atletikaolomouc.cz\/index.php?rest_route=\/wp\/v2\/posts\/21807\/revisions"}],"predecessor-version":[{"id":21877,"href":"https:\/\/old.atletikaolomouc.cz\/index.php?rest_route=\/wp\/v2\/posts\/21807\/revisions\/21877"}],"wp:attachment":[{"href":"https:\/\/old.atletikaolomouc.cz\/index.php?rest_route=%2Fwp%2Fv2%2Fmedia&parent=21807"}],"wp:term":[{"taxonomy":"category","embeddable":true,"href":"https:\/\/old.atletikaolomouc.cz\/index.php?rest_route=%2Fwp%2Fv2%2Fcategories&post=21807"},{"taxonomy":"post_tag","embeddable":true,"href":"https:\/\/old.atletikaolomouc.cz\/index.php?rest_route=%2Fwp%2Fv2%2Ftags&post=21807"}],"curies":[{"name":"wp","href":"https:\/\/api.w.org\/{rel}","templated":true}]}}