{"id":21972,"date":"2021-01-20T13:32:12","date_gmt":"2021-01-20T12:32:12","guid":{"rendered":"https:\/\/www.atletikaolomouc.cz\/?p=21972"},"modified":"2021-01-20T13:32:38","modified_gmt":"2021-01-20T12:32:38","slug":"21972","status":"publish","type":"post","link":"https:\/\/old.atletikaolomouc.cz\/?p=21972","title":{"rendered":"M\u010cR \u017e\u00e1k\u016f a \u017e\u00e1ky\u0148 na dr\u00e1ze &#8211; foto"},"content":{"rendered":"<p><a href=\"https:\/\/www.atletikaolomouc.cz\/wp-content\/uploads\/2021\/01\/DSC_0326-2.jpg\"><img decoding=\"async\" loading=\"lazy\" class=\"alignleft size-thumbnail wp-image-21986\" src=\"https:\/\/www.atletikaolomouc.cz\/wp-content\/uploads\/2021\/01\/DSC_0326-2-150x150.jpg\" alt=\"\" width=\"150\" height=\"150\"><\/a>22. &#8211; 23. z\u00e1\u0159\u00ed se v Jablonci nad Nisou konalo Mistrovstv\u00ed \u010cesk\u00e9 republiky \u017eactva. Z Olomouce tam odjelo n\u011bkolik na\u0161ich atlet\u016f a s pr\u00e1zdnou se rozhodn\u011b nevr\u00e1tili.<!--more--><\/p>\n<!-- default-view.php -->\n<div\n\tclass=\"ngg-galleryoverview default-view \"\n\tid=\"ngg-gallery-852168e3d5f6506ec01060e6cc831991-1\">\n\n\t\t<!-- Thumbnails -->\n\t\t\t\t<div id=\"ngg-image-0\" class=\"ngg-gallery-thumbnail-box \" >\n\t\t\t\t        <div class=\"ngg-gallery-thumbnail\">\n            <a href=\"https:\/\/old.atletikaolomouc.cz\/wp-content\/gallery\/mcr-zaku-jablonec-2018\/DSC_0414.JPG\"\n               title=\"\"\n               data-src=\"https:\/\/old.atletikaolomouc.cz\/wp-content\/gallery\/mcr-zaku-jablonec-2018\/DSC_0414.JPG\"\n               data-thumbnail=\"https:\/\/old.atletikaolomouc.cz\/wp-content\/gallery\/mcr-zaku-jablonec-2018\/thumbs\/thumbs_DSC_0414.JPG\"\n               data-image-id=\"7398\"\n               data-title=\"DSC_0414\"\n               data-description=\"\"\n               data-image-slug=\"dsc_0414-1\"\n               class=\"ngg-simplelightbox\" rel=\"852168e3d5f6506ec01060e6cc831991\">\n                <img\n                    title=\"DSC_0414\"\n                    alt=\"DSC_0414\"\n                    src=\"https:\/\/old.atletikaolomouc.cz\/wp-content\/gallery\/mcr-zaku-jablonec-2018\/thumbs\/thumbs_DSC_0414.JPG\"\n                    width=\"240\"\n                    height=\"160\"\n                    style=\"max-width:100%;\"\n                \/>\n            <\/a>\n        <\/div>\n\t\t\t\t\t\t\t<\/div> \n\t\t\t\n\t\t\t\t<div id=\"ngg-image-1\" class=\"ngg-gallery-thumbnail-box \" >\n\t\t\t\t        <div class=\"ngg-gallery-thumbnail\">\n            <a href=\"https:\/\/old.atletikaolomouc.cz\/wp-content\/gallery\/mcr-zaku-jablonec-2018\/DSC_0434.JPG\"\n               title=\"\"\n               data-src=\"https:\/\/old.atletikaolomouc.cz\/wp-content\/gallery\/mcr-zaku-jablonec-2018\/DSC_0434.JPG\"\n               data-thumbnail=\"https:\/\/old.atletikaolomouc.cz\/wp-content\/gallery\/mcr-zaku-jablonec-2018\/thumbs\/thumbs_DSC_0434.JPG\"\n               data-image-id=\"7399\"\n               data-title=\"DSC_0434\"\n               data-description=\"\"\n               data-image-slug=\"dsc_0434\"\n               class=\"ngg-simplelightbox\" rel=\"852168e3d5f6506ec01060e6cc831991\">\n                <img\n                    title=\"DSC_0434\"\n                    alt=\"DSC_0434\"\n                    src=\"https:\/\/old.atletikaolomouc.cz\/wp-content\/gallery\/mcr-zaku-jablonec-2018\/thumbs\/thumbs_DSC_0434.JPG\"\n                    width=\"240\"\n                    height=\"160\"\n                    style=\"max-width:100%;\"\n                \/>\n            <\/a>\n        <\/div>\n\t\t\t\t\t\t\t<\/div> \n\t\t\t\n\t\t\t\t<div id=\"ngg-image-2\" class=\"ngg-gallery-thumbnail-box \" >\n\t\t\t\t        <div class=\"ngg-gallery-thumbnail\">\n            <a href=\"https:\/\/old.atletikaolomouc.cz\/wp-content\/gallery\/mcr-zaku-jablonec-2018\/DSC_0444.JPG\"\n               title=\"\"\n               data-src=\"https:\/\/old.atletikaolomouc.cz\/wp-content\/gallery\/mcr-zaku-jablonec-2018\/DSC_0444.JPG\"\n               data-thumbnail=\"https:\/\/old.atletikaolomouc.cz\/wp-content\/gallery\/mcr-zaku-jablonec-2018\/thumbs\/thumbs_DSC_0444.JPG\"\n               data-image-id=\"7400\"\n               data-title=\"DSC_0444\"\n               data-description=\"\"\n               data-image-slug=\"dsc_0444\"\n               class=\"ngg-simplelightbox\" rel=\"852168e3d5f6506ec01060e6cc831991\">\n                <img\n                    title=\"DSC_0444\"\n                    alt=\"DSC_0444\"\n                    src=\"https:\/\/old.atletikaolomouc.cz\/wp-content\/gallery\/mcr-zaku-jablonec-2018\/thumbs\/thumbs_DSC_0444.JPG\"\n                    width=\"240\"\n                    height=\"160\"\n                    style=\"max-width:100%;\"\n                \/>\n            <\/a>\n        <\/div>\n\t\t\t\t\t\t\t<\/div> \n\t\t\t\n\t\t\t\t<div id=\"ngg-image-3\" class=\"ngg-gallery-thumbnail-box \" >\n\t\t\t\t        <div class=\"ngg-gallery-thumbnail\">\n            <a href=\"https:\/\/old.atletikaolomouc.cz\/wp-content\/gallery\/mcr-zaku-jablonec-2018\/DSC_0459.JPG\"\n               title=\"\"\n               data-src=\"https:\/\/old.atletikaolomouc.cz\/wp-content\/gallery\/mcr-zaku-jablonec-2018\/DSC_0459.JPG\"\n               data-thumbnail=\"https:\/\/old.atletikaolomouc.cz\/wp-content\/gallery\/mcr-zaku-jablonec-2018\/thumbs\/thumbs_DSC_0459.JPG\"\n               data-image-id=\"7401\"\n               data-title=\"DSC_0459\"\n               data-description=\"\"\n               data-image-slug=\"dsc_0459-2\"\n               class=\"ngg-simplelightbox\" rel=\"852168e3d5f6506ec01060e6cc831991\">\n                <img\n                    title=\"DSC_0459\"\n                    alt=\"DSC_0459\"\n                    src=\"https:\/\/old.atletikaolomouc.cz\/wp-content\/gallery\/mcr-zaku-jablonec-2018\/thumbs\/thumbs_DSC_0459.JPG\"\n                    width=\"240\"\n                    height=\"160\"\n                    style=\"max-width:100%;\"\n                \/>\n            <\/a>\n        <\/div>\n\t\t\t\t\t\t\t<\/div> \n\t\t\t\n\t\t\t\t<div id=\"ngg-image-4\" class=\"ngg-gallery-thumbnail-box \" >\n\t\t\t\t        <div class=\"ngg-gallery-thumbnail\">\n            <a href=\"https:\/\/old.atletikaolomouc.cz\/wp-content\/gallery\/mcr-zaku-jablonec-2018\/DSC_0463.JPG\"\n               title=\"\"\n               data-src=\"https:\/\/old.atletikaolomouc.cz\/wp-content\/gallery\/mcr-zaku-jablonec-2018\/DSC_0463.JPG\"\n               data-thumbnail=\"https:\/\/old.atletikaolomouc.cz\/wp-content\/gallery\/mcr-zaku-jablonec-2018\/thumbs\/thumbs_DSC_0463.JPG\"\n               data-image-id=\"7402\"\n               data-title=\"DSC_0463\"\n               data-description=\"\"\n               data-image-slug=\"dsc_0463-2\"\n               class=\"ngg-simplelightbox\" rel=\"852168e3d5f6506ec01060e6cc831991\">\n                <img\n                    title=\"DSC_0463\"\n                    alt=\"DSC_0463\"\n                    src=\"https:\/\/old.atletikaolomouc.cz\/wp-content\/gallery\/mcr-zaku-jablonec-2018\/thumbs\/thumbs_DSC_0463.JPG\"\n                    width=\"240\"\n                    height=\"160\"\n                    style=\"max-width:100%;\"\n                \/>\n            <\/a>\n        <\/div>\n\t\t\t\t\t\t\t<\/div> \n\t\t\t\n\t\t\t\t<div id=\"ngg-image-5\" class=\"ngg-gallery-thumbnail-box \" >\n\t\t\t\t        <div class=\"ngg-gallery-thumbnail\">\n            <a href=\"https:\/\/old.atletikaolomouc.cz\/wp-content\/gallery\/mcr-zaku-jablonec-2018\/DSC_0470.JPG\"\n               title=\"\"\n               data-src=\"https:\/\/old.atletikaolomouc.cz\/wp-content\/gallery\/mcr-zaku-jablonec-2018\/DSC_0470.JPG\"\n               data-thumbnail=\"https:\/\/old.atletikaolomouc.cz\/wp-content\/gallery\/mcr-zaku-jablonec-2018\/thumbs\/thumbs_DSC_0470.JPG\"\n               data-image-id=\"7403\"\n               data-title=\"DSC_0470\"\n               data-description=\"\"\n               data-image-slug=\"dsc_0470\"\n               class=\"ngg-simplelightbox\" rel=\"852168e3d5f6506ec01060e6cc831991\">\n                <img\n                    title=\"DSC_0470\"\n                    alt=\"DSC_0470\"\n                    src=\"https:\/\/old.atletikaolomouc.cz\/wp-content\/gallery\/mcr-zaku-jablonec-2018\/thumbs\/thumbs_DSC_0470.JPG\"\n                    width=\"240\"\n                    height=\"160\"\n                    style=\"max-width:100%;\"\n                \/>\n            <\/a>\n        <\/div>\n\t\t\t\t\t\t\t<\/div> \n\t\t\t\n\t\t\t\t<div id=\"ngg-image-6\" class=\"ngg-gallery-thumbnail-box \" >\n\t\t\t\t        <div class=\"ngg-gallery-thumbnail\">\n            <a href=\"https:\/\/old.atletikaolomouc.cz\/wp-content\/gallery\/mcr-zaku-jablonec-2018\/DSC_0471.JPG\"\n               title=\"\"\n               data-src=\"https:\/\/old.atletikaolomouc.cz\/wp-content\/gallery\/mcr-zaku-jablonec-2018\/DSC_0471.JPG\"\n               data-thumbnail=\"https:\/\/old.atletikaolomouc.cz\/wp-content\/gallery\/mcr-zaku-jablonec-2018\/thumbs\/thumbs_DSC_0471.JPG\"\n               data-image-id=\"7404\"\n               data-title=\"DSC_0471\"\n               data-description=\"\"\n               data-image-slug=\"dsc_0471\"\n               class=\"ngg-simplelightbox\" rel=\"852168e3d5f6506ec01060e6cc831991\">\n                <img\n                    title=\"DSC_0471\"\n                    alt=\"DSC_0471\"\n                    src=\"https:\/\/old.atletikaolomouc.cz\/wp-content\/gallery\/mcr-zaku-jablonec-2018\/thumbs\/thumbs_DSC_0471.JPG\"\n                    width=\"240\"\n                    height=\"160\"\n                    style=\"max-width:100%;\"\n                \/>\n            <\/a>\n        <\/div>\n\t\t\t\t\t\t\t<\/div> \n\t\t\t\n\t\t\t\t<div id=\"ngg-image-7\" class=\"ngg-gallery-thumbnail-box \" >\n\t\t\t\t        <div class=\"ngg-gallery-thumbnail\">\n            <a href=\"https:\/\/old.atletikaolomouc.cz\/wp-content\/gallery\/mcr-zaku-jablonec-2018\/DSC_0475.JPG\"\n               title=\"\"\n               data-src=\"https:\/\/old.atletikaolomouc.cz\/wp-content\/gallery\/mcr-zaku-jablonec-2018\/DSC_0475.JPG\"\n               data-thumbnail=\"https:\/\/old.atletikaolomouc.cz\/wp-content\/gallery\/mcr-zaku-jablonec-2018\/thumbs\/thumbs_DSC_0475.JPG\"\n               data-image-id=\"7405\"\n               data-title=\"DSC_0475\"\n               data-description=\"\"\n               data-image-slug=\"dsc_0475\"\n               class=\"ngg-simplelightbox\" rel=\"852168e3d5f6506ec01060e6cc831991\">\n                <img\n                    title=\"DSC_0475\"\n                    alt=\"DSC_0475\"\n                    src=\"https:\/\/old.atletikaolomouc.cz\/wp-content\/gallery\/mcr-zaku-jablonec-2018\/thumbs\/thumbs_DSC_0475.JPG\"\n                    width=\"240\"\n                    height=\"160\"\n                    style=\"max-width:100%;\"\n                \/>\n            <\/a>\n        <\/div>\n\t\t\t\t\t\t\t<\/div> \n\t\t\t\n\t\t\t\t<div id=\"ngg-image-8\" class=\"ngg-gallery-thumbnail-box \" >\n\t\t\t\t        <div class=\"ngg-gallery-thumbnail\">\n            <a href=\"https:\/\/old.atletikaolomouc.cz\/wp-content\/gallery\/mcr-zaku-jablonec-2018\/DSC_0308-2.JPG\"\n               title=\"\"\n               data-src=\"https:\/\/old.atletikaolomouc.cz\/wp-content\/gallery\/mcr-zaku-jablonec-2018\/DSC_0308-2.JPG\"\n               data-thumbnail=\"https:\/\/old.atletikaolomouc.cz\/wp-content\/gallery\/mcr-zaku-jablonec-2018\/thumbs\/thumbs_DSC_0308-2.JPG\"\n               data-image-id=\"7406\"\n               data-title=\"DSC_0308-2\"\n               data-description=\"\"\n               data-image-slug=\"dsc_0308-2\"\n               class=\"ngg-simplelightbox\" rel=\"852168e3d5f6506ec01060e6cc831991\">\n                <img\n                    title=\"DSC_0308-2\"\n                    alt=\"DSC_0308-2\"\n                    src=\"https:\/\/old.atletikaolomouc.cz\/wp-content\/gallery\/mcr-zaku-jablonec-2018\/thumbs\/thumbs_DSC_0308-2.JPG\"\n                    width=\"240\"\n                    height=\"160\"\n                    style=\"max-width:100%;\"\n                \/>\n            <\/a>\n        <\/div>\n\t\t\t\t\t\t\t<\/div> \n\t\t\t\n\t\t\t\t<div id=\"ngg-image-9\" class=\"ngg-gallery-thumbnail-box \" >\n\t\t\t\t        <div class=\"ngg-gallery-thumbnail\">\n            <a href=\"https:\/\/old.atletikaolomouc.cz\/wp-content\/gallery\/mcr-zaku-jablonec-2018\/DSC_0321.JPG\"\n               title=\"\"\n               data-src=\"https:\/\/old.atletikaolomouc.cz\/wp-content\/gallery\/mcr-zaku-jablonec-2018\/DSC_0321.JPG\"\n               data-thumbnail=\"https:\/\/old.atletikaolomouc.cz\/wp-content\/gallery\/mcr-zaku-jablonec-2018\/thumbs\/thumbs_DSC_0321.JPG\"\n               data-image-id=\"7407\"\n               data-title=\"DSC_0321\"\n               data-description=\"\"\n               data-image-slug=\"dsc_0321-1\"\n               class=\"ngg-simplelightbox\" rel=\"852168e3d5f6506ec01060e6cc831991\">\n                <img\n                    title=\"DSC_0321\"\n                    alt=\"DSC_0321\"\n                    src=\"https:\/\/old.atletikaolomouc.cz\/wp-content\/gallery\/mcr-zaku-jablonec-2018\/thumbs\/thumbs_DSC_0321.JPG\"\n                    width=\"240\"\n                    height=\"160\"\n                    style=\"max-width:100%;\"\n                \/>\n            <\/a>\n        <\/div>\n\t\t\t\t\t\t\t<\/div> \n\t\t\t\n\t\t\t\t<div id=\"ngg-image-10\" class=\"ngg-gallery-thumbnail-box \" >\n\t\t\t\t        <div class=\"ngg-gallery-thumbnail\">\n            <a href=\"https:\/\/old.atletikaolomouc.cz\/wp-content\/gallery\/mcr-zaku-jablonec-2018\/DSC_0322-2.JPG\"\n               title=\"\"\n               data-src=\"https:\/\/old.atletikaolomouc.cz\/wp-content\/gallery\/mcr-zaku-jablonec-2018\/DSC_0322-2.JPG\"\n               data-thumbnail=\"https:\/\/old.atletikaolomouc.cz\/wp-content\/gallery\/mcr-zaku-jablonec-2018\/thumbs\/thumbs_DSC_0322-2.JPG\"\n               data-image-id=\"7408\"\n               data-title=\"DSC_0322-2\"\n               data-description=\"\"\n               data-image-slug=\"dsc_0322-2\"\n               class=\"ngg-simplelightbox\" rel=\"852168e3d5f6506ec01060e6cc831991\">\n                <img\n                    title=\"DSC_0322-2\"\n                    alt=\"DSC_0322-2\"\n                    src=\"https:\/\/old.atletikaolomouc.cz\/wp-content\/gallery\/mcr-zaku-jablonec-2018\/thumbs\/thumbs_DSC_0322-2.JPG\"\n                    width=\"240\"\n                    height=\"160\"\n                    style=\"max-width:100%;\"\n                \/>\n            <\/a>\n        <\/div>\n\t\t\t\t\t\t\t<\/div> \n\t\t\t\n\t\t\t\t<div id=\"ngg-image-11\" class=\"ngg-gallery-thumbnail-box \" >\n\t\t\t\t        <div class=\"ngg-gallery-thumbnail\">\n            <a href=\"https:\/\/old.atletikaolomouc.cz\/wp-content\/gallery\/mcr-zaku-jablonec-2018\/DSC_0326-2.JPG\"\n               title=\"\"\n               data-src=\"https:\/\/old.atletikaolomouc.cz\/wp-content\/gallery\/mcr-zaku-jablonec-2018\/DSC_0326-2.JPG\"\n               data-thumbnail=\"https:\/\/old.atletikaolomouc.cz\/wp-content\/gallery\/mcr-zaku-jablonec-2018\/thumbs\/thumbs_DSC_0326-2.JPG\"\n               data-image-id=\"7409\"\n               data-title=\"DSC_0326-2\"\n               data-description=\"\"\n               data-image-slug=\"dsc_0326-2-1\"\n               class=\"ngg-simplelightbox\" rel=\"852168e3d5f6506ec01060e6cc831991\">\n                <img\n                    title=\"DSC_0326-2\"\n                    alt=\"DSC_0326-2\"\n                    src=\"https:\/\/old.atletikaolomouc.cz\/wp-content\/gallery\/mcr-zaku-jablonec-2018\/thumbs\/thumbs_DSC_0326-2.JPG\"\n                    width=\"240\"\n                    height=\"160\"\n                    style=\"max-width:100%;\"\n                \/>\n            <\/a>\n        <\/div>\n\t\t\t\t\t\t\t<\/div> \n\t\t\t\n\t\t\t\t<div id=\"ngg-image-12\" class=\"ngg-gallery-thumbnail-box \" >\n\t\t\t\t        <div class=\"ngg-gallery-thumbnail\">\n            <a href=\"https:\/\/old.atletikaolomouc.cz\/wp-content\/gallery\/mcr-zaku-jablonec-2018\/DSC_0333-2.JPG\"\n               title=\"\"\n               data-src=\"https:\/\/old.atletikaolomouc.cz\/wp-content\/gallery\/mcr-zaku-jablonec-2018\/DSC_0333-2.JPG\"\n               data-thumbnail=\"https:\/\/old.atletikaolomouc.cz\/wp-content\/gallery\/mcr-zaku-jablonec-2018\/thumbs\/thumbs_DSC_0333-2.JPG\"\n               data-image-id=\"7410\"\n               data-title=\"DSC_0333-2\"\n               data-description=\"\"\n               data-image-slug=\"dsc_0333-2\"\n               class=\"ngg-simplelightbox\" rel=\"852168e3d5f6506ec01060e6cc831991\">\n                <img\n                    title=\"DSC_0333-2\"\n                    alt=\"DSC_0333-2\"\n                    src=\"https:\/\/old.atletikaolomouc.cz\/wp-content\/gallery\/mcr-zaku-jablonec-2018\/thumbs\/thumbs_DSC_0333-2.JPG\"\n                    width=\"240\"\n                    height=\"160\"\n                    style=\"max-width:100%;\"\n                \/>\n            <\/a>\n        <\/div>\n\t\t\t\t\t\t\t<\/div> \n\t\t\t\n\t\t\t\t<div id=\"ngg-image-13\" class=\"ngg-gallery-thumbnail-box \" >\n\t\t\t\t        <div class=\"ngg-gallery-thumbnail\">\n            <a href=\"https:\/\/old.atletikaolomouc.cz\/wp-content\/gallery\/mcr-zaku-jablonec-2018\/DSC_0339-2.JPG\"\n               title=\"\"\n               data-src=\"https:\/\/old.atletikaolomouc.cz\/wp-content\/gallery\/mcr-zaku-jablonec-2018\/DSC_0339-2.JPG\"\n               data-thumbnail=\"https:\/\/old.atletikaolomouc.cz\/wp-content\/gallery\/mcr-zaku-jablonec-2018\/thumbs\/thumbs_DSC_0339-2.JPG\"\n               data-image-id=\"7411\"\n               data-title=\"DSC_0339-2\"\n               data-description=\"\"\n               data-image-slug=\"dsc_0339-2\"\n               class=\"ngg-simplelightbox\" rel=\"852168e3d5f6506ec01060e6cc831991\">\n                <img\n                    title=\"DSC_0339-2\"\n                    alt=\"DSC_0339-2\"\n                    src=\"https:\/\/old.atletikaolomouc.cz\/wp-content\/gallery\/mcr-zaku-jablonec-2018\/thumbs\/thumbs_DSC_0339-2.JPG\"\n                    width=\"240\"\n                    height=\"160\"\n                    style=\"max-width:100%;\"\n                \/>\n            <\/a>\n        <\/div>\n\t\t\t\t\t\t\t<\/div> \n\t\t\t\n\t\t\t\t<div id=\"ngg-image-14\" class=\"ngg-gallery-thumbnail-box \" >\n\t\t\t\t        <div class=\"ngg-gallery-thumbnail\">\n            <a href=\"https:\/\/old.atletikaolomouc.cz\/wp-content\/gallery\/mcr-zaku-jablonec-2018\/DSC_0349.JPG\"\n               title=\"\"\n               data-src=\"https:\/\/old.atletikaolomouc.cz\/wp-content\/gallery\/mcr-zaku-jablonec-2018\/DSC_0349.JPG\"\n               data-thumbnail=\"https:\/\/old.atletikaolomouc.cz\/wp-content\/gallery\/mcr-zaku-jablonec-2018\/thumbs\/thumbs_DSC_0349.JPG\"\n               data-image-id=\"7412\"\n               data-title=\"DSC_0349\"\n               data-description=\"\"\n               data-image-slug=\"dsc_0349\"\n               class=\"ngg-simplelightbox\" rel=\"852168e3d5f6506ec01060e6cc831991\">\n                <img\n                    title=\"DSC_0349\"\n                    alt=\"DSC_0349\"\n                    src=\"https:\/\/old.atletikaolomouc.cz\/wp-content\/gallery\/mcr-zaku-jablonec-2018\/thumbs\/thumbs_DSC_0349.JPG\"\n                    width=\"240\"\n                    height=\"160\"\n                    style=\"max-width:100%;\"\n                \/>\n            <\/a>\n        <\/div>\n\t\t\t\t\t\t\t<\/div> \n\t\t\t\n\t\t\t\t<div id=\"ngg-image-15\" class=\"ngg-gallery-thumbnail-box \" >\n\t\t\t\t        <div class=\"ngg-gallery-thumbnail\">\n            <a href=\"https:\/\/old.atletikaolomouc.cz\/wp-content\/gallery\/mcr-zaku-jablonec-2018\/DSC_0358.JPG\"\n               title=\"\"\n               data-src=\"https:\/\/old.atletikaolomouc.cz\/wp-content\/gallery\/mcr-zaku-jablonec-2018\/DSC_0358.JPG\"\n               data-thumbnail=\"https:\/\/old.atletikaolomouc.cz\/wp-content\/gallery\/mcr-zaku-jablonec-2018\/thumbs\/thumbs_DSC_0358.JPG\"\n               data-image-id=\"7413\"\n               data-title=\"DSC_0358\"\n               data-description=\"\"\n               data-image-slug=\"dsc_0358\"\n               class=\"ngg-simplelightbox\" rel=\"852168e3d5f6506ec01060e6cc831991\">\n                <img\n                    title=\"DSC_0358\"\n                    alt=\"DSC_0358\"\n                    src=\"https:\/\/old.atletikaolomouc.cz\/wp-content\/gallery\/mcr-zaku-jablonec-2018\/thumbs\/thumbs_DSC_0358.JPG\"\n                    width=\"240\"\n                    height=\"160\"\n                    style=\"max-width:100%;\"\n                \/>\n            <\/a>\n        <\/div>\n\t\t\t\t\t\t\t<\/div> \n\t\t\t\n\t\t\t\t<div id=\"ngg-image-16\" class=\"ngg-gallery-thumbnail-box \" >\n\t\t\t\t        <div class=\"ngg-gallery-thumbnail\">\n            <a href=\"https:\/\/old.atletikaolomouc.cz\/wp-content\/gallery\/mcr-zaku-jablonec-2018\/DSC_0407.JPG\"\n               title=\"\"\n               data-src=\"https:\/\/old.atletikaolomouc.cz\/wp-content\/gallery\/mcr-zaku-jablonec-2018\/DSC_0407.JPG\"\n               data-thumbnail=\"https:\/\/old.atletikaolomouc.cz\/wp-content\/gallery\/mcr-zaku-jablonec-2018\/thumbs\/thumbs_DSC_0407.JPG\"\n               data-image-id=\"7414\"\n               data-title=\"DSC_0407\"\n               data-description=\"\"\n               data-image-slug=\"dsc_0407\"\n               class=\"ngg-simplelightbox\" rel=\"852168e3d5f6506ec01060e6cc831991\">\n                <img\n                    title=\"DSC_0407\"\n                    alt=\"DSC_0407\"\n                    src=\"https:\/\/old.atletikaolomouc.cz\/wp-content\/gallery\/mcr-zaku-jablonec-2018\/thumbs\/thumbs_DSC_0407.JPG\"\n                    width=\"240\"\n                    height=\"160\"\n                    style=\"max-width:100%;\"\n                \/>\n            <\/a>\n        <\/div>\n\t\t\t\t\t\t\t<\/div> \n\t\t\t\n\t\n\t<br style=\"clear: both\" \/>\n\n\t\n\t\t<!-- Pagination -->\n\t<div class='ngg-clear'><\/div>\t<\/div>\n\n","protected":false},"excerpt":{"rendered":"<p>22. &#8211; 23. z\u00e1\u0159\u00ed se v Jablonci nad Nisou konalo Mistrovstv\u00ed \u010cesk\u00e9 republiky \u017eactva. Z Olomouce tam odjelo n\u011bkolik na\u0161ich atlet\u016f a s pr\u00e1zdnou se rozhodn\u011b nevr\u00e1tili.<\/p>\n","protected":false},"author":14,"featured_media":0,"comment_status":"closed","ping_status":"closed","sticky":false,"template":"","format":"standard","meta":{"ngg_post_thumbnail":0},"categories":[60],"tags":[],"_links":{"self":[{"href":"https:\/\/old.atletikaolomouc.cz\/index.php?rest_route=\/wp\/v2\/posts\/21972"}],"collection":[{"href":"https:\/\/old.atletikaolomouc.cz\/index.php?rest_route=\/wp\/v2\/posts"}],"about":[{"href":"https:\/\/old.atletikaolomouc.cz\/index.php?rest_route=\/wp\/v2\/types\/post"}],"author":[{"embeddable":true,"href":"https:\/\/old.atletikaolomouc.cz\/index.php?rest_route=\/wp\/v2\/users\/14"}],"replies":[{"embeddable":true,"href":"https:\/\/old.atletikaolomouc.cz\/index.php?rest_route=%2Fwp%2Fv2%2Fcomments&post=21972"}],"version-history":[{"count":2,"href":"https:\/\/old.atletikaolomouc.cz\/index.php?rest_route=\/wp\/v2\/posts\/21972\/revisions"}],"predecessor-version":[{"id":21990,"href":"https:\/\/old.atletikaolomouc.cz\/index.php?rest_route=\/wp\/v2\/posts\/21972\/revisions\/21990"}],"wp:attachment":[{"href":"https:\/\/old.atletikaolomouc.cz\/index.php?rest_route=%2Fwp%2Fv2%2Fmedia&parent=21972"}],"wp:term":[{"taxonomy":"category","embeddable":true,"href":"https:\/\/old.atletikaolomouc.cz\/index.php?rest_route=%2Fwp%2Fv2%2Fcategories&post=21972"},{"taxonomy":"post_tag","embeddable":true,"href":"https:\/\/old.atletikaolomouc.cz\/index.php?rest_route=%2Fwp%2Fv2%2Ftags&post=21972"}],"curies":[{"name":"wp","href":"https:\/\/api.w.org\/{rel}","templated":true}]}}