{"id":22132,"date":"2021-01-20T13:45:28","date_gmt":"2021-01-20T12:45:28","guid":{"rendered":"https:\/\/www.atletikaolomouc.cz\/?p=22132"},"modified":"2021-01-20T13:45:28","modified_gmt":"2021-01-20T12:45:28","slug":"atlet-roku-oslavy-85-vyroci-klubu-foto","status":"publish","type":"post","link":"https:\/\/old.atletikaolomouc.cz\/?p=22132","title":{"rendered":"Atlet roku\/Oslavy 85. v\u00fdro\u010d\u00ed klubu &#8211; foto"},"content":{"rendered":"<p><a href=\"https:\/\/www.atletikaolomouc.cz\/wp-content\/uploads\/2021\/01\/DSC_3619-85-let.jpg\"><img decoding=\"async\" loading=\"lazy\" class=\"alignleft size-thumbnail wp-image-22147\" src=\"https:\/\/www.atletikaolomouc.cz\/wp-content\/uploads\/2021\/01\/DSC_3619-85-let-150x150.jpg\" alt=\"\" width=\"150\" height=\"150\"><\/a>Rok 2018 byl pro n\u00e1\u0161 klub v\u00fdznamn\u00fdm mezn\u00edkem, kdy se Atlet roku konal &#8222;ve velk\u00e9m&#8220; v hotelu Fl\u00f3ra p\u0159i p\u0159\u00edle\u017eitosti oslav 85. v\u00fdro\u010d\u00ed atletiky v Olomouci.<!--more--><\/p>\n<!-- default-view.php -->\n<div\n\tclass=\"ngg-galleryoverview default-view \"\n\tid=\"ngg-gallery-60f16915f88cf8809a61c9987bf83d6b-1\">\n\n\t\t<!-- Thumbnails -->\n\t\t\t\t<div id=\"ngg-image-0\" class=\"ngg-gallery-thumbnail-box \" >\n\t\t\t\t        <div class=\"ngg-gallery-thumbnail\">\n            <a href=\"https:\/\/old.atletikaolomouc.cz\/wp-content\/gallery\/atlet-roku-2018-1\/IMG_6829.JPG\"\n               title=\"\"\n               data-src=\"https:\/\/old.atletikaolomouc.cz\/wp-content\/gallery\/atlet-roku-2018-1\/IMG_6829.JPG\"\n               data-thumbnail=\"https:\/\/old.atletikaolomouc.cz\/wp-content\/gallery\/atlet-roku-2018-1\/thumbs\/thumbs_IMG_6829.JPG\"\n               data-image-id=\"7478\"\n               data-title=\"IMG_6829\"\n               data-description=\"\"\n               data-image-slug=\"img_6829\"\n               class=\"ngg-simplelightbox\" rel=\"60f16915f88cf8809a61c9987bf83d6b\">\n                <img\n                    title=\"IMG_6829\"\n                    alt=\"IMG_6829\"\n                    src=\"https:\/\/old.atletikaolomouc.cz\/wp-content\/gallery\/atlet-roku-2018-1\/thumbs\/thumbs_IMG_6829.JPG\"\n                    width=\"240\"\n                    height=\"160\"\n                    style=\"max-width:100%;\"\n                \/>\n            <\/a>\n        <\/div>\n\t\t\t\t\t\t\t<\/div> \n\t\t\t\n\t\t\t\t<div id=\"ngg-image-1\" class=\"ngg-gallery-thumbnail-box \" >\n\t\t\t\t        <div class=\"ngg-gallery-thumbnail\">\n            <a href=\"https:\/\/old.atletikaolomouc.cz\/wp-content\/gallery\/atlet-roku-2018-1\/DSC_3529-85-let.jpg\"\n               title=\"\"\n               data-src=\"https:\/\/old.atletikaolomouc.cz\/wp-content\/gallery\/atlet-roku-2018-1\/DSC_3529-85-let.jpg\"\n               data-thumbnail=\"https:\/\/old.atletikaolomouc.cz\/wp-content\/gallery\/atlet-roku-2018-1\/thumbs\/thumbs_DSC_3529-85-let.jpg\"\n               data-image-id=\"7479\"\n               data-title=\"DSC_3529-85-let\"\n               data-description=\"\"\n               data-image-slug=\"dsc_3529-85-let-1\"\n               class=\"ngg-simplelightbox\" rel=\"60f16915f88cf8809a61c9987bf83d6b\">\n                <img\n                    title=\"DSC_3529-85-let\"\n                    alt=\"DSC_3529-85-let\"\n                    src=\"https:\/\/old.atletikaolomouc.cz\/wp-content\/gallery\/atlet-roku-2018-1\/thumbs\/thumbs_DSC_3529-85-let.jpg\"\n                    width=\"240\"\n                    height=\"160\"\n                    style=\"max-width:100%;\"\n                \/>\n            <\/a>\n        <\/div>\n\t\t\t\t\t\t\t<\/div> \n\t\t\t\n\t\t\t\t<div id=\"ngg-image-2\" class=\"ngg-gallery-thumbnail-box \" >\n\t\t\t\t        <div class=\"ngg-gallery-thumbnail\">\n            <a href=\"https:\/\/old.atletikaolomouc.cz\/wp-content\/gallery\/atlet-roku-2018-1\/DSC_3530-85-let.jpg\"\n               title=\"\"\n               data-src=\"https:\/\/old.atletikaolomouc.cz\/wp-content\/gallery\/atlet-roku-2018-1\/DSC_3530-85-let.jpg\"\n               data-thumbnail=\"https:\/\/old.atletikaolomouc.cz\/wp-content\/gallery\/atlet-roku-2018-1\/thumbs\/thumbs_DSC_3530-85-let.jpg\"\n               data-image-id=\"7480\"\n               data-title=\"DSC_3530-85-let\"\n               data-description=\"\"\n               data-image-slug=\"dsc_3530-85-let-1\"\n               class=\"ngg-simplelightbox\" rel=\"60f16915f88cf8809a61c9987bf83d6b\">\n                <img\n                    title=\"DSC_3530-85-let\"\n                    alt=\"DSC_3530-85-let\"\n                    src=\"https:\/\/old.atletikaolomouc.cz\/wp-content\/gallery\/atlet-roku-2018-1\/thumbs\/thumbs_DSC_3530-85-let.jpg\"\n                    width=\"240\"\n                    height=\"160\"\n                    style=\"max-width:100%;\"\n                \/>\n            <\/a>\n        <\/div>\n\t\t\t\t\t\t\t<\/div> \n\t\t\t\n\t\t\t\t<div id=\"ngg-image-3\" class=\"ngg-gallery-thumbnail-box \" >\n\t\t\t\t        <div class=\"ngg-gallery-thumbnail\">\n            <a href=\"https:\/\/old.atletikaolomouc.cz\/wp-content\/gallery\/atlet-roku-2018-1\/DSC_3531-85-let-2018.jpg\"\n               title=\"\"\n               data-src=\"https:\/\/old.atletikaolomouc.cz\/wp-content\/gallery\/atlet-roku-2018-1\/DSC_3531-85-let-2018.jpg\"\n               data-thumbnail=\"https:\/\/old.atletikaolomouc.cz\/wp-content\/gallery\/atlet-roku-2018-1\/thumbs\/thumbs_DSC_3531-85-let-2018.jpg\"\n               data-image-id=\"7481\"\n               data-title=\"DSC_3531-85-let-2018\"\n               data-description=\"\"\n               data-image-slug=\"dsc_3531-85-let-2018-1\"\n               class=\"ngg-simplelightbox\" rel=\"60f16915f88cf8809a61c9987bf83d6b\">\n                <img\n                    title=\"DSC_3531-85-let-2018\"\n                    alt=\"DSC_3531-85-let-2018\"\n                    src=\"https:\/\/old.atletikaolomouc.cz\/wp-content\/gallery\/atlet-roku-2018-1\/thumbs\/thumbs_DSC_3531-85-let-2018.jpg\"\n                    width=\"240\"\n                    height=\"160\"\n                    style=\"max-width:100%;\"\n                \/>\n            <\/a>\n        <\/div>\n\t\t\t\t\t\t\t<\/div> \n\t\t\t\n\t\t\t\t<div id=\"ngg-image-4\" class=\"ngg-gallery-thumbnail-box \" >\n\t\t\t\t        <div class=\"ngg-gallery-thumbnail\">\n            <a href=\"https:\/\/old.atletikaolomouc.cz\/wp-content\/gallery\/atlet-roku-2018-1\/DSC_3532-85-let.jpg\"\n               title=\"\"\n               data-src=\"https:\/\/old.atletikaolomouc.cz\/wp-content\/gallery\/atlet-roku-2018-1\/DSC_3532-85-let.jpg\"\n               data-thumbnail=\"https:\/\/old.atletikaolomouc.cz\/wp-content\/gallery\/atlet-roku-2018-1\/thumbs\/thumbs_DSC_3532-85-let.jpg\"\n               data-image-id=\"7482\"\n               data-title=\"DSC_3532-85-let\"\n               data-description=\"\"\n               data-image-slug=\"dsc_3532-85-let-1\"\n               class=\"ngg-simplelightbox\" rel=\"60f16915f88cf8809a61c9987bf83d6b\">\n                <img\n                    title=\"DSC_3532-85-let\"\n                    alt=\"DSC_3532-85-let\"\n                    src=\"https:\/\/old.atletikaolomouc.cz\/wp-content\/gallery\/atlet-roku-2018-1\/thumbs\/thumbs_DSC_3532-85-let.jpg\"\n                    width=\"240\"\n                    height=\"160\"\n                    style=\"max-width:100%;\"\n                \/>\n            <\/a>\n        <\/div>\n\t\t\t\t\t\t\t<\/div> \n\t\t\t\n\t\t\t\t<div id=\"ngg-image-5\" class=\"ngg-gallery-thumbnail-box \" >\n\t\t\t\t        <div class=\"ngg-gallery-thumbnail\">\n            <a href=\"https:\/\/old.atletikaolomouc.cz\/wp-content\/gallery\/atlet-roku-2018-1\/DSC_3533-85-let.jpg\"\n               title=\"\"\n               data-src=\"https:\/\/old.atletikaolomouc.cz\/wp-content\/gallery\/atlet-roku-2018-1\/DSC_3533-85-let.jpg\"\n               data-thumbnail=\"https:\/\/old.atletikaolomouc.cz\/wp-content\/gallery\/atlet-roku-2018-1\/thumbs\/thumbs_DSC_3533-85-let.jpg\"\n               data-image-id=\"7483\"\n               data-title=\"DSC_3533-85-let\"\n               data-description=\"\"\n               data-image-slug=\"dsc_3533-85-let-1\"\n               class=\"ngg-simplelightbox\" rel=\"60f16915f88cf8809a61c9987bf83d6b\">\n                <img\n                    title=\"DSC_3533-85-let\"\n                    alt=\"DSC_3533-85-let\"\n                    src=\"https:\/\/old.atletikaolomouc.cz\/wp-content\/gallery\/atlet-roku-2018-1\/thumbs\/thumbs_DSC_3533-85-let.jpg\"\n                    width=\"240\"\n                    height=\"160\"\n                    style=\"max-width:100%;\"\n                \/>\n            <\/a>\n        <\/div>\n\t\t\t\t\t\t\t<\/div> \n\t\t\t\n\t\t\t\t<div id=\"ngg-image-6\" class=\"ngg-gallery-thumbnail-box \" >\n\t\t\t\t        <div class=\"ngg-gallery-thumbnail\">\n            <a href=\"https:\/\/old.atletikaolomouc.cz\/wp-content\/gallery\/atlet-roku-2018-1\/DSC_3534-85-let.jpg\"\n               title=\"\"\n               data-src=\"https:\/\/old.atletikaolomouc.cz\/wp-content\/gallery\/atlet-roku-2018-1\/DSC_3534-85-let.jpg\"\n               data-thumbnail=\"https:\/\/old.atletikaolomouc.cz\/wp-content\/gallery\/atlet-roku-2018-1\/thumbs\/thumbs_DSC_3534-85-let.jpg\"\n               data-image-id=\"7484\"\n               data-title=\"DSC_3534-85-let\"\n               data-description=\"\"\n               data-image-slug=\"dsc_3534-85-let-1\"\n               class=\"ngg-simplelightbox\" rel=\"60f16915f88cf8809a61c9987bf83d6b\">\n                <img\n                    title=\"DSC_3534-85-let\"\n                    alt=\"DSC_3534-85-let\"\n                    src=\"https:\/\/old.atletikaolomouc.cz\/wp-content\/gallery\/atlet-roku-2018-1\/thumbs\/thumbs_DSC_3534-85-let.jpg\"\n                    width=\"240\"\n                    height=\"160\"\n                    style=\"max-width:100%;\"\n                \/>\n            <\/a>\n        <\/div>\n\t\t\t\t\t\t\t<\/div> \n\t\t\t\n\t\t\t\t<div id=\"ngg-image-7\" class=\"ngg-gallery-thumbnail-box \" >\n\t\t\t\t        <div class=\"ngg-gallery-thumbnail\">\n            <a href=\"https:\/\/old.atletikaolomouc.cz\/wp-content\/gallery\/atlet-roku-2018-1\/DSC_3535-85-let.jpg\"\n               title=\"\"\n               data-src=\"https:\/\/old.atletikaolomouc.cz\/wp-content\/gallery\/atlet-roku-2018-1\/DSC_3535-85-let.jpg\"\n               data-thumbnail=\"https:\/\/old.atletikaolomouc.cz\/wp-content\/gallery\/atlet-roku-2018-1\/thumbs\/thumbs_DSC_3535-85-let.jpg\"\n               data-image-id=\"7485\"\n               data-title=\"DSC_3535-85-let\"\n               data-description=\"\"\n               data-image-slug=\"dsc_3535-85-let-1\"\n               class=\"ngg-simplelightbox\" rel=\"60f16915f88cf8809a61c9987bf83d6b\">\n                <img\n                    title=\"DSC_3535-85-let\"\n                    alt=\"DSC_3535-85-let\"\n                    src=\"https:\/\/old.atletikaolomouc.cz\/wp-content\/gallery\/atlet-roku-2018-1\/thumbs\/thumbs_DSC_3535-85-let.jpg\"\n                    width=\"240\"\n                    height=\"160\"\n                    style=\"max-width:100%;\"\n                \/>\n            <\/a>\n        <\/div>\n\t\t\t\t\t\t\t<\/div> \n\t\t\t\n\t\t\t\t<div id=\"ngg-image-8\" class=\"ngg-gallery-thumbnail-box \" >\n\t\t\t\t        <div class=\"ngg-gallery-thumbnail\">\n            <a href=\"https:\/\/old.atletikaolomouc.cz\/wp-content\/gallery\/atlet-roku-2018-1\/DSC_3536-85-let.jpg\"\n               title=\"\"\n               data-src=\"https:\/\/old.atletikaolomouc.cz\/wp-content\/gallery\/atlet-roku-2018-1\/DSC_3536-85-let.jpg\"\n               data-thumbnail=\"https:\/\/old.atletikaolomouc.cz\/wp-content\/gallery\/atlet-roku-2018-1\/thumbs\/thumbs_DSC_3536-85-let.jpg\"\n               data-image-id=\"7486\"\n               data-title=\"DSC_3536-85-let\"\n               data-description=\"\"\n               data-image-slug=\"dsc_3536-85-let-1\"\n               class=\"ngg-simplelightbox\" rel=\"60f16915f88cf8809a61c9987bf83d6b\">\n                <img\n                    title=\"DSC_3536-85-let\"\n                    alt=\"DSC_3536-85-let\"\n                    src=\"https:\/\/old.atletikaolomouc.cz\/wp-content\/gallery\/atlet-roku-2018-1\/thumbs\/thumbs_DSC_3536-85-let.jpg\"\n                    width=\"240\"\n                    height=\"160\"\n                    style=\"max-width:100%;\"\n                \/>\n            <\/a>\n        <\/div>\n\t\t\t\t\t\t\t<\/div> \n\t\t\t\n\t\t\t\t<div id=\"ngg-image-9\" class=\"ngg-gallery-thumbnail-box \" >\n\t\t\t\t        <div class=\"ngg-gallery-thumbnail\">\n            <a href=\"https:\/\/old.atletikaolomouc.cz\/wp-content\/gallery\/atlet-roku-2018-1\/DSC_3537-85-let.jpg\"\n               title=\"\"\n               data-src=\"https:\/\/old.atletikaolomouc.cz\/wp-content\/gallery\/atlet-roku-2018-1\/DSC_3537-85-let.jpg\"\n               data-thumbnail=\"https:\/\/old.atletikaolomouc.cz\/wp-content\/gallery\/atlet-roku-2018-1\/thumbs\/thumbs_DSC_3537-85-let.jpg\"\n               data-image-id=\"7487\"\n               data-title=\"DSC_3537-85-let\"\n               data-description=\"\"\n               data-image-slug=\"dsc_3537-85-let-1\"\n               class=\"ngg-simplelightbox\" rel=\"60f16915f88cf8809a61c9987bf83d6b\">\n                <img\n                    title=\"DSC_3537-85-let\"\n                    alt=\"DSC_3537-85-let\"\n                    src=\"https:\/\/old.atletikaolomouc.cz\/wp-content\/gallery\/atlet-roku-2018-1\/thumbs\/thumbs_DSC_3537-85-let.jpg\"\n                    width=\"240\"\n                    height=\"160\"\n                    style=\"max-width:100%;\"\n                \/>\n            <\/a>\n        <\/div>\n\t\t\t\t\t\t\t<\/div> \n\t\t\t\n\t\t\t\t<div id=\"ngg-image-10\" class=\"ngg-gallery-thumbnail-box \" >\n\t\t\t\t        <div class=\"ngg-gallery-thumbnail\">\n            <a href=\"https:\/\/old.atletikaolomouc.cz\/wp-content\/gallery\/atlet-roku-2018-1\/DSC_3538-85-let.jpg\"\n               title=\"\"\n               data-src=\"https:\/\/old.atletikaolomouc.cz\/wp-content\/gallery\/atlet-roku-2018-1\/DSC_3538-85-let.jpg\"\n               data-thumbnail=\"https:\/\/old.atletikaolomouc.cz\/wp-content\/gallery\/atlet-roku-2018-1\/thumbs\/thumbs_DSC_3538-85-let.jpg\"\n               data-image-id=\"7488\"\n               data-title=\"DSC_3538-85-let\"\n               data-description=\"\"\n               data-image-slug=\"dsc_3538-85-let-1\"\n               class=\"ngg-simplelightbox\" rel=\"60f16915f88cf8809a61c9987bf83d6b\">\n                <img\n                    title=\"DSC_3538-85-let\"\n                    alt=\"DSC_3538-85-let\"\n                    src=\"https:\/\/old.atletikaolomouc.cz\/wp-content\/gallery\/atlet-roku-2018-1\/thumbs\/thumbs_DSC_3538-85-let.jpg\"\n                    width=\"240\"\n                    height=\"160\"\n                    style=\"max-width:100%;\"\n                \/>\n            <\/a>\n        <\/div>\n\t\t\t\t\t\t\t<\/div> \n\t\t\t\n\t\t\t\t<div id=\"ngg-image-11\" class=\"ngg-gallery-thumbnail-box \" >\n\t\t\t\t        <div class=\"ngg-gallery-thumbnail\">\n            <a href=\"https:\/\/old.atletikaolomouc.cz\/wp-content\/gallery\/atlet-roku-2018-1\/DSC_3539-85-let.jpg\"\n               title=\"\"\n               data-src=\"https:\/\/old.atletikaolomouc.cz\/wp-content\/gallery\/atlet-roku-2018-1\/DSC_3539-85-let.jpg\"\n               data-thumbnail=\"https:\/\/old.atletikaolomouc.cz\/wp-content\/gallery\/atlet-roku-2018-1\/thumbs\/thumbs_DSC_3539-85-let.jpg\"\n               data-image-id=\"7489\"\n               data-title=\"DSC_3539-85-let\"\n               data-description=\"\"\n               data-image-slug=\"dsc_3539-85-let-1\"\n               class=\"ngg-simplelightbox\" rel=\"60f16915f88cf8809a61c9987bf83d6b\">\n                <img\n                    title=\"DSC_3539-85-let\"\n                    alt=\"DSC_3539-85-let\"\n                    src=\"https:\/\/old.atletikaolomouc.cz\/wp-content\/gallery\/atlet-roku-2018-1\/thumbs\/thumbs_DSC_3539-85-let.jpg\"\n                    width=\"240\"\n                    height=\"160\"\n                    style=\"max-width:100%;\"\n                \/>\n            <\/a>\n        <\/div>\n\t\t\t\t\t\t\t<\/div> \n\t\t\t\n\t\t\t\t<div id=\"ngg-image-12\" class=\"ngg-gallery-thumbnail-box \" >\n\t\t\t\t        <div class=\"ngg-gallery-thumbnail\">\n            <a href=\"https:\/\/old.atletikaolomouc.cz\/wp-content\/gallery\/atlet-roku-2018-1\/DSC_3540-85-let.jpg\"\n               title=\"\"\n               data-src=\"https:\/\/old.atletikaolomouc.cz\/wp-content\/gallery\/atlet-roku-2018-1\/DSC_3540-85-let.jpg\"\n               data-thumbnail=\"https:\/\/old.atletikaolomouc.cz\/wp-content\/gallery\/atlet-roku-2018-1\/thumbs\/thumbs_DSC_3540-85-let.jpg\"\n               data-image-id=\"7490\"\n               data-title=\"DSC_3540-85-let\"\n               data-description=\"\"\n               data-image-slug=\"dsc_3540-85-let-1\"\n               class=\"ngg-simplelightbox\" rel=\"60f16915f88cf8809a61c9987bf83d6b\">\n                <img\n                    title=\"DSC_3540-85-let\"\n                    alt=\"DSC_3540-85-let\"\n                    src=\"https:\/\/old.atletikaolomouc.cz\/wp-content\/gallery\/atlet-roku-2018-1\/thumbs\/thumbs_DSC_3540-85-let.jpg\"\n                    width=\"240\"\n                    height=\"160\"\n                    style=\"max-width:100%;\"\n                \/>\n            <\/a>\n        <\/div>\n\t\t\t\t\t\t\t<\/div> \n\t\t\t\n\t\t\t\t<div id=\"ngg-image-13\" class=\"ngg-gallery-thumbnail-box \" >\n\t\t\t\t        <div class=\"ngg-gallery-thumbnail\">\n            <a href=\"https:\/\/old.atletikaolomouc.cz\/wp-content\/gallery\/atlet-roku-2018-1\/DSC_3541-85-let.jpg\"\n               title=\"\"\n               data-src=\"https:\/\/old.atletikaolomouc.cz\/wp-content\/gallery\/atlet-roku-2018-1\/DSC_3541-85-let.jpg\"\n               data-thumbnail=\"https:\/\/old.atletikaolomouc.cz\/wp-content\/gallery\/atlet-roku-2018-1\/thumbs\/thumbs_DSC_3541-85-let.jpg\"\n               data-image-id=\"7491\"\n               data-title=\"DSC_3541-85-let\"\n               data-description=\"\"\n               data-image-slug=\"dsc_3541-85-let-1\"\n               class=\"ngg-simplelightbox\" rel=\"60f16915f88cf8809a61c9987bf83d6b\">\n                <img\n                    title=\"DSC_3541-85-let\"\n                    alt=\"DSC_3541-85-let\"\n                    src=\"https:\/\/old.atletikaolomouc.cz\/wp-content\/gallery\/atlet-roku-2018-1\/thumbs\/thumbs_DSC_3541-85-let.jpg\"\n                    width=\"240\"\n                    height=\"160\"\n                    style=\"max-width:100%;\"\n                \/>\n            <\/a>\n        <\/div>\n\t\t\t\t\t\t\t<\/div> \n\t\t\t\n\t\t\t\t<div id=\"ngg-image-14\" class=\"ngg-gallery-thumbnail-box \" >\n\t\t\t\t        <div class=\"ngg-gallery-thumbnail\">\n            <a href=\"https:\/\/old.atletikaolomouc.cz\/wp-content\/gallery\/atlet-roku-2018-1\/DSC_3542-85-let.jpg\"\n               title=\"\"\n               data-src=\"https:\/\/old.atletikaolomouc.cz\/wp-content\/gallery\/atlet-roku-2018-1\/DSC_3542-85-let.jpg\"\n               data-thumbnail=\"https:\/\/old.atletikaolomouc.cz\/wp-content\/gallery\/atlet-roku-2018-1\/thumbs\/thumbs_DSC_3542-85-let.jpg\"\n               data-image-id=\"7492\"\n               data-title=\"DSC_3542-85-let\"\n               data-description=\"\"\n               data-image-slug=\"dsc_3542-85-let-1\"\n               class=\"ngg-simplelightbox\" rel=\"60f16915f88cf8809a61c9987bf83d6b\">\n                <img\n                    title=\"DSC_3542-85-let\"\n                    alt=\"DSC_3542-85-let\"\n                    src=\"https:\/\/old.atletikaolomouc.cz\/wp-content\/gallery\/atlet-roku-2018-1\/thumbs\/thumbs_DSC_3542-85-let.jpg\"\n                    width=\"240\"\n                    height=\"160\"\n                    style=\"max-width:100%;\"\n                \/>\n            <\/a>\n        <\/div>\n\t\t\t\t\t\t\t<\/div> \n\t\t\t\n\t\t\t\t<div id=\"ngg-image-15\" class=\"ngg-gallery-thumbnail-box \" >\n\t\t\t\t        <div class=\"ngg-gallery-thumbnail\">\n            <a href=\"https:\/\/old.atletikaolomouc.cz\/wp-content\/gallery\/atlet-roku-2018-1\/DSC_3543-85-let.jpg\"\n               title=\"\"\n               data-src=\"https:\/\/old.atletikaolomouc.cz\/wp-content\/gallery\/atlet-roku-2018-1\/DSC_3543-85-let.jpg\"\n               data-thumbnail=\"https:\/\/old.atletikaolomouc.cz\/wp-content\/gallery\/atlet-roku-2018-1\/thumbs\/thumbs_DSC_3543-85-let.jpg\"\n               data-image-id=\"7493\"\n               data-title=\"DSC_3543-85-let\"\n               data-description=\"\"\n               data-image-slug=\"dsc_3543-85-let-1\"\n               class=\"ngg-simplelightbox\" rel=\"60f16915f88cf8809a61c9987bf83d6b\">\n                <img\n                    title=\"DSC_3543-85-let\"\n                    alt=\"DSC_3543-85-let\"\n                    src=\"https:\/\/old.atletikaolomouc.cz\/wp-content\/gallery\/atlet-roku-2018-1\/thumbs\/thumbs_DSC_3543-85-let.jpg\"\n                    width=\"240\"\n                    height=\"160\"\n                    style=\"max-width:100%;\"\n                \/>\n            <\/a>\n        <\/div>\n\t\t\t\t\t\t\t<\/div> \n\t\t\t\n\t\t\t\t<div id=\"ngg-image-16\" class=\"ngg-gallery-thumbnail-box \" >\n\t\t\t\t        <div class=\"ngg-gallery-thumbnail\">\n            <a href=\"https:\/\/old.atletikaolomouc.cz\/wp-content\/gallery\/atlet-roku-2018-1\/DSC_3544-85-let.jpg\"\n               title=\"\"\n               data-src=\"https:\/\/old.atletikaolomouc.cz\/wp-content\/gallery\/atlet-roku-2018-1\/DSC_3544-85-let.jpg\"\n               data-thumbnail=\"https:\/\/old.atletikaolomouc.cz\/wp-content\/gallery\/atlet-roku-2018-1\/thumbs\/thumbs_DSC_3544-85-let.jpg\"\n               data-image-id=\"7494\"\n               data-title=\"DSC_3544-85-let\"\n               data-description=\"\"\n               data-image-slug=\"dsc_3544-85-let-1\"\n               class=\"ngg-simplelightbox\" rel=\"60f16915f88cf8809a61c9987bf83d6b\">\n                <img\n                    title=\"DSC_3544-85-let\"\n                    alt=\"DSC_3544-85-let\"\n                    src=\"https:\/\/old.atletikaolomouc.cz\/wp-content\/gallery\/atlet-roku-2018-1\/thumbs\/thumbs_DSC_3544-85-let.jpg\"\n                    width=\"240\"\n                    height=\"160\"\n                    style=\"max-width:100%;\"\n                \/>\n            <\/a>\n        <\/div>\n\t\t\t\t\t\t\t<\/div> \n\t\t\t\n\t\t\t\t<div id=\"ngg-image-17\" class=\"ngg-gallery-thumbnail-box \" >\n\t\t\t\t        <div class=\"ngg-gallery-thumbnail\">\n            <a href=\"https:\/\/old.atletikaolomouc.cz\/wp-content\/gallery\/atlet-roku-2018-1\/DSC_3545-85-let.jpg\"\n               title=\"\"\n               data-src=\"https:\/\/old.atletikaolomouc.cz\/wp-content\/gallery\/atlet-roku-2018-1\/DSC_3545-85-let.jpg\"\n               data-thumbnail=\"https:\/\/old.atletikaolomouc.cz\/wp-content\/gallery\/atlet-roku-2018-1\/thumbs\/thumbs_DSC_3545-85-let.jpg\"\n               data-image-id=\"7495\"\n               data-title=\"DSC_3545-85-let\"\n               data-description=\"\"\n               data-image-slug=\"dsc_3545-85-let-1\"\n               class=\"ngg-simplelightbox\" rel=\"60f16915f88cf8809a61c9987bf83d6b\">\n                <img\n                    title=\"DSC_3545-85-let\"\n                    alt=\"DSC_3545-85-let\"\n                    src=\"https:\/\/old.atletikaolomouc.cz\/wp-content\/gallery\/atlet-roku-2018-1\/thumbs\/thumbs_DSC_3545-85-let.jpg\"\n                    width=\"240\"\n                    height=\"160\"\n                    style=\"max-width:100%;\"\n                \/>\n            <\/a>\n        <\/div>\n\t\t\t\t\t\t\t<\/div> \n\t\t\t\n\t\t\t\t<div id=\"ngg-image-18\" class=\"ngg-gallery-thumbnail-box \" >\n\t\t\t\t        <div class=\"ngg-gallery-thumbnail\">\n            <a href=\"https:\/\/old.atletikaolomouc.cz\/wp-content\/gallery\/atlet-roku-2018-1\/DSC_3547-85-let.jpg\"\n               title=\"\"\n               data-src=\"https:\/\/old.atletikaolomouc.cz\/wp-content\/gallery\/atlet-roku-2018-1\/DSC_3547-85-let.jpg\"\n               data-thumbnail=\"https:\/\/old.atletikaolomouc.cz\/wp-content\/gallery\/atlet-roku-2018-1\/thumbs\/thumbs_DSC_3547-85-let.jpg\"\n               data-image-id=\"7496\"\n               data-title=\"DSC_3547-85-let\"\n               data-description=\"\"\n               data-image-slug=\"dsc_3547-85-let-1\"\n               class=\"ngg-simplelightbox\" rel=\"60f16915f88cf8809a61c9987bf83d6b\">\n                <img\n                    title=\"DSC_3547-85-let\"\n                    alt=\"DSC_3547-85-let\"\n                    src=\"https:\/\/old.atletikaolomouc.cz\/wp-content\/gallery\/atlet-roku-2018-1\/thumbs\/thumbs_DSC_3547-85-let.jpg\"\n                    width=\"240\"\n                    height=\"160\"\n                    style=\"max-width:100%;\"\n                \/>\n            <\/a>\n        <\/div>\n\t\t\t\t\t\t\t<\/div> \n\t\t\t\n\t\t\t\t<div id=\"ngg-image-19\" class=\"ngg-gallery-thumbnail-box \" >\n\t\t\t\t        <div class=\"ngg-gallery-thumbnail\">\n            <a href=\"https:\/\/old.atletikaolomouc.cz\/wp-content\/gallery\/atlet-roku-2018-1\/DSC_3548-85-let.jpg\"\n               title=\"\"\n               data-src=\"https:\/\/old.atletikaolomouc.cz\/wp-content\/gallery\/atlet-roku-2018-1\/DSC_3548-85-let.jpg\"\n               data-thumbnail=\"https:\/\/old.atletikaolomouc.cz\/wp-content\/gallery\/atlet-roku-2018-1\/thumbs\/thumbs_DSC_3548-85-let.jpg\"\n               data-image-id=\"7497\"\n               data-title=\"DSC_3548-85-let\"\n               data-description=\"\"\n               data-image-slug=\"dsc_3548-85-let-1\"\n               class=\"ngg-simplelightbox\" rel=\"60f16915f88cf8809a61c9987bf83d6b\">\n                <img\n                    title=\"DSC_3548-85-let\"\n                    alt=\"DSC_3548-85-let\"\n                    src=\"https:\/\/old.atletikaolomouc.cz\/wp-content\/gallery\/atlet-roku-2018-1\/thumbs\/thumbs_DSC_3548-85-let.jpg\"\n                    width=\"240\"\n                    height=\"160\"\n                    style=\"max-width:100%;\"\n                \/>\n            <\/a>\n        <\/div>\n\t\t\t\t\t\t\t<\/div> \n\t\t\t\n\t\t\t\t<div id=\"ngg-image-20\" class=\"ngg-gallery-thumbnail-box \" >\n\t\t\t\t        <div class=\"ngg-gallery-thumbnail\">\n            <a href=\"https:\/\/old.atletikaolomouc.cz\/wp-content\/gallery\/atlet-roku-2018-1\/DSC_3549-85-let.jpg\"\n               title=\"\"\n               data-src=\"https:\/\/old.atletikaolomouc.cz\/wp-content\/gallery\/atlet-roku-2018-1\/DSC_3549-85-let.jpg\"\n               data-thumbnail=\"https:\/\/old.atletikaolomouc.cz\/wp-content\/gallery\/atlet-roku-2018-1\/thumbs\/thumbs_DSC_3549-85-let.jpg\"\n               data-image-id=\"7498\"\n               data-title=\"DSC_3549-85-let\"\n               data-description=\"\"\n               data-image-slug=\"dsc_3549-85-let-1\"\n               class=\"ngg-simplelightbox\" rel=\"60f16915f88cf8809a61c9987bf83d6b\">\n                <img\n                    title=\"DSC_3549-85-let\"\n                    alt=\"DSC_3549-85-let\"\n                    src=\"https:\/\/old.atletikaolomouc.cz\/wp-content\/gallery\/atlet-roku-2018-1\/thumbs\/thumbs_DSC_3549-85-let.jpg\"\n                    width=\"240\"\n                    height=\"160\"\n                    style=\"max-width:100%;\"\n                \/>\n            <\/a>\n        <\/div>\n\t\t\t\t\t\t\t<\/div> \n\t\t\t\n\t\t\t\t<div id=\"ngg-image-21\" class=\"ngg-gallery-thumbnail-box \" >\n\t\t\t\t        <div class=\"ngg-gallery-thumbnail\">\n            <a href=\"https:\/\/old.atletikaolomouc.cz\/wp-content\/gallery\/atlet-roku-2018-1\/DSC_3551-85-let.jpg\"\n               title=\"\"\n               data-src=\"https:\/\/old.atletikaolomouc.cz\/wp-content\/gallery\/atlet-roku-2018-1\/DSC_3551-85-let.jpg\"\n               data-thumbnail=\"https:\/\/old.atletikaolomouc.cz\/wp-content\/gallery\/atlet-roku-2018-1\/thumbs\/thumbs_DSC_3551-85-let.jpg\"\n               data-image-id=\"7499\"\n               data-title=\"DSC_3551-85-let\"\n               data-description=\"\"\n               data-image-slug=\"dsc_3551-85-let-1\"\n               class=\"ngg-simplelightbox\" rel=\"60f16915f88cf8809a61c9987bf83d6b\">\n                <img\n                    title=\"DSC_3551-85-let\"\n                    alt=\"DSC_3551-85-let\"\n                    src=\"https:\/\/old.atletikaolomouc.cz\/wp-content\/gallery\/atlet-roku-2018-1\/thumbs\/thumbs_DSC_3551-85-let.jpg\"\n                    width=\"240\"\n                    height=\"160\"\n                    style=\"max-width:100%;\"\n                \/>\n            <\/a>\n        <\/div>\n\t\t\t\t\t\t\t<\/div> \n\t\t\t\n\t\t\t\t<div id=\"ngg-image-22\" class=\"ngg-gallery-thumbnail-box \" >\n\t\t\t\t        <div class=\"ngg-gallery-thumbnail\">\n            <a href=\"https:\/\/old.atletikaolomouc.cz\/wp-content\/gallery\/atlet-roku-2018-1\/DSC_3552-85-let.jpg\"\n               title=\"\"\n               data-src=\"https:\/\/old.atletikaolomouc.cz\/wp-content\/gallery\/atlet-roku-2018-1\/DSC_3552-85-let.jpg\"\n               data-thumbnail=\"https:\/\/old.atletikaolomouc.cz\/wp-content\/gallery\/atlet-roku-2018-1\/thumbs\/thumbs_DSC_3552-85-let.jpg\"\n               data-image-id=\"7500\"\n               data-title=\"DSC_3552-85-let\"\n               data-description=\"\"\n               data-image-slug=\"dsc_3552-85-let-1\"\n               class=\"ngg-simplelightbox\" rel=\"60f16915f88cf8809a61c9987bf83d6b\">\n                <img\n                    title=\"DSC_3552-85-let\"\n                    alt=\"DSC_3552-85-let\"\n                    src=\"https:\/\/old.atletikaolomouc.cz\/wp-content\/gallery\/atlet-roku-2018-1\/thumbs\/thumbs_DSC_3552-85-let.jpg\"\n                    width=\"240\"\n                    height=\"160\"\n                    style=\"max-width:100%;\"\n                \/>\n            <\/a>\n        <\/div>\n\t\t\t\t\t\t\t<\/div> \n\t\t\t\n\t\t\t\t<div id=\"ngg-image-23\" class=\"ngg-gallery-thumbnail-box \" >\n\t\t\t\t        <div class=\"ngg-gallery-thumbnail\">\n            <a href=\"https:\/\/old.atletikaolomouc.cz\/wp-content\/gallery\/atlet-roku-2018-1\/DSC_3553-85-let.jpg\"\n               title=\"\"\n               data-src=\"https:\/\/old.atletikaolomouc.cz\/wp-content\/gallery\/atlet-roku-2018-1\/DSC_3553-85-let.jpg\"\n               data-thumbnail=\"https:\/\/old.atletikaolomouc.cz\/wp-content\/gallery\/atlet-roku-2018-1\/thumbs\/thumbs_DSC_3553-85-let.jpg\"\n               data-image-id=\"7501\"\n               data-title=\"DSC_3553-85-let\"\n               data-description=\"\"\n               data-image-slug=\"dsc_3553-85-let-1\"\n               class=\"ngg-simplelightbox\" rel=\"60f16915f88cf8809a61c9987bf83d6b\">\n                <img\n                    title=\"DSC_3553-85-let\"\n                    alt=\"DSC_3553-85-let\"\n                    src=\"https:\/\/old.atletikaolomouc.cz\/wp-content\/gallery\/atlet-roku-2018-1\/thumbs\/thumbs_DSC_3553-85-let.jpg\"\n                    width=\"240\"\n                    height=\"160\"\n                    style=\"max-width:100%;\"\n                \/>\n            <\/a>\n        <\/div>\n\t\t\t\t\t\t\t<\/div> \n\t\t\t\n\t\n\t<br style=\"clear: both\" \/>\n\n\t\n\t\t<!-- Pagination -->\n\t<div class='ngg-navigation'><span class='current'>1<\/span>\n<a class='page-numbers' data-pageid='2' href='https:\/\/old.atletikaolomouc.cz\/index.php\/nggallery\/page\/2?p=22132'>2<\/a>\n<span class='ellipsis'>...<\/span>\n<a class='page-numbers' data-pageid='4' href='https:\/\/old.atletikaolomouc.cz\/index.php\/nggallery\/page\/4?p=22132'>4<\/a>\n<a class='prev' href='https:\/\/old.atletikaolomouc.cz\/index.php\/nggallery\/page\/2?p=22132' data-pageid=2>&#9658;<\/a><\/div>\t<\/div>\n\n","protected":false},"excerpt":{"rendered":"<p>Rok 2018 byl pro n\u00e1\u0161 klub v\u00fdznamn\u00fdm mezn\u00edkem, kdy se Atlet roku konal &#8222;ve velk\u00e9m&#8220; v hotelu Fl\u00f3ra p\u0159i p\u0159\u00edle\u017eitosti oslav 85. v\u00fdro\u010d\u00ed atletiky v Olomouci.<\/p>\n","protected":false},"author":14,"featured_media":0,"comment_status":"closed","ping_status":"closed","sticky":false,"template":"","format":"standard","meta":{"ngg_post_thumbnail":0},"categories":[60],"tags":[],"_links":{"self":[{"href":"https:\/\/old.atletikaolomouc.cz\/index.php?rest_route=\/wp\/v2\/posts\/22132"}],"collection":[{"href":"https:\/\/old.atletikaolomouc.cz\/index.php?rest_route=\/wp\/v2\/posts"}],"about":[{"href":"https:\/\/old.atletikaolomouc.cz\/index.php?rest_route=\/wp\/v2\/types\/post"}],"author":[{"embeddable":true,"href":"https:\/\/old.atletikaolomouc.cz\/index.php?rest_route=\/wp\/v2\/users\/14"}],"replies":[{"embeddable":true,"href":"https:\/\/old.atletikaolomouc.cz\/index.php?rest_route=%2Fwp%2Fv2%2Fcomments&post=22132"}],"version-history":[{"count":1,"href":"https:\/\/old.atletikaolomouc.cz\/index.php?rest_route=\/wp\/v2\/posts\/22132\/revisions"}],"predecessor-version":[{"id":22149,"href":"https:\/\/old.atletikaolomouc.cz\/index.php?rest_route=\/wp\/v2\/posts\/22132\/revisions\/22149"}],"wp:attachment":[{"href":"https:\/\/old.atletikaolomouc.cz\/index.php?rest_route=%2Fwp%2Fv2%2Fmedia&parent=22132"}],"wp:term":[{"taxonomy":"category","embeddable":true,"href":"https:\/\/old.atletikaolomouc.cz\/index.php?rest_route=%2Fwp%2Fv2%2Fcategories&post=22132"},{"taxonomy":"post_tag","embeddable":true,"href":"https:\/\/old.atletikaolomouc.cz\/index.php?rest_route=%2Fwp%2Fv2%2Ftags&post=22132"}],"curies":[{"name":"wp","href":"https:\/\/api.w.org\/{rel}","templated":true}]}}