{"id":22413,"date":"2021-01-21T14:07:11","date_gmt":"2021-01-21T13:07:11","guid":{"rendered":"https:\/\/www.atletikaolomouc.cz\/?p=22413"},"modified":"2021-01-21T14:07:11","modified_gmt":"2021-01-21T13:07:11","slug":"hanacky-pulmaraton-2016","status":"publish","type":"post","link":"https:\/\/old.atletikaolomouc.cz\/?p=22413","title":{"rendered":"Han\u00e1ck\u00fd p\u016flmaraton 2016"},"content":{"rendered":"<p><a href=\"https:\/\/www.atletikaolomouc.cz\/wp-content\/uploads\/2021\/01\/hanacky_pulmaraton_2016.jpg\"><img decoding=\"async\" loading=\"lazy\" class=\"alignleft size-thumbnail wp-image-22415\" src=\"https:\/\/www.atletikaolomouc.cz\/wp-content\/uploads\/2021\/01\/hanacky_pulmaraton_2016-150x150.jpg\" alt=\"\" width=\"150\" height=\"150\"><\/a>V p\u00e1tek 22. dubna se v Olomouci konal dal\u0161\u00ed ro\u010dn\u00edk Han\u00e1ck\u00e9ho p\u016flmaratonu.<!--more--><\/p>\n<!-- default-view.php -->\n<div\n\tclass=\"ngg-galleryoverview default-view \"\n\tid=\"ngg-gallery-3f975c376d208e883419d38a411c4ff2-1\">\n\n\t\t<!-- Thumbnails -->\n\t\t\t\t<div id=\"ngg-image-0\" class=\"ngg-gallery-thumbnail-box \" >\n\t\t\t\t        <div class=\"ngg-gallery-thumbnail\">\n            <a href=\"https:\/\/old.atletikaolomouc.cz\/wp-content\/gallery\/hanacky-pulmaraton-2016\/DSC_7489-VC-P%C5%AFlmaraton-2016.jpg\"\n               title=\"\"\n               data-src=\"https:\/\/old.atletikaolomouc.cz\/wp-content\/gallery\/hanacky-pulmaraton-2016\/DSC_7489-VC-P%C5%AFlmaraton-2016.jpg\"\n               data-thumbnail=\"https:\/\/old.atletikaolomouc.cz\/wp-content\/gallery\/hanacky-pulmaraton-2016\/thumbs\/thumbs_DSC_7489-VC-P%C5%AFlmaraton-2016.jpg\"\n               data-image-id=\"7686\"\n               data-title=\"DSC_7489-VC-P\u016flmaraton-2016\"\n               data-description=\"\"\n               data-image-slug=\"dsc_7489-vc-p%c5%aflmaraton-2016\"\n               class=\"ngg-simplelightbox\" rel=\"3f975c376d208e883419d38a411c4ff2\">\n                <img\n                    title=\"DSC_7489-VC-P\u016flmaraton-2016\"\n                    alt=\"DSC_7489-VC-P\u016flmaraton-2016\"\n                    src=\"https:\/\/old.atletikaolomouc.cz\/wp-content\/gallery\/hanacky-pulmaraton-2016\/thumbs\/thumbs_DSC_7489-VC-P%C5%AFlmaraton-2016.jpg\"\n                    width=\"240\"\n                    height=\"160\"\n                    style=\"max-width:100%;\"\n                \/>\n            <\/a>\n        <\/div>\n\t\t\t\t\t\t\t<\/div> \n\t\t\t\n\t\t\t\t<div id=\"ngg-image-1\" class=\"ngg-gallery-thumbnail-box \" >\n\t\t\t\t        <div class=\"ngg-gallery-thumbnail\">\n            <a href=\"https:\/\/old.atletikaolomouc.cz\/wp-content\/gallery\/hanacky-pulmaraton-2016\/DSC_7490-VC-P%C5%AFlmaraton-2016.jpg\"\n               title=\"\"\n               data-src=\"https:\/\/old.atletikaolomouc.cz\/wp-content\/gallery\/hanacky-pulmaraton-2016\/DSC_7490-VC-P%C5%AFlmaraton-2016.jpg\"\n               data-thumbnail=\"https:\/\/old.atletikaolomouc.cz\/wp-content\/gallery\/hanacky-pulmaraton-2016\/thumbs\/thumbs_DSC_7490-VC-P%C5%AFlmaraton-2016.jpg\"\n               data-image-id=\"7689\"\n               data-title=\"DSC_7490-VC-P\u016flmaraton-2016\"\n               data-description=\"\"\n               data-image-slug=\"dsc_7490-vc-p%c5%aflmaraton-2016\"\n               class=\"ngg-simplelightbox\" rel=\"3f975c376d208e883419d38a411c4ff2\">\n                <img\n                    title=\"DSC_7490-VC-P\u016flmaraton-2016\"\n                    alt=\"DSC_7490-VC-P\u016flmaraton-2016\"\n                    src=\"https:\/\/old.atletikaolomouc.cz\/wp-content\/gallery\/hanacky-pulmaraton-2016\/thumbs\/thumbs_DSC_7490-VC-P%C5%AFlmaraton-2016.jpg\"\n                    width=\"240\"\n                    height=\"160\"\n                    style=\"max-width:100%;\"\n                \/>\n            <\/a>\n        <\/div>\n\t\t\t\t\t\t\t<\/div> \n\t\t\t\n\t\t\t\t<div id=\"ngg-image-2\" class=\"ngg-gallery-thumbnail-box \" >\n\t\t\t\t        <div class=\"ngg-gallery-thumbnail\">\n            <a href=\"https:\/\/old.atletikaolomouc.cz\/wp-content\/gallery\/hanacky-pulmaraton-2016\/DSC_7494-VC-P%C5%AFlmaraton-2016.jpg\"\n               title=\"\"\n               data-src=\"https:\/\/old.atletikaolomouc.cz\/wp-content\/gallery\/hanacky-pulmaraton-2016\/DSC_7494-VC-P%C5%AFlmaraton-2016.jpg\"\n               data-thumbnail=\"https:\/\/old.atletikaolomouc.cz\/wp-content\/gallery\/hanacky-pulmaraton-2016\/thumbs\/thumbs_DSC_7494-VC-P%C5%AFlmaraton-2016.jpg\"\n               data-image-id=\"7690\"\n               data-title=\"DSC_7494-VC-P\u016flmaraton-2016\"\n               data-description=\"\"\n               data-image-slug=\"dsc_7494-vc-p%c5%aflmaraton-2016\"\n               class=\"ngg-simplelightbox\" rel=\"3f975c376d208e883419d38a411c4ff2\">\n                <img\n                    title=\"DSC_7494-VC-P\u016flmaraton-2016\"\n                    alt=\"DSC_7494-VC-P\u016flmaraton-2016\"\n                    src=\"https:\/\/old.atletikaolomouc.cz\/wp-content\/gallery\/hanacky-pulmaraton-2016\/thumbs\/thumbs_DSC_7494-VC-P%C5%AFlmaraton-2016.jpg\"\n                    width=\"240\"\n                    height=\"160\"\n                    style=\"max-width:100%;\"\n                \/>\n            <\/a>\n        <\/div>\n\t\t\t\t\t\t\t<\/div> \n\t\t\t\n\t\t\t\t<div id=\"ngg-image-3\" class=\"ngg-gallery-thumbnail-box \" >\n\t\t\t\t        <div class=\"ngg-gallery-thumbnail\">\n            <a href=\"https:\/\/old.atletikaolomouc.cz\/wp-content\/gallery\/hanacky-pulmaraton-2016\/DSC_7497-VC-P%C5%AFlmaraton-2016.jpg\"\n               title=\"\"\n               data-src=\"https:\/\/old.atletikaolomouc.cz\/wp-content\/gallery\/hanacky-pulmaraton-2016\/DSC_7497-VC-P%C5%AFlmaraton-2016.jpg\"\n               data-thumbnail=\"https:\/\/old.atletikaolomouc.cz\/wp-content\/gallery\/hanacky-pulmaraton-2016\/thumbs\/thumbs_DSC_7497-VC-P%C5%AFlmaraton-2016.jpg\"\n               data-image-id=\"7692\"\n               data-title=\"DSC_7497-VC-P\u016flmaraton-2016\"\n               data-description=\"\"\n               data-image-slug=\"dsc_7497-vc-p%c5%aflmaraton-2016\"\n               class=\"ngg-simplelightbox\" rel=\"3f975c376d208e883419d38a411c4ff2\">\n                <img\n                    title=\"DSC_7497-VC-P\u016flmaraton-2016\"\n                    alt=\"DSC_7497-VC-P\u016flmaraton-2016\"\n                    src=\"https:\/\/old.atletikaolomouc.cz\/wp-content\/gallery\/hanacky-pulmaraton-2016\/thumbs\/thumbs_DSC_7497-VC-P%C5%AFlmaraton-2016.jpg\"\n                    width=\"240\"\n                    height=\"160\"\n                    style=\"max-width:100%;\"\n                \/>\n            <\/a>\n        <\/div>\n\t\t\t\t\t\t\t<\/div> \n\t\t\t\n\t\t\t\t<div id=\"ngg-image-4\" class=\"ngg-gallery-thumbnail-box \" >\n\t\t\t\t        <div class=\"ngg-gallery-thumbnail\">\n            <a href=\"https:\/\/old.atletikaolomouc.cz\/wp-content\/gallery\/hanacky-pulmaraton-2016\/DSC_7498-VC-P%C5%AFlmaraton-2016.jpg\"\n               title=\"\"\n               data-src=\"https:\/\/old.atletikaolomouc.cz\/wp-content\/gallery\/hanacky-pulmaraton-2016\/DSC_7498-VC-P%C5%AFlmaraton-2016.jpg\"\n               data-thumbnail=\"https:\/\/old.atletikaolomouc.cz\/wp-content\/gallery\/hanacky-pulmaraton-2016\/thumbs\/thumbs_DSC_7498-VC-P%C5%AFlmaraton-2016.jpg\"\n               data-image-id=\"7694\"\n               data-title=\"DSC_7498-VC-P\u016flmaraton-2016\"\n               data-description=\"\"\n               data-image-slug=\"dsc_7498-vc-p%c5%aflmaraton-2016\"\n               class=\"ngg-simplelightbox\" rel=\"3f975c376d208e883419d38a411c4ff2\">\n                <img\n                    title=\"DSC_7498-VC-P\u016flmaraton-2016\"\n                    alt=\"DSC_7498-VC-P\u016flmaraton-2016\"\n                    src=\"https:\/\/old.atletikaolomouc.cz\/wp-content\/gallery\/hanacky-pulmaraton-2016\/thumbs\/thumbs_DSC_7498-VC-P%C5%AFlmaraton-2016.jpg\"\n                    width=\"240\"\n                    height=\"160\"\n                    style=\"max-width:100%;\"\n                \/>\n            <\/a>\n        <\/div>\n\t\t\t\t\t\t\t<\/div> \n\t\t\t\n\t\t\t\t<div id=\"ngg-image-5\" class=\"ngg-gallery-thumbnail-box \" >\n\t\t\t\t        <div class=\"ngg-gallery-thumbnail\">\n            <a href=\"https:\/\/old.atletikaolomouc.cz\/wp-content\/gallery\/hanacky-pulmaraton-2016\/DSC_7500-VC-P%C5%AFlmaraton-2016.jpg\"\n               title=\"\"\n               data-src=\"https:\/\/old.atletikaolomouc.cz\/wp-content\/gallery\/hanacky-pulmaraton-2016\/DSC_7500-VC-P%C5%AFlmaraton-2016.jpg\"\n               data-thumbnail=\"https:\/\/old.atletikaolomouc.cz\/wp-content\/gallery\/hanacky-pulmaraton-2016\/thumbs\/thumbs_DSC_7500-VC-P%C5%AFlmaraton-2016.jpg\"\n               data-image-id=\"7696\"\n               data-title=\"DSC_7500-VC-P\u016flmaraton-2016\"\n               data-description=\"\"\n               data-image-slug=\"dsc_7500-vc-p%c5%aflmaraton-2016\"\n               class=\"ngg-simplelightbox\" rel=\"3f975c376d208e883419d38a411c4ff2\">\n                <img\n                    title=\"DSC_7500-VC-P\u016flmaraton-2016\"\n                    alt=\"DSC_7500-VC-P\u016flmaraton-2016\"\n                    src=\"https:\/\/old.atletikaolomouc.cz\/wp-content\/gallery\/hanacky-pulmaraton-2016\/thumbs\/thumbs_DSC_7500-VC-P%C5%AFlmaraton-2016.jpg\"\n                    width=\"240\"\n                    height=\"160\"\n                    style=\"max-width:100%;\"\n                \/>\n            <\/a>\n        <\/div>\n\t\t\t\t\t\t\t<\/div> \n\t\t\t\n\t\t\t\t<div id=\"ngg-image-6\" class=\"ngg-gallery-thumbnail-box \" >\n\t\t\t\t        <div class=\"ngg-gallery-thumbnail\">\n            <a href=\"https:\/\/old.atletikaolomouc.cz\/wp-content\/gallery\/hanacky-pulmaraton-2016\/DSC_7501-VC-P%C5%AFlmaraton-2016a.jpg\"\n               title=\"\"\n               data-src=\"https:\/\/old.atletikaolomouc.cz\/wp-content\/gallery\/hanacky-pulmaraton-2016\/DSC_7501-VC-P%C5%AFlmaraton-2016a.jpg\"\n               data-thumbnail=\"https:\/\/old.atletikaolomouc.cz\/wp-content\/gallery\/hanacky-pulmaraton-2016\/thumbs\/thumbs_DSC_7501-VC-P%C5%AFlmaraton-2016a.jpg\"\n               data-image-id=\"7698\"\n               data-title=\"DSC_7501-VC-P\u016flmaraton-2016a\"\n               data-description=\"\"\n               data-image-slug=\"dsc_7501-vc-p%c5%aflmaraton-2016a\"\n               class=\"ngg-simplelightbox\" rel=\"3f975c376d208e883419d38a411c4ff2\">\n                <img\n                    title=\"DSC_7501-VC-P\u016flmaraton-2016a\"\n                    alt=\"DSC_7501-VC-P\u016flmaraton-2016a\"\n                    src=\"https:\/\/old.atletikaolomouc.cz\/wp-content\/gallery\/hanacky-pulmaraton-2016\/thumbs\/thumbs_DSC_7501-VC-P%C5%AFlmaraton-2016a.jpg\"\n                    width=\"240\"\n                    height=\"160\"\n                    style=\"max-width:100%;\"\n                \/>\n            <\/a>\n        <\/div>\n\t\t\t\t\t\t\t<\/div> \n\t\t\t\n\t\t\t\t<div id=\"ngg-image-7\" class=\"ngg-gallery-thumbnail-box \" >\n\t\t\t\t        <div class=\"ngg-gallery-thumbnail\">\n            <a href=\"https:\/\/old.atletikaolomouc.cz\/wp-content\/gallery\/hanacky-pulmaraton-2016\/DSC_7502-VC-P%C5%AFlmaraton-2016.jpg\"\n               title=\"\"\n               data-src=\"https:\/\/old.atletikaolomouc.cz\/wp-content\/gallery\/hanacky-pulmaraton-2016\/DSC_7502-VC-P%C5%AFlmaraton-2016.jpg\"\n               data-thumbnail=\"https:\/\/old.atletikaolomouc.cz\/wp-content\/gallery\/hanacky-pulmaraton-2016\/thumbs\/thumbs_DSC_7502-VC-P%C5%AFlmaraton-2016.jpg\"\n               data-image-id=\"7700\"\n               data-title=\"DSC_7502-VC-P\u016flmaraton-2016\"\n               data-description=\"\"\n               data-image-slug=\"dsc_7502-vc-p%c5%aflmaraton-2016\"\n               class=\"ngg-simplelightbox\" rel=\"3f975c376d208e883419d38a411c4ff2\">\n                <img\n                    title=\"DSC_7502-VC-P\u016flmaraton-2016\"\n                    alt=\"DSC_7502-VC-P\u016flmaraton-2016\"\n                    src=\"https:\/\/old.atletikaolomouc.cz\/wp-content\/gallery\/hanacky-pulmaraton-2016\/thumbs\/thumbs_DSC_7502-VC-P%C5%AFlmaraton-2016.jpg\"\n                    width=\"240\"\n                    height=\"160\"\n                    style=\"max-width:100%;\"\n                \/>\n            <\/a>\n        <\/div>\n\t\t\t\t\t\t\t<\/div> \n\t\t\t\n\t\t\t\t<div id=\"ngg-image-8\" class=\"ngg-gallery-thumbnail-box \" >\n\t\t\t\t        <div class=\"ngg-gallery-thumbnail\">\n            <a href=\"https:\/\/old.atletikaolomouc.cz\/wp-content\/gallery\/hanacky-pulmaraton-2016\/DSC_7503-VC-P%C5%AFlmaraton-2016.jpg\"\n               title=\"\"\n               data-src=\"https:\/\/old.atletikaolomouc.cz\/wp-content\/gallery\/hanacky-pulmaraton-2016\/DSC_7503-VC-P%C5%AFlmaraton-2016.jpg\"\n               data-thumbnail=\"https:\/\/old.atletikaolomouc.cz\/wp-content\/gallery\/hanacky-pulmaraton-2016\/thumbs\/thumbs_DSC_7503-VC-P%C5%AFlmaraton-2016.jpg\"\n               data-image-id=\"7702\"\n               data-title=\"DSC_7503-VC-P\u016flmaraton-2016\"\n               data-description=\"\"\n               data-image-slug=\"dsc_7503-vc-p%c5%aflmaraton-2016\"\n               class=\"ngg-simplelightbox\" rel=\"3f975c376d208e883419d38a411c4ff2\">\n                <img\n                    title=\"DSC_7503-VC-P\u016flmaraton-2016\"\n                    alt=\"DSC_7503-VC-P\u016flmaraton-2016\"\n                    src=\"https:\/\/old.atletikaolomouc.cz\/wp-content\/gallery\/hanacky-pulmaraton-2016\/thumbs\/thumbs_DSC_7503-VC-P%C5%AFlmaraton-2016.jpg\"\n                    width=\"240\"\n                    height=\"160\"\n                    style=\"max-width:100%;\"\n                \/>\n            <\/a>\n        <\/div>\n\t\t\t\t\t\t\t<\/div> \n\t\t\t\n\t\t\t\t<div id=\"ngg-image-9\" class=\"ngg-gallery-thumbnail-box \" >\n\t\t\t\t        <div class=\"ngg-gallery-thumbnail\">\n            <a href=\"https:\/\/old.atletikaolomouc.cz\/wp-content\/gallery\/hanacky-pulmaraton-2016\/DSC_7504-VC-P%C5%AFlmaraton-2016.jpg\"\n               title=\"\"\n               data-src=\"https:\/\/old.atletikaolomouc.cz\/wp-content\/gallery\/hanacky-pulmaraton-2016\/DSC_7504-VC-P%C5%AFlmaraton-2016.jpg\"\n               data-thumbnail=\"https:\/\/old.atletikaolomouc.cz\/wp-content\/gallery\/hanacky-pulmaraton-2016\/thumbs\/thumbs_DSC_7504-VC-P%C5%AFlmaraton-2016.jpg\"\n               data-image-id=\"7704\"\n               data-title=\"DSC_7504-VC-P\u016flmaraton-2016\"\n               data-description=\"\"\n               data-image-slug=\"dsc_7504-vc-p%c5%aflmaraton-2016\"\n               class=\"ngg-simplelightbox\" rel=\"3f975c376d208e883419d38a411c4ff2\">\n                <img\n                    title=\"DSC_7504-VC-P\u016flmaraton-2016\"\n                    alt=\"DSC_7504-VC-P\u016flmaraton-2016\"\n                    src=\"https:\/\/old.atletikaolomouc.cz\/wp-content\/gallery\/hanacky-pulmaraton-2016\/thumbs\/thumbs_DSC_7504-VC-P%C5%AFlmaraton-2016.jpg\"\n                    width=\"240\"\n                    height=\"160\"\n                    style=\"max-width:100%;\"\n                \/>\n            <\/a>\n        <\/div>\n\t\t\t\t\t\t\t<\/div> \n\t\t\t\n\t\t\t\t<div id=\"ngg-image-10\" class=\"ngg-gallery-thumbnail-box \" >\n\t\t\t\t        <div class=\"ngg-gallery-thumbnail\">\n            <a href=\"https:\/\/old.atletikaolomouc.cz\/wp-content\/gallery\/hanacky-pulmaraton-2016\/DSC_7506-VC-P%C5%AFlmaraton.jpg\"\n               title=\"\"\n               data-src=\"https:\/\/old.atletikaolomouc.cz\/wp-content\/gallery\/hanacky-pulmaraton-2016\/DSC_7506-VC-P%C5%AFlmaraton.jpg\"\n               data-thumbnail=\"https:\/\/old.atletikaolomouc.cz\/wp-content\/gallery\/hanacky-pulmaraton-2016\/thumbs\/thumbs_DSC_7506-VC-P%C5%AFlmaraton.jpg\"\n               data-image-id=\"7706\"\n               data-title=\"DSC_7506-VC-P\u016flmaraton\"\n               data-description=\"\"\n               data-image-slug=\"dsc_7506-vc-p%c5%aflmaraton\"\n               class=\"ngg-simplelightbox\" rel=\"3f975c376d208e883419d38a411c4ff2\">\n                <img\n                    title=\"DSC_7506-VC-P\u016flmaraton\"\n                    alt=\"DSC_7506-VC-P\u016flmaraton\"\n                    src=\"https:\/\/old.atletikaolomouc.cz\/wp-content\/gallery\/hanacky-pulmaraton-2016\/thumbs\/thumbs_DSC_7506-VC-P%C5%AFlmaraton.jpg\"\n                    width=\"240\"\n                    height=\"160\"\n                    style=\"max-width:100%;\"\n                \/>\n            <\/a>\n        <\/div>\n\t\t\t\t\t\t\t<\/div> \n\t\t\t\n\t\t\t\t<div id=\"ngg-image-11\" class=\"ngg-gallery-thumbnail-box \" >\n\t\t\t\t        <div class=\"ngg-gallery-thumbnail\">\n            <a href=\"https:\/\/old.atletikaolomouc.cz\/wp-content\/gallery\/hanacky-pulmaraton-2016\/DSC_7507-VC-P%C5%AFlmaraton-2016.jpg\"\n               title=\"\"\n               data-src=\"https:\/\/old.atletikaolomouc.cz\/wp-content\/gallery\/hanacky-pulmaraton-2016\/DSC_7507-VC-P%C5%AFlmaraton-2016.jpg\"\n               data-thumbnail=\"https:\/\/old.atletikaolomouc.cz\/wp-content\/gallery\/hanacky-pulmaraton-2016\/thumbs\/thumbs_DSC_7507-VC-P%C5%AFlmaraton-2016.jpg\"\n               data-image-id=\"7708\"\n               data-title=\"DSC_7507-VC-P\u016flmaraton-2016\"\n               data-description=\"\"\n               data-image-slug=\"dsc_7507-vc-p%c5%aflmaraton-2016\"\n               class=\"ngg-simplelightbox\" rel=\"3f975c376d208e883419d38a411c4ff2\">\n                <img\n                    title=\"DSC_7507-VC-P\u016flmaraton-2016\"\n                    alt=\"DSC_7507-VC-P\u016flmaraton-2016\"\n                    src=\"https:\/\/old.atletikaolomouc.cz\/wp-content\/gallery\/hanacky-pulmaraton-2016\/thumbs\/thumbs_DSC_7507-VC-P%C5%AFlmaraton-2016.jpg\"\n                    width=\"240\"\n                    height=\"160\"\n                    style=\"max-width:100%;\"\n                \/>\n            <\/a>\n        <\/div>\n\t\t\t\t\t\t\t<\/div> \n\t\t\t\n\t\t\t\t<div id=\"ngg-image-12\" class=\"ngg-gallery-thumbnail-box \" >\n\t\t\t\t        <div class=\"ngg-gallery-thumbnail\">\n            <a href=\"https:\/\/old.atletikaolomouc.cz\/wp-content\/gallery\/hanacky-pulmaraton-2016\/DSC_7508-VC-P%C5%AFlmaraton-2016.jpg\"\n               title=\"\"\n               data-src=\"https:\/\/old.atletikaolomouc.cz\/wp-content\/gallery\/hanacky-pulmaraton-2016\/DSC_7508-VC-P%C5%AFlmaraton-2016.jpg\"\n               data-thumbnail=\"https:\/\/old.atletikaolomouc.cz\/wp-content\/gallery\/hanacky-pulmaraton-2016\/thumbs\/thumbs_DSC_7508-VC-P%C5%AFlmaraton-2016.jpg\"\n               data-image-id=\"7710\"\n               data-title=\"DSC_7508-VC-P\u016flmaraton-2016\"\n               data-description=\"\"\n               data-image-slug=\"dsc_7508-vc-p%c5%aflmaraton-2016\"\n               class=\"ngg-simplelightbox\" rel=\"3f975c376d208e883419d38a411c4ff2\">\n                <img\n                    title=\"DSC_7508-VC-P\u016flmaraton-2016\"\n                    alt=\"DSC_7508-VC-P\u016flmaraton-2016\"\n                    src=\"https:\/\/old.atletikaolomouc.cz\/wp-content\/gallery\/hanacky-pulmaraton-2016\/thumbs\/thumbs_DSC_7508-VC-P%C5%AFlmaraton-2016.jpg\"\n                    width=\"240\"\n                    height=\"160\"\n                    style=\"max-width:100%;\"\n                \/>\n            <\/a>\n        <\/div>\n\t\t\t\t\t\t\t<\/div> \n\t\t\t\n\t\t\t\t<div id=\"ngg-image-13\" class=\"ngg-gallery-thumbnail-box \" >\n\t\t\t\t        <div class=\"ngg-gallery-thumbnail\">\n            <a href=\"https:\/\/old.atletikaolomouc.cz\/wp-content\/gallery\/hanacky-pulmaraton-2016\/DSC_7509-VC-P%C5%AFlmaraton-2016.jpg\"\n               title=\"\"\n               data-src=\"https:\/\/old.atletikaolomouc.cz\/wp-content\/gallery\/hanacky-pulmaraton-2016\/DSC_7509-VC-P%C5%AFlmaraton-2016.jpg\"\n               data-thumbnail=\"https:\/\/old.atletikaolomouc.cz\/wp-content\/gallery\/hanacky-pulmaraton-2016\/thumbs\/thumbs_DSC_7509-VC-P%C5%AFlmaraton-2016.jpg\"\n               data-image-id=\"7712\"\n               data-title=\"DSC_7509-VC-P\u016flmaraton-2016\"\n               data-description=\"\"\n               data-image-slug=\"dsc_7509-vc-p%c5%aflmaraton-2016\"\n               class=\"ngg-simplelightbox\" rel=\"3f975c376d208e883419d38a411c4ff2\">\n                <img\n                    title=\"DSC_7509-VC-P\u016flmaraton-2016\"\n                    alt=\"DSC_7509-VC-P\u016flmaraton-2016\"\n                    src=\"https:\/\/old.atletikaolomouc.cz\/wp-content\/gallery\/hanacky-pulmaraton-2016\/thumbs\/thumbs_DSC_7509-VC-P%C5%AFlmaraton-2016.jpg\"\n                    width=\"240\"\n                    height=\"160\"\n                    style=\"max-width:100%;\"\n                \/>\n            <\/a>\n        <\/div>\n\t\t\t\t\t\t\t<\/div> \n\t\t\t\n\t\t\t\t<div id=\"ngg-image-14\" class=\"ngg-gallery-thumbnail-box \" >\n\t\t\t\t        <div class=\"ngg-gallery-thumbnail\">\n            <a href=\"https:\/\/old.atletikaolomouc.cz\/wp-content\/gallery\/hanacky-pulmaraton-2016\/DSC_7510-VC-P%C5%AFlmaraton-2016.jpg\"\n               title=\"\"\n               data-src=\"https:\/\/old.atletikaolomouc.cz\/wp-content\/gallery\/hanacky-pulmaraton-2016\/DSC_7510-VC-P%C5%AFlmaraton-2016.jpg\"\n               data-thumbnail=\"https:\/\/old.atletikaolomouc.cz\/wp-content\/gallery\/hanacky-pulmaraton-2016\/thumbs\/thumbs_DSC_7510-VC-P%C5%AFlmaraton-2016.jpg\"\n               data-image-id=\"7714\"\n               data-title=\"DSC_7510-VC-P\u016flmaraton-2016\"\n               data-description=\"\"\n               data-image-slug=\"dsc_7510-vc-p%c5%aflmaraton-2016\"\n               class=\"ngg-simplelightbox\" rel=\"3f975c376d208e883419d38a411c4ff2\">\n                <img\n                    title=\"DSC_7510-VC-P\u016flmaraton-2016\"\n                    alt=\"DSC_7510-VC-P\u016flmaraton-2016\"\n                    src=\"https:\/\/old.atletikaolomouc.cz\/wp-content\/gallery\/hanacky-pulmaraton-2016\/thumbs\/thumbs_DSC_7510-VC-P%C5%AFlmaraton-2016.jpg\"\n                    width=\"240\"\n                    height=\"160\"\n                    style=\"max-width:100%;\"\n                \/>\n            <\/a>\n        <\/div>\n\t\t\t\t\t\t\t<\/div> \n\t\t\t\n\t\t\t\t<div id=\"ngg-image-15\" class=\"ngg-gallery-thumbnail-box \" >\n\t\t\t\t        <div class=\"ngg-gallery-thumbnail\">\n            <a href=\"https:\/\/old.atletikaolomouc.cz\/wp-content\/gallery\/hanacky-pulmaraton-2016\/DSC_7511-VC-P%C5%AFlmaraton-2016.jpg\"\n               title=\"\"\n               data-src=\"https:\/\/old.atletikaolomouc.cz\/wp-content\/gallery\/hanacky-pulmaraton-2016\/DSC_7511-VC-P%C5%AFlmaraton-2016.jpg\"\n               data-thumbnail=\"https:\/\/old.atletikaolomouc.cz\/wp-content\/gallery\/hanacky-pulmaraton-2016\/thumbs\/thumbs_DSC_7511-VC-P%C5%AFlmaraton-2016.jpg\"\n               data-image-id=\"7716\"\n               data-title=\"DSC_7511-VC-P\u016flmaraton-2016\"\n               data-description=\"\"\n               data-image-slug=\"dsc_7511-vc-p%c5%aflmaraton-2016\"\n               class=\"ngg-simplelightbox\" rel=\"3f975c376d208e883419d38a411c4ff2\">\n                <img\n                    title=\"DSC_7511-VC-P\u016flmaraton-2016\"\n                    alt=\"DSC_7511-VC-P\u016flmaraton-2016\"\n                    src=\"https:\/\/old.atletikaolomouc.cz\/wp-content\/gallery\/hanacky-pulmaraton-2016\/thumbs\/thumbs_DSC_7511-VC-P%C5%AFlmaraton-2016.jpg\"\n                    width=\"240\"\n                    height=\"160\"\n                    style=\"max-width:100%;\"\n                \/>\n            <\/a>\n        <\/div>\n\t\t\t\t\t\t\t<\/div> \n\t\t\t\n\t\t\t\t<div id=\"ngg-image-16\" class=\"ngg-gallery-thumbnail-box \" >\n\t\t\t\t        <div class=\"ngg-gallery-thumbnail\">\n            <a href=\"https:\/\/old.atletikaolomouc.cz\/wp-content\/gallery\/hanacky-pulmaraton-2016\/DSC_7513-VC-P%C5%AFlmaraton-2016.jpg\"\n               title=\"\"\n               data-src=\"https:\/\/old.atletikaolomouc.cz\/wp-content\/gallery\/hanacky-pulmaraton-2016\/DSC_7513-VC-P%C5%AFlmaraton-2016.jpg\"\n               data-thumbnail=\"https:\/\/old.atletikaolomouc.cz\/wp-content\/gallery\/hanacky-pulmaraton-2016\/thumbs\/thumbs_DSC_7513-VC-P%C5%AFlmaraton-2016.jpg\"\n               data-image-id=\"7718\"\n               data-title=\"DSC_7513-VC-P\u016flmaraton-2016\"\n               data-description=\"\"\n               data-image-slug=\"dsc_7513-vc-p%c5%aflmaraton-2016\"\n               class=\"ngg-simplelightbox\" rel=\"3f975c376d208e883419d38a411c4ff2\">\n                <img\n                    title=\"DSC_7513-VC-P\u016flmaraton-2016\"\n                    alt=\"DSC_7513-VC-P\u016flmaraton-2016\"\n                    src=\"https:\/\/old.atletikaolomouc.cz\/wp-content\/gallery\/hanacky-pulmaraton-2016\/thumbs\/thumbs_DSC_7513-VC-P%C5%AFlmaraton-2016.jpg\"\n                    width=\"240\"\n                    height=\"160\"\n                    style=\"max-width:100%;\"\n                \/>\n            <\/a>\n        <\/div>\n\t\t\t\t\t\t\t<\/div> \n\t\t\t\n\t\t\t\t<div id=\"ngg-image-17\" class=\"ngg-gallery-thumbnail-box \" >\n\t\t\t\t        <div class=\"ngg-gallery-thumbnail\">\n            <a href=\"https:\/\/old.atletikaolomouc.cz\/wp-content\/gallery\/hanacky-pulmaraton-2016\/DSC_7514-VC-P%C5%AFlmaraton-2016.jpg\"\n               title=\"\"\n               data-src=\"https:\/\/old.atletikaolomouc.cz\/wp-content\/gallery\/hanacky-pulmaraton-2016\/DSC_7514-VC-P%C5%AFlmaraton-2016.jpg\"\n               data-thumbnail=\"https:\/\/old.atletikaolomouc.cz\/wp-content\/gallery\/hanacky-pulmaraton-2016\/thumbs\/thumbs_DSC_7514-VC-P%C5%AFlmaraton-2016.jpg\"\n               data-image-id=\"7720\"\n               data-title=\"DSC_7514-VC-P\u016flmaraton-2016\"\n               data-description=\"\"\n               data-image-slug=\"dsc_7514-vc-p%c5%aflmaraton-2016\"\n               class=\"ngg-simplelightbox\" rel=\"3f975c376d208e883419d38a411c4ff2\">\n                <img\n                    title=\"DSC_7514-VC-P\u016flmaraton-2016\"\n                    alt=\"DSC_7514-VC-P\u016flmaraton-2016\"\n                    src=\"https:\/\/old.atletikaolomouc.cz\/wp-content\/gallery\/hanacky-pulmaraton-2016\/thumbs\/thumbs_DSC_7514-VC-P%C5%AFlmaraton-2016.jpg\"\n                    width=\"240\"\n                    height=\"160\"\n                    style=\"max-width:100%;\"\n                \/>\n            <\/a>\n        <\/div>\n\t\t\t\t\t\t\t<\/div> \n\t\t\t\n\t\t\t\t<div id=\"ngg-image-18\" class=\"ngg-gallery-thumbnail-box \" >\n\t\t\t\t        <div class=\"ngg-gallery-thumbnail\">\n            <a href=\"https:\/\/old.atletikaolomouc.cz\/wp-content\/gallery\/hanacky-pulmaraton-2016\/DSC_7515-VC-P%C5%AFlmaraton-2016.jpg\"\n               title=\"\"\n               data-src=\"https:\/\/old.atletikaolomouc.cz\/wp-content\/gallery\/hanacky-pulmaraton-2016\/DSC_7515-VC-P%C5%AFlmaraton-2016.jpg\"\n               data-thumbnail=\"https:\/\/old.atletikaolomouc.cz\/wp-content\/gallery\/hanacky-pulmaraton-2016\/thumbs\/thumbs_DSC_7515-VC-P%C5%AFlmaraton-2016.jpg\"\n               data-image-id=\"7722\"\n               data-title=\"DSC_7515-VC-P\u016flmaraton-2016\"\n               data-description=\"\"\n               data-image-slug=\"dsc_7515-vc-p%c5%aflmaraton-2016\"\n               class=\"ngg-simplelightbox\" rel=\"3f975c376d208e883419d38a411c4ff2\">\n                <img\n                    title=\"DSC_7515-VC-P\u016flmaraton-2016\"\n                    alt=\"DSC_7515-VC-P\u016flmaraton-2016\"\n                    src=\"https:\/\/old.atletikaolomouc.cz\/wp-content\/gallery\/hanacky-pulmaraton-2016\/thumbs\/thumbs_DSC_7515-VC-P%C5%AFlmaraton-2016.jpg\"\n                    width=\"240\"\n                    height=\"160\"\n                    style=\"max-width:100%;\"\n                \/>\n            <\/a>\n        <\/div>\n\t\t\t\t\t\t\t<\/div> \n\t\t\t\n\t\t\t\t<div id=\"ngg-image-19\" class=\"ngg-gallery-thumbnail-box \" >\n\t\t\t\t        <div class=\"ngg-gallery-thumbnail\">\n            <a href=\"https:\/\/old.atletikaolomouc.cz\/wp-content\/gallery\/hanacky-pulmaraton-2016\/DSC_7516-VC-P%C5%AFlmaraton-2016.jpg\"\n               title=\"\"\n               data-src=\"https:\/\/old.atletikaolomouc.cz\/wp-content\/gallery\/hanacky-pulmaraton-2016\/DSC_7516-VC-P%C5%AFlmaraton-2016.jpg\"\n               data-thumbnail=\"https:\/\/old.atletikaolomouc.cz\/wp-content\/gallery\/hanacky-pulmaraton-2016\/thumbs\/thumbs_DSC_7516-VC-P%C5%AFlmaraton-2016.jpg\"\n               data-image-id=\"7724\"\n               data-title=\"DSC_7516-VC-P\u016flmaraton-2016\"\n               data-description=\"\"\n               data-image-slug=\"dsc_7516-vc-p%c5%aflmaraton-2016\"\n               class=\"ngg-simplelightbox\" rel=\"3f975c376d208e883419d38a411c4ff2\">\n                <img\n                    title=\"DSC_7516-VC-P\u016flmaraton-2016\"\n                    alt=\"DSC_7516-VC-P\u016flmaraton-2016\"\n                    src=\"https:\/\/old.atletikaolomouc.cz\/wp-content\/gallery\/hanacky-pulmaraton-2016\/thumbs\/thumbs_DSC_7516-VC-P%C5%AFlmaraton-2016.jpg\"\n                    width=\"240\"\n                    height=\"160\"\n                    style=\"max-width:100%;\"\n                \/>\n            <\/a>\n        <\/div>\n\t\t\t\t\t\t\t<\/div> \n\t\t\t\n\t\t\t\t<div id=\"ngg-image-20\" class=\"ngg-gallery-thumbnail-box \" >\n\t\t\t\t        <div class=\"ngg-gallery-thumbnail\">\n            <a href=\"https:\/\/old.atletikaolomouc.cz\/wp-content\/gallery\/hanacky-pulmaraton-2016\/DSC_7517-VC-P%C5%AFlmaraton-2016.jpg\"\n               title=\"\"\n               data-src=\"https:\/\/old.atletikaolomouc.cz\/wp-content\/gallery\/hanacky-pulmaraton-2016\/DSC_7517-VC-P%C5%AFlmaraton-2016.jpg\"\n               data-thumbnail=\"https:\/\/old.atletikaolomouc.cz\/wp-content\/gallery\/hanacky-pulmaraton-2016\/thumbs\/thumbs_DSC_7517-VC-P%C5%AFlmaraton-2016.jpg\"\n               data-image-id=\"7726\"\n               data-title=\"DSC_7517-VC-P\u016flmaraton-2016\"\n               data-description=\"\"\n               data-image-slug=\"dsc_7517-vc-p%c5%aflmaraton-2016\"\n               class=\"ngg-simplelightbox\" rel=\"3f975c376d208e883419d38a411c4ff2\">\n                <img\n                    title=\"DSC_7517-VC-P\u016flmaraton-2016\"\n                    alt=\"DSC_7517-VC-P\u016flmaraton-2016\"\n                    src=\"https:\/\/old.atletikaolomouc.cz\/wp-content\/gallery\/hanacky-pulmaraton-2016\/thumbs\/thumbs_DSC_7517-VC-P%C5%AFlmaraton-2016.jpg\"\n                    width=\"240\"\n                    height=\"160\"\n                    style=\"max-width:100%;\"\n                \/>\n            <\/a>\n        <\/div>\n\t\t\t\t\t\t\t<\/div> \n\t\t\t\n\t\t\t\t<div id=\"ngg-image-21\" class=\"ngg-gallery-thumbnail-box \" >\n\t\t\t\t        <div class=\"ngg-gallery-thumbnail\">\n            <a href=\"https:\/\/old.atletikaolomouc.cz\/wp-content\/gallery\/hanacky-pulmaraton-2016\/DSC_7518-VC-P%C5%AFlmaraton-2016.jpg\"\n               title=\"\"\n               data-src=\"https:\/\/old.atletikaolomouc.cz\/wp-content\/gallery\/hanacky-pulmaraton-2016\/DSC_7518-VC-P%C5%AFlmaraton-2016.jpg\"\n               data-thumbnail=\"https:\/\/old.atletikaolomouc.cz\/wp-content\/gallery\/hanacky-pulmaraton-2016\/thumbs\/thumbs_DSC_7518-VC-P%C5%AFlmaraton-2016.jpg\"\n               data-image-id=\"7728\"\n               data-title=\"DSC_7518-VC-P\u016flmaraton-2016\"\n               data-description=\"\"\n               data-image-slug=\"dsc_7518-vc-p%c5%aflmaraton-2016\"\n               class=\"ngg-simplelightbox\" rel=\"3f975c376d208e883419d38a411c4ff2\">\n                <img\n                    title=\"DSC_7518-VC-P\u016flmaraton-2016\"\n                    alt=\"DSC_7518-VC-P\u016flmaraton-2016\"\n                    src=\"https:\/\/old.atletikaolomouc.cz\/wp-content\/gallery\/hanacky-pulmaraton-2016\/thumbs\/thumbs_DSC_7518-VC-P%C5%AFlmaraton-2016.jpg\"\n                    width=\"240\"\n                    height=\"160\"\n                    style=\"max-width:100%;\"\n                \/>\n            <\/a>\n        <\/div>\n\t\t\t\t\t\t\t<\/div> \n\t\t\t\n\t\t\t\t<div id=\"ngg-image-22\" class=\"ngg-gallery-thumbnail-box \" >\n\t\t\t\t        <div class=\"ngg-gallery-thumbnail\">\n            <a href=\"https:\/\/old.atletikaolomouc.cz\/wp-content\/gallery\/hanacky-pulmaraton-2016\/DSC_7519-VC-P%C5%AFlmaraton-2016.jpg\"\n               title=\"\"\n               data-src=\"https:\/\/old.atletikaolomouc.cz\/wp-content\/gallery\/hanacky-pulmaraton-2016\/DSC_7519-VC-P%C5%AFlmaraton-2016.jpg\"\n               data-thumbnail=\"https:\/\/old.atletikaolomouc.cz\/wp-content\/gallery\/hanacky-pulmaraton-2016\/thumbs\/thumbs_DSC_7519-VC-P%C5%AFlmaraton-2016.jpg\"\n               data-image-id=\"7730\"\n               data-title=\"DSC_7519-VC-P\u016flmaraton-2016\"\n               data-description=\"\"\n               data-image-slug=\"dsc_7519-vc-p%c5%aflmaraton-2016\"\n               class=\"ngg-simplelightbox\" rel=\"3f975c376d208e883419d38a411c4ff2\">\n                <img\n                    title=\"DSC_7519-VC-P\u016flmaraton-2016\"\n                    alt=\"DSC_7519-VC-P\u016flmaraton-2016\"\n                    src=\"https:\/\/old.atletikaolomouc.cz\/wp-content\/gallery\/hanacky-pulmaraton-2016\/thumbs\/thumbs_DSC_7519-VC-P%C5%AFlmaraton-2016.jpg\"\n                    width=\"240\"\n                    height=\"160\"\n                    style=\"max-width:100%;\"\n                \/>\n            <\/a>\n        <\/div>\n\t\t\t\t\t\t\t<\/div> \n\t\t\t\n\t\t\t\t<div id=\"ngg-image-23\" class=\"ngg-gallery-thumbnail-box \" >\n\t\t\t\t        <div class=\"ngg-gallery-thumbnail\">\n            <a href=\"https:\/\/old.atletikaolomouc.cz\/wp-content\/gallery\/hanacky-pulmaraton-2016\/DSC_7520-VC-P%C5%AFlmaraton-2016.jpg\"\n               title=\"\"\n               data-src=\"https:\/\/old.atletikaolomouc.cz\/wp-content\/gallery\/hanacky-pulmaraton-2016\/DSC_7520-VC-P%C5%AFlmaraton-2016.jpg\"\n               data-thumbnail=\"https:\/\/old.atletikaolomouc.cz\/wp-content\/gallery\/hanacky-pulmaraton-2016\/thumbs\/thumbs_DSC_7520-VC-P%C5%AFlmaraton-2016.jpg\"\n               data-image-id=\"7732\"\n               data-title=\"DSC_7520-VC-P\u016flmaraton-2016\"\n               data-description=\"\"\n               data-image-slug=\"dsc_7520-vc-p%c5%aflmaraton-2016\"\n               class=\"ngg-simplelightbox\" rel=\"3f975c376d208e883419d38a411c4ff2\">\n                <img\n                    title=\"DSC_7520-VC-P\u016flmaraton-2016\"\n                    alt=\"DSC_7520-VC-P\u016flmaraton-2016\"\n                    src=\"https:\/\/old.atletikaolomouc.cz\/wp-content\/gallery\/hanacky-pulmaraton-2016\/thumbs\/thumbs_DSC_7520-VC-P%C5%AFlmaraton-2016.jpg\"\n                    width=\"240\"\n                    height=\"160\"\n                    style=\"max-width:100%;\"\n                \/>\n            <\/a>\n        <\/div>\n\t\t\t\t\t\t\t<\/div> \n\t\t\t\n\t\n\t<br style=\"clear: both\" \/>\n\n\t\n\t\t<!-- Pagination -->\n\t<div class='ngg-navigation'><span class='current'>1<\/span>\n<a class='page-numbers' data-pageid='2' href='https:\/\/old.atletikaolomouc.cz\/index.php\/nggallery\/page\/2?p=22413'>2<\/a>\n<a class='page-numbers' data-pageid='3' href='https:\/\/old.atletikaolomouc.cz\/index.php\/nggallery\/page\/3?p=22413'>3<\/a>\n<a class='prev' href='https:\/\/old.atletikaolomouc.cz\/index.php\/nggallery\/page\/2?p=22413' data-pageid=2>&#9658;<\/a><\/div>\t<\/div>\n\n","protected":false},"excerpt":{"rendered":"<p>V p\u00e1tek 22. dubna se v Olomouci konal dal\u0161\u00ed ro\u010dn\u00edk Han\u00e1ck\u00e9ho p\u016flmaratonu.<\/p>\n","protected":false},"author":14,"featured_media":0,"comment_status":"closed","ping_status":"closed","sticky":false,"template":"","format":"standard","meta":{"ngg_post_thumbnail":0},"categories":[57],"tags":[],"_links":{"self":[{"href":"https:\/\/old.atletikaolomouc.cz\/index.php?rest_route=\/wp\/v2\/posts\/22413"}],"collection":[{"href":"https:\/\/old.atletikaolomouc.cz\/index.php?rest_route=\/wp\/v2\/posts"}],"about":[{"href":"https:\/\/old.atletikaolomouc.cz\/index.php?rest_route=\/wp\/v2\/types\/post"}],"author":[{"embeddable":true,"href":"https:\/\/old.atletikaolomouc.cz\/index.php?rest_route=\/wp\/v2\/users\/14"}],"replies":[{"embeddable":true,"href":"https:\/\/old.atletikaolomouc.cz\/index.php?rest_route=%2Fwp%2Fv2%2Fcomments&post=22413"}],"version-history":[{"count":1,"href":"https:\/\/old.atletikaolomouc.cz\/index.php?rest_route=\/wp\/v2\/posts\/22413\/revisions"}],"predecessor-version":[{"id":22417,"href":"https:\/\/old.atletikaolomouc.cz\/index.php?rest_route=\/wp\/v2\/posts\/22413\/revisions\/22417"}],"wp:attachment":[{"href":"https:\/\/old.atletikaolomouc.cz\/index.php?rest_route=%2Fwp%2Fv2%2Fmedia&parent=22413"}],"wp:term":[{"taxonomy":"category","embeddable":true,"href":"https:\/\/old.atletikaolomouc.cz\/index.php?rest_route=%2Fwp%2Fv2%2Fcategories&post=22413"},{"taxonomy":"post_tag","embeddable":true,"href":"https:\/\/old.atletikaolomouc.cz\/index.php?rest_route=%2Fwp%2Fv2%2Ftags&post=22413"}],"curies":[{"name":"wp","href":"https:\/\/api.w.org\/{rel}","templated":true}]}}