{"id":22915,"date":"2021-01-21T14:53:49","date_gmt":"2021-01-21T13:53:49","guid":{"rendered":"https:\/\/www.atletikaolomouc.cz\/?p=22915"},"modified":"2021-01-21T14:58:25","modified_gmt":"2021-01-21T13:58:25","slug":"beh-kolem-moravy","status":"publish","type":"post","link":"https:\/\/old.atletikaolomouc.cz\/?p=22915","title":{"rendered":"B\u011bh kolem Moravy 2016 &#8211; foto"},"content":{"rendered":"<p><a href=\"https:\/\/www.atletikaolomouc.cz\/wp-content\/uploads\/2021\/01\/DSC_8644-VC-Morava-2013.jpg\"><img decoding=\"async\" loading=\"lazy\" class=\"alignleft size-thumbnail wp-image-22933\" src=\"https:\/\/www.atletikaolomouc.cz\/wp-content\/uploads\/2021\/01\/DSC_8644-VC-Morava-2013-150x150.jpg\" alt=\"\" width=\"150\" height=\"150\"><\/a>V pond\u011bl\u00ed 10. \u0159\u00edjna se v Olomouci konal dal\u0161\u00ed ro\u010dn\u00edk tradi\u010dn\u00edho B\u011bhu kolem Moravy.<!--more--><\/p>\n<!-- default-view.php -->\n<div\n\tclass=\"ngg-galleryoverview default-view \"\n\tid=\"ngg-gallery-42834ac0d966f2f5d0e7a5733e64ea9a-1\">\n\n\t\t<!-- Thumbnails -->\n\t\t\t\t<div id=\"ngg-image-0\" class=\"ngg-gallery-thumbnail-box \" >\n\t\t\t\t        <div class=\"ngg-gallery-thumbnail\">\n            <a href=\"https:\/\/old.atletikaolomouc.cz\/wp-content\/gallery\/beh-kolem-moravy-2016\/DSC_8635-VC-Morava-2016.jpg\"\n               title=\"\"\n               data-src=\"https:\/\/old.atletikaolomouc.cz\/wp-content\/gallery\/beh-kolem-moravy-2016\/DSC_8635-VC-Morava-2016.jpg\"\n               data-thumbnail=\"https:\/\/old.atletikaolomouc.cz\/wp-content\/gallery\/beh-kolem-moravy-2016\/thumbs\/thumbs_DSC_8635-VC-Morava-2016.jpg\"\n               data-image-id=\"8272\"\n               data-title=\"DSC_8635-VC-Morava-2016\"\n               data-description=\"\"\n               data-image-slug=\"dsc_8635-vc-morava-2016\"\n               class=\"ngg-simplelightbox\" rel=\"42834ac0d966f2f5d0e7a5733e64ea9a\">\n                <img\n                    title=\"DSC_8635-VC-Morava-2016\"\n                    alt=\"DSC_8635-VC-Morava-2016\"\n                    src=\"https:\/\/old.atletikaolomouc.cz\/wp-content\/gallery\/beh-kolem-moravy-2016\/thumbs\/thumbs_DSC_8635-VC-Morava-2016.jpg\"\n                    width=\"240\"\n                    height=\"160\"\n                    style=\"max-width:100%;\"\n                \/>\n            <\/a>\n        <\/div>\n\t\t\t\t\t\t\t<\/div> \n\t\t\t\n\t\t\t\t<div id=\"ngg-image-1\" class=\"ngg-gallery-thumbnail-box \" >\n\t\t\t\t        <div class=\"ngg-gallery-thumbnail\">\n            <a href=\"https:\/\/old.atletikaolomouc.cz\/wp-content\/gallery\/beh-kolem-moravy-2016\/DSC_8636-VC-Morava-2016.jpg\"\n               title=\"\"\n               data-src=\"https:\/\/old.atletikaolomouc.cz\/wp-content\/gallery\/beh-kolem-moravy-2016\/DSC_8636-VC-Morava-2016.jpg\"\n               data-thumbnail=\"https:\/\/old.atletikaolomouc.cz\/wp-content\/gallery\/beh-kolem-moravy-2016\/thumbs\/thumbs_DSC_8636-VC-Morava-2016.jpg\"\n               data-image-id=\"8274\"\n               data-title=\"DSC_8636-VC-Morava-2016\"\n               data-description=\"\"\n               data-image-slug=\"dsc_8636-vc-morava-2016\"\n               class=\"ngg-simplelightbox\" rel=\"42834ac0d966f2f5d0e7a5733e64ea9a\">\n                <img\n                    title=\"DSC_8636-VC-Morava-2016\"\n                    alt=\"DSC_8636-VC-Morava-2016\"\n                    src=\"https:\/\/old.atletikaolomouc.cz\/wp-content\/gallery\/beh-kolem-moravy-2016\/thumbs\/thumbs_DSC_8636-VC-Morava-2016.jpg\"\n                    width=\"240\"\n                    height=\"160\"\n                    style=\"max-width:100%;\"\n                \/>\n            <\/a>\n        <\/div>\n\t\t\t\t\t\t\t<\/div> \n\t\t\t\n\t\t\t\t<div id=\"ngg-image-2\" class=\"ngg-gallery-thumbnail-box \" >\n\t\t\t\t        <div class=\"ngg-gallery-thumbnail\">\n            <a href=\"https:\/\/old.atletikaolomouc.cz\/wp-content\/gallery\/beh-kolem-moravy-2016\/DSC_8637-VC-Morava-2016.jpg\"\n               title=\"\"\n               data-src=\"https:\/\/old.atletikaolomouc.cz\/wp-content\/gallery\/beh-kolem-moravy-2016\/DSC_8637-VC-Morava-2016.jpg\"\n               data-thumbnail=\"https:\/\/old.atletikaolomouc.cz\/wp-content\/gallery\/beh-kolem-moravy-2016\/thumbs\/thumbs_DSC_8637-VC-Morava-2016.jpg\"\n               data-image-id=\"8276\"\n               data-title=\"DSC_8637-VC-Morava-2016\"\n               data-description=\"\"\n               data-image-slug=\"dsc_8637-vc-morava-2016\"\n               class=\"ngg-simplelightbox\" rel=\"42834ac0d966f2f5d0e7a5733e64ea9a\">\n                <img\n                    title=\"DSC_8637-VC-Morava-2016\"\n                    alt=\"DSC_8637-VC-Morava-2016\"\n                    src=\"https:\/\/old.atletikaolomouc.cz\/wp-content\/gallery\/beh-kolem-moravy-2016\/thumbs\/thumbs_DSC_8637-VC-Morava-2016.jpg\"\n                    width=\"240\"\n                    height=\"160\"\n                    style=\"max-width:100%;\"\n                \/>\n            <\/a>\n        <\/div>\n\t\t\t\t\t\t\t<\/div> \n\t\t\t\n\t\t\t\t<div id=\"ngg-image-3\" class=\"ngg-gallery-thumbnail-box \" >\n\t\t\t\t        <div class=\"ngg-gallery-thumbnail\">\n            <a href=\"https:\/\/old.atletikaolomouc.cz\/wp-content\/gallery\/beh-kolem-moravy-2016\/DSC_8638-VC-Morava-2016.jpg\"\n               title=\"\"\n               data-src=\"https:\/\/old.atletikaolomouc.cz\/wp-content\/gallery\/beh-kolem-moravy-2016\/DSC_8638-VC-Morava-2016.jpg\"\n               data-thumbnail=\"https:\/\/old.atletikaolomouc.cz\/wp-content\/gallery\/beh-kolem-moravy-2016\/thumbs\/thumbs_DSC_8638-VC-Morava-2016.jpg\"\n               data-image-id=\"8278\"\n               data-title=\"DSC_8638-VC-Morava-2016\"\n               data-description=\"\"\n               data-image-slug=\"dsc_8638-vc-morava-2016\"\n               class=\"ngg-simplelightbox\" rel=\"42834ac0d966f2f5d0e7a5733e64ea9a\">\n                <img\n                    title=\"DSC_8638-VC-Morava-2016\"\n                    alt=\"DSC_8638-VC-Morava-2016\"\n                    src=\"https:\/\/old.atletikaolomouc.cz\/wp-content\/gallery\/beh-kolem-moravy-2016\/thumbs\/thumbs_DSC_8638-VC-Morava-2016.jpg\"\n                    width=\"240\"\n                    height=\"160\"\n                    style=\"max-width:100%;\"\n                \/>\n            <\/a>\n        <\/div>\n\t\t\t\t\t\t\t<\/div> \n\t\t\t\n\t\t\t\t<div id=\"ngg-image-4\" class=\"ngg-gallery-thumbnail-box \" >\n\t\t\t\t        <div class=\"ngg-gallery-thumbnail\">\n            <a href=\"https:\/\/old.atletikaolomouc.cz\/wp-content\/gallery\/beh-kolem-moravy-2016\/DSC_8639-VC-Morava-2016.jpg\"\n               title=\"\"\n               data-src=\"https:\/\/old.atletikaolomouc.cz\/wp-content\/gallery\/beh-kolem-moravy-2016\/DSC_8639-VC-Morava-2016.jpg\"\n               data-thumbnail=\"https:\/\/old.atletikaolomouc.cz\/wp-content\/gallery\/beh-kolem-moravy-2016\/thumbs\/thumbs_DSC_8639-VC-Morava-2016.jpg\"\n               data-image-id=\"8281\"\n               data-title=\"DSC_8639-VC-Morava-2016\"\n               data-description=\"\"\n               data-image-slug=\"dsc_8639-vc-morava-2016\"\n               class=\"ngg-simplelightbox\" rel=\"42834ac0d966f2f5d0e7a5733e64ea9a\">\n                <img\n                    title=\"DSC_8639-VC-Morava-2016\"\n                    alt=\"DSC_8639-VC-Morava-2016\"\n                    src=\"https:\/\/old.atletikaolomouc.cz\/wp-content\/gallery\/beh-kolem-moravy-2016\/thumbs\/thumbs_DSC_8639-VC-Morava-2016.jpg\"\n                    width=\"240\"\n                    height=\"160\"\n                    style=\"max-width:100%;\"\n                \/>\n            <\/a>\n        <\/div>\n\t\t\t\t\t\t\t<\/div> \n\t\t\t\n\t\t\t\t<div id=\"ngg-image-5\" class=\"ngg-gallery-thumbnail-box \" >\n\t\t\t\t        <div class=\"ngg-gallery-thumbnail\">\n            <a href=\"https:\/\/old.atletikaolomouc.cz\/wp-content\/gallery\/beh-kolem-moravy-2016\/DSC_8640-VC-Morava-2016.jpg\"\n               title=\"\"\n               data-src=\"https:\/\/old.atletikaolomouc.cz\/wp-content\/gallery\/beh-kolem-moravy-2016\/DSC_8640-VC-Morava-2016.jpg\"\n               data-thumbnail=\"https:\/\/old.atletikaolomouc.cz\/wp-content\/gallery\/beh-kolem-moravy-2016\/thumbs\/thumbs_DSC_8640-VC-Morava-2016.jpg\"\n               data-image-id=\"8283\"\n               data-title=\"DSC_8640-VC-Morava-2016\"\n               data-description=\"\"\n               data-image-slug=\"dsc_8640-vc-morava-2016\"\n               class=\"ngg-simplelightbox\" rel=\"42834ac0d966f2f5d0e7a5733e64ea9a\">\n                <img\n                    title=\"DSC_8640-VC-Morava-2016\"\n                    alt=\"DSC_8640-VC-Morava-2016\"\n                    src=\"https:\/\/old.atletikaolomouc.cz\/wp-content\/gallery\/beh-kolem-moravy-2016\/thumbs\/thumbs_DSC_8640-VC-Morava-2016.jpg\"\n                    width=\"240\"\n                    height=\"160\"\n                    style=\"max-width:100%;\"\n                \/>\n            <\/a>\n        <\/div>\n\t\t\t\t\t\t\t<\/div> \n\t\t\t\n\t\t\t\t<div id=\"ngg-image-6\" class=\"ngg-gallery-thumbnail-box \" >\n\t\t\t\t        <div class=\"ngg-gallery-thumbnail\">\n            <a href=\"https:\/\/old.atletikaolomouc.cz\/wp-content\/gallery\/beh-kolem-moravy-2016\/DSC_8642-VC-Morava-2016.jpg\"\n               title=\"\"\n               data-src=\"https:\/\/old.atletikaolomouc.cz\/wp-content\/gallery\/beh-kolem-moravy-2016\/DSC_8642-VC-Morava-2016.jpg\"\n               data-thumbnail=\"https:\/\/old.atletikaolomouc.cz\/wp-content\/gallery\/beh-kolem-moravy-2016\/thumbs\/thumbs_DSC_8642-VC-Morava-2016.jpg\"\n               data-image-id=\"8285\"\n               data-title=\"DSC_8642-VC-Morava-2016\"\n               data-description=\"\"\n               data-image-slug=\"dsc_8642-vc-morava-2016\"\n               class=\"ngg-simplelightbox\" rel=\"42834ac0d966f2f5d0e7a5733e64ea9a\">\n                <img\n                    title=\"DSC_8642-VC-Morava-2016\"\n                    alt=\"DSC_8642-VC-Morava-2016\"\n                    src=\"https:\/\/old.atletikaolomouc.cz\/wp-content\/gallery\/beh-kolem-moravy-2016\/thumbs\/thumbs_DSC_8642-VC-Morava-2016.jpg\"\n                    width=\"240\"\n                    height=\"160\"\n                    style=\"max-width:100%;\"\n                \/>\n            <\/a>\n        <\/div>\n\t\t\t\t\t\t\t<\/div> \n\t\t\t\n\t\t\t\t<div id=\"ngg-image-7\" class=\"ngg-gallery-thumbnail-box \" >\n\t\t\t\t        <div class=\"ngg-gallery-thumbnail\">\n            <a href=\"https:\/\/old.atletikaolomouc.cz\/wp-content\/gallery\/beh-kolem-moravy-2016\/DSC_8643-VC-Morava-2016.jpg\"\n               title=\"\"\n               data-src=\"https:\/\/old.atletikaolomouc.cz\/wp-content\/gallery\/beh-kolem-moravy-2016\/DSC_8643-VC-Morava-2016.jpg\"\n               data-thumbnail=\"https:\/\/old.atletikaolomouc.cz\/wp-content\/gallery\/beh-kolem-moravy-2016\/thumbs\/thumbs_DSC_8643-VC-Morava-2016.jpg\"\n               data-image-id=\"8287\"\n               data-title=\"DSC_8643-VC-Morava-2016\"\n               data-description=\"\"\n               data-image-slug=\"dsc_8643-vc-morava-2016\"\n               class=\"ngg-simplelightbox\" rel=\"42834ac0d966f2f5d0e7a5733e64ea9a\">\n                <img\n                    title=\"DSC_8643-VC-Morava-2016\"\n                    alt=\"DSC_8643-VC-Morava-2016\"\n                    src=\"https:\/\/old.atletikaolomouc.cz\/wp-content\/gallery\/beh-kolem-moravy-2016\/thumbs\/thumbs_DSC_8643-VC-Morava-2016.jpg\"\n                    width=\"240\"\n                    height=\"160\"\n                    style=\"max-width:100%;\"\n                \/>\n            <\/a>\n        <\/div>\n\t\t\t\t\t\t\t<\/div> \n\t\t\t\n\t\t\t\t<div id=\"ngg-image-8\" class=\"ngg-gallery-thumbnail-box \" >\n\t\t\t\t        <div class=\"ngg-gallery-thumbnail\">\n            <a href=\"https:\/\/old.atletikaolomouc.cz\/wp-content\/gallery\/beh-kolem-moravy-2016\/DSC_8644-VC-Morava-2013.jpg\"\n               title=\"\"\n               data-src=\"https:\/\/old.atletikaolomouc.cz\/wp-content\/gallery\/beh-kolem-moravy-2016\/DSC_8644-VC-Morava-2013.jpg\"\n               data-thumbnail=\"https:\/\/old.atletikaolomouc.cz\/wp-content\/gallery\/beh-kolem-moravy-2016\/thumbs\/thumbs_DSC_8644-VC-Morava-2013.jpg\"\n               data-image-id=\"8289\"\n               data-title=\"DSC_8644-VC-Morava-2013\"\n               data-description=\"\"\n               data-image-slug=\"dsc_8644-vc-morava-2013\"\n               class=\"ngg-simplelightbox\" rel=\"42834ac0d966f2f5d0e7a5733e64ea9a\">\n                <img\n                    title=\"DSC_8644-VC-Morava-2013\"\n                    alt=\"DSC_8644-VC-Morava-2013\"\n                    src=\"https:\/\/old.atletikaolomouc.cz\/wp-content\/gallery\/beh-kolem-moravy-2016\/thumbs\/thumbs_DSC_8644-VC-Morava-2013.jpg\"\n                    width=\"240\"\n                    height=\"160\"\n                    style=\"max-width:100%;\"\n                \/>\n            <\/a>\n        <\/div>\n\t\t\t\t\t\t\t<\/div> \n\t\t\t\n\t\t\t\t<div id=\"ngg-image-9\" class=\"ngg-gallery-thumbnail-box \" >\n\t\t\t\t        <div class=\"ngg-gallery-thumbnail\">\n            <a href=\"https:\/\/old.atletikaolomouc.cz\/wp-content\/gallery\/beh-kolem-moravy-2016\/DSC_8645-VC-Morava-2016.jpg\"\n               title=\"\"\n               data-src=\"https:\/\/old.atletikaolomouc.cz\/wp-content\/gallery\/beh-kolem-moravy-2016\/DSC_8645-VC-Morava-2016.jpg\"\n               data-thumbnail=\"https:\/\/old.atletikaolomouc.cz\/wp-content\/gallery\/beh-kolem-moravy-2016\/thumbs\/thumbs_DSC_8645-VC-Morava-2016.jpg\"\n               data-image-id=\"8291\"\n               data-title=\"DSC_8645-VC-Morava-2016\"\n               data-description=\"\"\n               data-image-slug=\"dsc_8645-vc-morava-2016\"\n               class=\"ngg-simplelightbox\" rel=\"42834ac0d966f2f5d0e7a5733e64ea9a\">\n                <img\n                    title=\"DSC_8645-VC-Morava-2016\"\n                    alt=\"DSC_8645-VC-Morava-2016\"\n                    src=\"https:\/\/old.atletikaolomouc.cz\/wp-content\/gallery\/beh-kolem-moravy-2016\/thumbs\/thumbs_DSC_8645-VC-Morava-2016.jpg\"\n                    width=\"240\"\n                    height=\"160\"\n                    style=\"max-width:100%;\"\n                \/>\n            <\/a>\n        <\/div>\n\t\t\t\t\t\t\t<\/div> \n\t\t\t\n\t\t\t\t<div id=\"ngg-image-10\" class=\"ngg-gallery-thumbnail-box \" >\n\t\t\t\t        <div class=\"ngg-gallery-thumbnail\">\n            <a href=\"https:\/\/old.atletikaolomouc.cz\/wp-content\/gallery\/beh-kolem-moravy-2016\/DSC_8646-VC-Morava-2016.jpg\"\n               title=\"\"\n               data-src=\"https:\/\/old.atletikaolomouc.cz\/wp-content\/gallery\/beh-kolem-moravy-2016\/DSC_8646-VC-Morava-2016.jpg\"\n               data-thumbnail=\"https:\/\/old.atletikaolomouc.cz\/wp-content\/gallery\/beh-kolem-moravy-2016\/thumbs\/thumbs_DSC_8646-VC-Morava-2016.jpg\"\n               data-image-id=\"8292\"\n               data-title=\"DSC_8646-VC-Morava-2016\"\n               data-description=\"\"\n               data-image-slug=\"dsc_8646-vc-morava-2016\"\n               class=\"ngg-simplelightbox\" rel=\"42834ac0d966f2f5d0e7a5733e64ea9a\">\n                <img\n                    title=\"DSC_8646-VC-Morava-2016\"\n                    alt=\"DSC_8646-VC-Morava-2016\"\n                    src=\"https:\/\/old.atletikaolomouc.cz\/wp-content\/gallery\/beh-kolem-moravy-2016\/thumbs\/thumbs_DSC_8646-VC-Morava-2016.jpg\"\n                    width=\"240\"\n                    height=\"160\"\n                    style=\"max-width:100%;\"\n                \/>\n            <\/a>\n        <\/div>\n\t\t\t\t\t\t\t<\/div> \n\t\t\t\n\t\t\t\t<div id=\"ngg-image-11\" class=\"ngg-gallery-thumbnail-box \" >\n\t\t\t\t        <div class=\"ngg-gallery-thumbnail\">\n            <a href=\"https:\/\/old.atletikaolomouc.cz\/wp-content\/gallery\/beh-kolem-moravy-2016\/DSC_8648-VC-Morava-2016.jpg\"\n               title=\"\"\n               data-src=\"https:\/\/old.atletikaolomouc.cz\/wp-content\/gallery\/beh-kolem-moravy-2016\/DSC_8648-VC-Morava-2016.jpg\"\n               data-thumbnail=\"https:\/\/old.atletikaolomouc.cz\/wp-content\/gallery\/beh-kolem-moravy-2016\/thumbs\/thumbs_DSC_8648-VC-Morava-2016.jpg\"\n               data-image-id=\"8294\"\n               data-title=\"DSC_8648-VC-Morava-2016\"\n               data-description=\"\"\n               data-image-slug=\"dsc_8648-vc-morava-2016\"\n               class=\"ngg-simplelightbox\" rel=\"42834ac0d966f2f5d0e7a5733e64ea9a\">\n                <img\n                    title=\"DSC_8648-VC-Morava-2016\"\n                    alt=\"DSC_8648-VC-Morava-2016\"\n                    src=\"https:\/\/old.atletikaolomouc.cz\/wp-content\/gallery\/beh-kolem-moravy-2016\/thumbs\/thumbs_DSC_8648-VC-Morava-2016.jpg\"\n                    width=\"240\"\n                    height=\"160\"\n                    style=\"max-width:100%;\"\n                \/>\n            <\/a>\n        <\/div>\n\t\t\t\t\t\t\t<\/div> \n\t\t\t\n\t\t\t\t<div id=\"ngg-image-12\" class=\"ngg-gallery-thumbnail-box \" >\n\t\t\t\t        <div class=\"ngg-gallery-thumbnail\">\n            <a href=\"https:\/\/old.atletikaolomouc.cz\/wp-content\/gallery\/beh-kolem-moravy-2016\/DSC_8649-VC-Morava-2016.jpg\"\n               title=\"\"\n               data-src=\"https:\/\/old.atletikaolomouc.cz\/wp-content\/gallery\/beh-kolem-moravy-2016\/DSC_8649-VC-Morava-2016.jpg\"\n               data-thumbnail=\"https:\/\/old.atletikaolomouc.cz\/wp-content\/gallery\/beh-kolem-moravy-2016\/thumbs\/thumbs_DSC_8649-VC-Morava-2016.jpg\"\n               data-image-id=\"8296\"\n               data-title=\"DSC_8649-VC-Morava-2016\"\n               data-description=\"\"\n               data-image-slug=\"dsc_8649-vc-morava-2016\"\n               class=\"ngg-simplelightbox\" rel=\"42834ac0d966f2f5d0e7a5733e64ea9a\">\n                <img\n                    title=\"DSC_8649-VC-Morava-2016\"\n                    alt=\"DSC_8649-VC-Morava-2016\"\n                    src=\"https:\/\/old.atletikaolomouc.cz\/wp-content\/gallery\/beh-kolem-moravy-2016\/thumbs\/thumbs_DSC_8649-VC-Morava-2016.jpg\"\n                    width=\"240\"\n                    height=\"160\"\n                    style=\"max-width:100%;\"\n                \/>\n            <\/a>\n        <\/div>\n\t\t\t\t\t\t\t<\/div> \n\t\t\t\n\t\t\t\t<div id=\"ngg-image-13\" class=\"ngg-gallery-thumbnail-box \" >\n\t\t\t\t        <div class=\"ngg-gallery-thumbnail\">\n            <a href=\"https:\/\/old.atletikaolomouc.cz\/wp-content\/gallery\/beh-kolem-moravy-2016\/DSC_8650-VC-Morava-2016.jpg\"\n               title=\"\"\n               data-src=\"https:\/\/old.atletikaolomouc.cz\/wp-content\/gallery\/beh-kolem-moravy-2016\/DSC_8650-VC-Morava-2016.jpg\"\n               data-thumbnail=\"https:\/\/old.atletikaolomouc.cz\/wp-content\/gallery\/beh-kolem-moravy-2016\/thumbs\/thumbs_DSC_8650-VC-Morava-2016.jpg\"\n               data-image-id=\"8298\"\n               data-title=\"DSC_8650-VC-Morava-2016\"\n               data-description=\"\"\n               data-image-slug=\"dsc_8650-vc-morava-2016\"\n               class=\"ngg-simplelightbox\" rel=\"42834ac0d966f2f5d0e7a5733e64ea9a\">\n                <img\n                    title=\"DSC_8650-VC-Morava-2016\"\n                    alt=\"DSC_8650-VC-Morava-2016\"\n                    src=\"https:\/\/old.atletikaolomouc.cz\/wp-content\/gallery\/beh-kolem-moravy-2016\/thumbs\/thumbs_DSC_8650-VC-Morava-2016.jpg\"\n                    width=\"240\"\n                    height=\"160\"\n                    style=\"max-width:100%;\"\n                \/>\n            <\/a>\n        <\/div>\n\t\t\t\t\t\t\t<\/div> \n\t\t\t\n\t\t\t\t<div id=\"ngg-image-14\" class=\"ngg-gallery-thumbnail-box \" >\n\t\t\t\t        <div class=\"ngg-gallery-thumbnail\">\n            <a href=\"https:\/\/old.atletikaolomouc.cz\/wp-content\/gallery\/beh-kolem-moravy-2016\/DSC_8652-VC-Morava-2016.jpg\"\n               title=\"\"\n               data-src=\"https:\/\/old.atletikaolomouc.cz\/wp-content\/gallery\/beh-kolem-moravy-2016\/DSC_8652-VC-Morava-2016.jpg\"\n               data-thumbnail=\"https:\/\/old.atletikaolomouc.cz\/wp-content\/gallery\/beh-kolem-moravy-2016\/thumbs\/thumbs_DSC_8652-VC-Morava-2016.jpg\"\n               data-image-id=\"8300\"\n               data-title=\"DSC_8652-VC-Morava-2016\"\n               data-description=\"\"\n               data-image-slug=\"dsc_8652-vc-morava-2016\"\n               class=\"ngg-simplelightbox\" rel=\"42834ac0d966f2f5d0e7a5733e64ea9a\">\n                <img\n                    title=\"DSC_8652-VC-Morava-2016\"\n                    alt=\"DSC_8652-VC-Morava-2016\"\n                    src=\"https:\/\/old.atletikaolomouc.cz\/wp-content\/gallery\/beh-kolem-moravy-2016\/thumbs\/thumbs_DSC_8652-VC-Morava-2016.jpg\"\n                    width=\"240\"\n                    height=\"160\"\n                    style=\"max-width:100%;\"\n                \/>\n            <\/a>\n        <\/div>\n\t\t\t\t\t\t\t<\/div> \n\t\t\t\n\t\t\t\t<div id=\"ngg-image-15\" class=\"ngg-gallery-thumbnail-box \" >\n\t\t\t\t        <div class=\"ngg-gallery-thumbnail\">\n            <a href=\"https:\/\/old.atletikaolomouc.cz\/wp-content\/gallery\/beh-kolem-moravy-2016\/DSC_8653-VC-Morava-2016.jpg\"\n               title=\"\"\n               data-src=\"https:\/\/old.atletikaolomouc.cz\/wp-content\/gallery\/beh-kolem-moravy-2016\/DSC_8653-VC-Morava-2016.jpg\"\n               data-thumbnail=\"https:\/\/old.atletikaolomouc.cz\/wp-content\/gallery\/beh-kolem-moravy-2016\/thumbs\/thumbs_DSC_8653-VC-Morava-2016.jpg\"\n               data-image-id=\"8303\"\n               data-title=\"DSC_8653-VC-Morava-2016\"\n               data-description=\"\"\n               data-image-slug=\"dsc_8653-vc-morava-2016\"\n               class=\"ngg-simplelightbox\" rel=\"42834ac0d966f2f5d0e7a5733e64ea9a\">\n                <img\n                    title=\"DSC_8653-VC-Morava-2016\"\n                    alt=\"DSC_8653-VC-Morava-2016\"\n                    src=\"https:\/\/old.atletikaolomouc.cz\/wp-content\/gallery\/beh-kolem-moravy-2016\/thumbs\/thumbs_DSC_8653-VC-Morava-2016.jpg\"\n                    width=\"240\"\n                    height=\"160\"\n                    style=\"max-width:100%;\"\n                \/>\n            <\/a>\n        <\/div>\n\t\t\t\t\t\t\t<\/div> \n\t\t\t\n\t\t\t\t<div id=\"ngg-image-16\" class=\"ngg-gallery-thumbnail-box \" >\n\t\t\t\t        <div class=\"ngg-gallery-thumbnail\">\n            <a href=\"https:\/\/old.atletikaolomouc.cz\/wp-content\/gallery\/beh-kolem-moravy-2016\/DSC_8654-VC-Morava-2016.jpg\"\n               title=\"\"\n               data-src=\"https:\/\/old.atletikaolomouc.cz\/wp-content\/gallery\/beh-kolem-moravy-2016\/DSC_8654-VC-Morava-2016.jpg\"\n               data-thumbnail=\"https:\/\/old.atletikaolomouc.cz\/wp-content\/gallery\/beh-kolem-moravy-2016\/thumbs\/thumbs_DSC_8654-VC-Morava-2016.jpg\"\n               data-image-id=\"8305\"\n               data-title=\"DSC_8654-VC-Morava-2016\"\n               data-description=\"\"\n               data-image-slug=\"dsc_8654-vc-morava-2016\"\n               class=\"ngg-simplelightbox\" rel=\"42834ac0d966f2f5d0e7a5733e64ea9a\">\n                <img\n                    title=\"DSC_8654-VC-Morava-2016\"\n                    alt=\"DSC_8654-VC-Morava-2016\"\n                    src=\"https:\/\/old.atletikaolomouc.cz\/wp-content\/gallery\/beh-kolem-moravy-2016\/thumbs\/thumbs_DSC_8654-VC-Morava-2016.jpg\"\n                    width=\"240\"\n                    height=\"160\"\n                    style=\"max-width:100%;\"\n                \/>\n            <\/a>\n        <\/div>\n\t\t\t\t\t\t\t<\/div> \n\t\t\t\n\t\t\t\t<div id=\"ngg-image-17\" class=\"ngg-gallery-thumbnail-box \" >\n\t\t\t\t        <div class=\"ngg-gallery-thumbnail\">\n            <a href=\"https:\/\/old.atletikaolomouc.cz\/wp-content\/gallery\/beh-kolem-moravy-2016\/DSC_8655-VC-Morava-2016.jpg\"\n               title=\"\"\n               data-src=\"https:\/\/old.atletikaolomouc.cz\/wp-content\/gallery\/beh-kolem-moravy-2016\/DSC_8655-VC-Morava-2016.jpg\"\n               data-thumbnail=\"https:\/\/old.atletikaolomouc.cz\/wp-content\/gallery\/beh-kolem-moravy-2016\/thumbs\/thumbs_DSC_8655-VC-Morava-2016.jpg\"\n               data-image-id=\"8307\"\n               data-title=\"DSC_8655-VC-Morava-2016\"\n               data-description=\"\"\n               data-image-slug=\"dsc_8655-vc-morava-2016\"\n               class=\"ngg-simplelightbox\" rel=\"42834ac0d966f2f5d0e7a5733e64ea9a\">\n                <img\n                    title=\"DSC_8655-VC-Morava-2016\"\n                    alt=\"DSC_8655-VC-Morava-2016\"\n                    src=\"https:\/\/old.atletikaolomouc.cz\/wp-content\/gallery\/beh-kolem-moravy-2016\/thumbs\/thumbs_DSC_8655-VC-Morava-2016.jpg\"\n                    width=\"240\"\n                    height=\"160\"\n                    style=\"max-width:100%;\"\n                \/>\n            <\/a>\n        <\/div>\n\t\t\t\t\t\t\t<\/div> \n\t\t\t\n\t\t\t\t<div id=\"ngg-image-18\" class=\"ngg-gallery-thumbnail-box \" >\n\t\t\t\t        <div class=\"ngg-gallery-thumbnail\">\n            <a href=\"https:\/\/old.atletikaolomouc.cz\/wp-content\/gallery\/beh-kolem-moravy-2016\/DSC_8656-VC-Morava-2016.jpg\"\n               title=\"\"\n               data-src=\"https:\/\/old.atletikaolomouc.cz\/wp-content\/gallery\/beh-kolem-moravy-2016\/DSC_8656-VC-Morava-2016.jpg\"\n               data-thumbnail=\"https:\/\/old.atletikaolomouc.cz\/wp-content\/gallery\/beh-kolem-moravy-2016\/thumbs\/thumbs_DSC_8656-VC-Morava-2016.jpg\"\n               data-image-id=\"8309\"\n               data-title=\"DSC_8656-VC-Morava-2016\"\n               data-description=\"\"\n               data-image-slug=\"dsc_8656-vc-morava-2016\"\n               class=\"ngg-simplelightbox\" rel=\"42834ac0d966f2f5d0e7a5733e64ea9a\">\n                <img\n                    title=\"DSC_8656-VC-Morava-2016\"\n                    alt=\"DSC_8656-VC-Morava-2016\"\n                    src=\"https:\/\/old.atletikaolomouc.cz\/wp-content\/gallery\/beh-kolem-moravy-2016\/thumbs\/thumbs_DSC_8656-VC-Morava-2016.jpg\"\n                    width=\"240\"\n                    height=\"160\"\n                    style=\"max-width:100%;\"\n                \/>\n            <\/a>\n        <\/div>\n\t\t\t\t\t\t\t<\/div> \n\t\t\t\n\t\t\t\t<div id=\"ngg-image-19\" class=\"ngg-gallery-thumbnail-box \" >\n\t\t\t\t        <div class=\"ngg-gallery-thumbnail\">\n            <a href=\"https:\/\/old.atletikaolomouc.cz\/wp-content\/gallery\/beh-kolem-moravy-2016\/DSC_8657-VC-Morava-2016.jpg\"\n               title=\"\"\n               data-src=\"https:\/\/old.atletikaolomouc.cz\/wp-content\/gallery\/beh-kolem-moravy-2016\/DSC_8657-VC-Morava-2016.jpg\"\n               data-thumbnail=\"https:\/\/old.atletikaolomouc.cz\/wp-content\/gallery\/beh-kolem-moravy-2016\/thumbs\/thumbs_DSC_8657-VC-Morava-2016.jpg\"\n               data-image-id=\"8311\"\n               data-title=\"DSC_8657-VC-Morava-2016\"\n               data-description=\"\"\n               data-image-slug=\"dsc_8657-vc-morava-2016\"\n               class=\"ngg-simplelightbox\" rel=\"42834ac0d966f2f5d0e7a5733e64ea9a\">\n                <img\n                    title=\"DSC_8657-VC-Morava-2016\"\n                    alt=\"DSC_8657-VC-Morava-2016\"\n                    src=\"https:\/\/old.atletikaolomouc.cz\/wp-content\/gallery\/beh-kolem-moravy-2016\/thumbs\/thumbs_DSC_8657-VC-Morava-2016.jpg\"\n                    width=\"240\"\n                    height=\"160\"\n                    style=\"max-width:100%;\"\n                \/>\n            <\/a>\n        <\/div>\n\t\t\t\t\t\t\t<\/div> \n\t\t\t\n\t\t\t\t<div id=\"ngg-image-20\" class=\"ngg-gallery-thumbnail-box \" >\n\t\t\t\t        <div class=\"ngg-gallery-thumbnail\">\n            <a href=\"https:\/\/old.atletikaolomouc.cz\/wp-content\/gallery\/beh-kolem-moravy-2016\/DSC_8660-VC-Morava-2016.jpg\"\n               title=\"\"\n               data-src=\"https:\/\/old.atletikaolomouc.cz\/wp-content\/gallery\/beh-kolem-moravy-2016\/DSC_8660-VC-Morava-2016.jpg\"\n               data-thumbnail=\"https:\/\/old.atletikaolomouc.cz\/wp-content\/gallery\/beh-kolem-moravy-2016\/thumbs\/thumbs_DSC_8660-VC-Morava-2016.jpg\"\n               data-image-id=\"8313\"\n               data-title=\"DSC_8660-VC-Morava-2016\"\n               data-description=\"\"\n               data-image-slug=\"dsc_8660-vc-morava-2016\"\n               class=\"ngg-simplelightbox\" rel=\"42834ac0d966f2f5d0e7a5733e64ea9a\">\n                <img\n                    title=\"DSC_8660-VC-Morava-2016\"\n                    alt=\"DSC_8660-VC-Morava-2016\"\n                    src=\"https:\/\/old.atletikaolomouc.cz\/wp-content\/gallery\/beh-kolem-moravy-2016\/thumbs\/thumbs_DSC_8660-VC-Morava-2016.jpg\"\n                    width=\"240\"\n                    height=\"160\"\n                    style=\"max-width:100%;\"\n                \/>\n            <\/a>\n        <\/div>\n\t\t\t\t\t\t\t<\/div> \n\t\t\t\n\t\t\t\t<div id=\"ngg-image-21\" class=\"ngg-gallery-thumbnail-box \" >\n\t\t\t\t        <div class=\"ngg-gallery-thumbnail\">\n            <a href=\"https:\/\/old.atletikaolomouc.cz\/wp-content\/gallery\/beh-kolem-moravy-2016\/DSC_8661-VC-Morava-2016.jpg\"\n               title=\"\"\n               data-src=\"https:\/\/old.atletikaolomouc.cz\/wp-content\/gallery\/beh-kolem-moravy-2016\/DSC_8661-VC-Morava-2016.jpg\"\n               data-thumbnail=\"https:\/\/old.atletikaolomouc.cz\/wp-content\/gallery\/beh-kolem-moravy-2016\/thumbs\/thumbs_DSC_8661-VC-Morava-2016.jpg\"\n               data-image-id=\"8315\"\n               data-title=\"DSC_8661-VC-Morava-2016\"\n               data-description=\"\"\n               data-image-slug=\"dsc_8661-vc-morava-2016\"\n               class=\"ngg-simplelightbox\" rel=\"42834ac0d966f2f5d0e7a5733e64ea9a\">\n                <img\n                    title=\"DSC_8661-VC-Morava-2016\"\n                    alt=\"DSC_8661-VC-Morava-2016\"\n                    src=\"https:\/\/old.atletikaolomouc.cz\/wp-content\/gallery\/beh-kolem-moravy-2016\/thumbs\/thumbs_DSC_8661-VC-Morava-2016.jpg\"\n                    width=\"240\"\n                    height=\"160\"\n                    style=\"max-width:100%;\"\n                \/>\n            <\/a>\n        <\/div>\n\t\t\t\t\t\t\t<\/div> \n\t\t\t\n\t\t\t\t<div id=\"ngg-image-22\" class=\"ngg-gallery-thumbnail-box \" >\n\t\t\t\t        <div class=\"ngg-gallery-thumbnail\">\n            <a href=\"https:\/\/old.atletikaolomouc.cz\/wp-content\/gallery\/beh-kolem-moravy-2016\/DSC_8662-VC-Morava-2016.jpg\"\n               title=\"\"\n               data-src=\"https:\/\/old.atletikaolomouc.cz\/wp-content\/gallery\/beh-kolem-moravy-2016\/DSC_8662-VC-Morava-2016.jpg\"\n               data-thumbnail=\"https:\/\/old.atletikaolomouc.cz\/wp-content\/gallery\/beh-kolem-moravy-2016\/thumbs\/thumbs_DSC_8662-VC-Morava-2016.jpg\"\n               data-image-id=\"8317\"\n               data-title=\"DSC_8662-VC-Morava-2016\"\n               data-description=\"\"\n               data-image-slug=\"dsc_8662-vc-morava-2016\"\n               class=\"ngg-simplelightbox\" rel=\"42834ac0d966f2f5d0e7a5733e64ea9a\">\n                <img\n                    title=\"DSC_8662-VC-Morava-2016\"\n                    alt=\"DSC_8662-VC-Morava-2016\"\n                    src=\"https:\/\/old.atletikaolomouc.cz\/wp-content\/gallery\/beh-kolem-moravy-2016\/thumbs\/thumbs_DSC_8662-VC-Morava-2016.jpg\"\n                    width=\"240\"\n                    height=\"160\"\n                    style=\"max-width:100%;\"\n                \/>\n            <\/a>\n        <\/div>\n\t\t\t\t\t\t\t<\/div> \n\t\t\t\n\t\t\t\t<div id=\"ngg-image-23\" class=\"ngg-gallery-thumbnail-box \" >\n\t\t\t\t        <div class=\"ngg-gallery-thumbnail\">\n            <a href=\"https:\/\/old.atletikaolomouc.cz\/wp-content\/gallery\/beh-kolem-moravy-2016\/DSC_8663-VC-Morava-2016.jpg\"\n               title=\"\"\n               data-src=\"https:\/\/old.atletikaolomouc.cz\/wp-content\/gallery\/beh-kolem-moravy-2016\/DSC_8663-VC-Morava-2016.jpg\"\n               data-thumbnail=\"https:\/\/old.atletikaolomouc.cz\/wp-content\/gallery\/beh-kolem-moravy-2016\/thumbs\/thumbs_DSC_8663-VC-Morava-2016.jpg\"\n               data-image-id=\"8319\"\n               data-title=\"DSC_8663-VC-Morava-2016\"\n               data-description=\"\"\n               data-image-slug=\"dsc_8663-vc-morava-2016\"\n               class=\"ngg-simplelightbox\" rel=\"42834ac0d966f2f5d0e7a5733e64ea9a\">\n                <img\n                    title=\"DSC_8663-VC-Morava-2016\"\n                    alt=\"DSC_8663-VC-Morava-2016\"\n                    src=\"https:\/\/old.atletikaolomouc.cz\/wp-content\/gallery\/beh-kolem-moravy-2016\/thumbs\/thumbs_DSC_8663-VC-Morava-2016.jpg\"\n                    width=\"240\"\n                    height=\"160\"\n                    style=\"max-width:100%;\"\n                \/>\n            <\/a>\n        <\/div>\n\t\t\t\t\t\t\t<\/div> \n\t\t\t\n\t\n\t<br style=\"clear: both\" \/>\n\n\t\n\t\t<!-- Pagination -->\n\t<div class='ngg-navigation'><span class='current'>1<\/span>\n<a class='page-numbers' data-pageid='2' href='https:\/\/old.atletikaolomouc.cz\/index.php\/nggallery\/page\/2?p=22915'>2<\/a>\n<a class='prev' href='https:\/\/old.atletikaolomouc.cz\/index.php\/nggallery\/page\/2?p=22915' data-pageid=2>&#9658;<\/a><\/div>\t<\/div>\n\n","protected":false},"excerpt":{"rendered":"<p>V pond\u011bl\u00ed 10. \u0159\u00edjna se v Olomouci konal dal\u0161\u00ed ro\u010dn\u00edk tradi\u010dn\u00edho B\u011bhu kolem Moravy.<\/p>\n","protected":false},"author":14,"featured_media":0,"comment_status":"closed","ping_status":"closed","sticky":false,"template":"","format":"standard","meta":{"ngg_post_thumbnail":0},"categories":[57],"tags":[],"_links":{"self":[{"href":"https:\/\/old.atletikaolomouc.cz\/index.php?rest_route=\/wp\/v2\/posts\/22915"}],"collection":[{"href":"https:\/\/old.atletikaolomouc.cz\/index.php?rest_route=\/wp\/v2\/posts"}],"about":[{"href":"https:\/\/old.atletikaolomouc.cz\/index.php?rest_route=\/wp\/v2\/types\/post"}],"author":[{"embeddable":true,"href":"https:\/\/old.atletikaolomouc.cz\/index.php?rest_route=\/wp\/v2\/users\/14"}],"replies":[{"embeddable":true,"href":"https:\/\/old.atletikaolomouc.cz\/index.php?rest_route=%2Fwp%2Fv2%2Fcomments&post=22915"}],"version-history":[{"count":2,"href":"https:\/\/old.atletikaolomouc.cz\/index.php?rest_route=\/wp\/v2\/posts\/22915\/revisions"}],"predecessor-version":[{"id":22995,"href":"https:\/\/old.atletikaolomouc.cz\/index.php?rest_route=\/wp\/v2\/posts\/22915\/revisions\/22995"}],"wp:attachment":[{"href":"https:\/\/old.atletikaolomouc.cz\/index.php?rest_route=%2Fwp%2Fv2%2Fmedia&parent=22915"}],"wp:term":[{"taxonomy":"category","embeddable":true,"href":"https:\/\/old.atletikaolomouc.cz\/index.php?rest_route=%2Fwp%2Fv2%2Fcategories&post=22915"},{"taxonomy":"post_tag","embeddable":true,"href":"https:\/\/old.atletikaolomouc.cz\/index.php?rest_route=%2Fwp%2Fv2%2Ftags&post=22915"}],"curies":[{"name":"wp","href":"https:\/\/api.w.org\/{rel}","templated":true}]}}