{"id":23879,"date":"2021-01-22T10:08:34","date_gmt":"2021-01-22T09:08:34","guid":{"rendered":"https:\/\/www.atletikaolomouc.cz\/?p=23879"},"modified":"2021-01-22T10:08:34","modified_gmt":"2021-01-22T09:08:34","slug":"vanocni-vrhacska-hala-foto","status":"publish","type":"post","link":"https:\/\/old.atletikaolomouc.cz\/?p=23879","title":{"rendered":"V\u00e1no\u010dn\u00ed vrha\u010dsk\u00e1 hala &#8211; foto"},"content":{"rendered":"<p><a href=\"https:\/\/www.atletikaolomouc.cz\/wp-content\/uploads\/2021\/01\/P1140170.jpg\"><img decoding=\"async\" loading=\"lazy\" class=\"alignleft size-thumbnail wp-image-23910\" src=\"https:\/\/www.atletikaolomouc.cz\/wp-content\/uploads\/2021\/01\/P1140170-150x150.jpg\" alt=\"\" width=\"150\" height=\"150\"><\/a>19. prosince se v olomouck\u00e9 atletick\u00e9 hale konal tradi\u010dn\u00ed m\u00edtink ve vrhu koul\u00ed V\u00e1no\u010dn\u00ed vrha\u010dsk\u00e1 hala.&nbsp;<!--more--><\/p>\n<!-- default-view.php -->\n<div\n\tclass=\"ngg-galleryoverview default-view \"\n\tid=\"ngg-gallery-ab1a8b4cb042344606b0282bff6e70a7-1\">\n\n\t\t<!-- Thumbnails -->\n\t\t\t\t<div id=\"ngg-image-0\" class=\"ngg-gallery-thumbnail-box \" >\n\t\t\t\t        <div class=\"ngg-gallery-thumbnail\">\n            <a href=\"https:\/\/old.atletikaolomouc.cz\/wp-content\/gallery\/vanocni-vrhacska-2015\/P1140084.jpg\"\n               title=\"\"\n               data-src=\"https:\/\/old.atletikaolomouc.cz\/wp-content\/gallery\/vanocni-vrhacska-2015\/P1140084.jpg\"\n               data-thumbnail=\"https:\/\/old.atletikaolomouc.cz\/wp-content\/gallery\/vanocni-vrhacska-2015\/thumbs\/thumbs_P1140084.jpg\"\n               data-image-id=\"8942\"\n               data-title=\"P1140084\"\n               data-description=\"\"\n               data-image-slug=\"p1140084\"\n               class=\"ngg-simplelightbox\" rel=\"ab1a8b4cb042344606b0282bff6e70a7\">\n                <img\n                    title=\"P1140084\"\n                    alt=\"P1140084\"\n                    src=\"https:\/\/old.atletikaolomouc.cz\/wp-content\/gallery\/vanocni-vrhacska-2015\/thumbs\/thumbs_P1140084.jpg\"\n                    width=\"240\"\n                    height=\"160\"\n                    style=\"max-width:100%;\"\n                \/>\n            <\/a>\n        <\/div>\n\t\t\t\t\t\t\t<\/div> \n\t\t\t\n\t\t\t\t<div id=\"ngg-image-1\" class=\"ngg-gallery-thumbnail-box \" >\n\t\t\t\t        <div class=\"ngg-gallery-thumbnail\">\n            <a href=\"https:\/\/old.atletikaolomouc.cz\/wp-content\/gallery\/vanocni-vrhacska-2015\/P1140095.jpg\"\n               title=\"\"\n               data-src=\"https:\/\/old.atletikaolomouc.cz\/wp-content\/gallery\/vanocni-vrhacska-2015\/P1140095.jpg\"\n               data-thumbnail=\"https:\/\/old.atletikaolomouc.cz\/wp-content\/gallery\/vanocni-vrhacska-2015\/thumbs\/thumbs_P1140095.jpg\"\n               data-image-id=\"8945\"\n               data-title=\"P1140095\"\n               data-description=\"\"\n               data-image-slug=\"p1140095\"\n               class=\"ngg-simplelightbox\" rel=\"ab1a8b4cb042344606b0282bff6e70a7\">\n                <img\n                    title=\"P1140095\"\n                    alt=\"P1140095\"\n                    src=\"https:\/\/old.atletikaolomouc.cz\/wp-content\/gallery\/vanocni-vrhacska-2015\/thumbs\/thumbs_P1140095.jpg\"\n                    width=\"240\"\n                    height=\"160\"\n                    style=\"max-width:100%;\"\n                \/>\n            <\/a>\n        <\/div>\n\t\t\t\t\t\t\t<\/div> \n\t\t\t\n\t\t\t\t<div id=\"ngg-image-2\" class=\"ngg-gallery-thumbnail-box \" >\n\t\t\t\t        <div class=\"ngg-gallery-thumbnail\">\n            <a href=\"https:\/\/old.atletikaolomouc.cz\/wp-content\/gallery\/vanocni-vrhacska-2015\/P1140096.jpg\"\n               title=\"\"\n               data-src=\"https:\/\/old.atletikaolomouc.cz\/wp-content\/gallery\/vanocni-vrhacska-2015\/P1140096.jpg\"\n               data-thumbnail=\"https:\/\/old.atletikaolomouc.cz\/wp-content\/gallery\/vanocni-vrhacska-2015\/thumbs\/thumbs_P1140096.jpg\"\n               data-image-id=\"8948\"\n               data-title=\"P1140096\"\n               data-description=\"\"\n               data-image-slug=\"p1140096\"\n               class=\"ngg-simplelightbox\" rel=\"ab1a8b4cb042344606b0282bff6e70a7\">\n                <img\n                    title=\"P1140096\"\n                    alt=\"P1140096\"\n                    src=\"https:\/\/old.atletikaolomouc.cz\/wp-content\/gallery\/vanocni-vrhacska-2015\/thumbs\/thumbs_P1140096.jpg\"\n                    width=\"240\"\n                    height=\"160\"\n                    style=\"max-width:100%;\"\n                \/>\n            <\/a>\n        <\/div>\n\t\t\t\t\t\t\t<\/div> \n\t\t\t\n\t\t\t\t<div id=\"ngg-image-3\" class=\"ngg-gallery-thumbnail-box \" >\n\t\t\t\t        <div class=\"ngg-gallery-thumbnail\">\n            <a href=\"https:\/\/old.atletikaolomouc.cz\/wp-content\/gallery\/vanocni-vrhacska-2015\/P1140099.jpg\"\n               title=\"\"\n               data-src=\"https:\/\/old.atletikaolomouc.cz\/wp-content\/gallery\/vanocni-vrhacska-2015\/P1140099.jpg\"\n               data-thumbnail=\"https:\/\/old.atletikaolomouc.cz\/wp-content\/gallery\/vanocni-vrhacska-2015\/thumbs\/thumbs_P1140099.jpg\"\n               data-image-id=\"8951\"\n               data-title=\"P1140099\"\n               data-description=\"\"\n               data-image-slug=\"p1140099\"\n               class=\"ngg-simplelightbox\" rel=\"ab1a8b4cb042344606b0282bff6e70a7\">\n                <img\n                    title=\"P1140099\"\n                    alt=\"P1140099\"\n                    src=\"https:\/\/old.atletikaolomouc.cz\/wp-content\/gallery\/vanocni-vrhacska-2015\/thumbs\/thumbs_P1140099.jpg\"\n                    width=\"240\"\n                    height=\"160\"\n                    style=\"max-width:100%;\"\n                \/>\n            <\/a>\n        <\/div>\n\t\t\t\t\t\t\t<\/div> \n\t\t\t\n\t\t\t\t<div id=\"ngg-image-4\" class=\"ngg-gallery-thumbnail-box \" >\n\t\t\t\t        <div class=\"ngg-gallery-thumbnail\">\n            <a href=\"https:\/\/old.atletikaolomouc.cz\/wp-content\/gallery\/vanocni-vrhacska-2015\/P1140102.jpg\"\n               title=\"\"\n               data-src=\"https:\/\/old.atletikaolomouc.cz\/wp-content\/gallery\/vanocni-vrhacska-2015\/P1140102.jpg\"\n               data-thumbnail=\"https:\/\/old.atletikaolomouc.cz\/wp-content\/gallery\/vanocni-vrhacska-2015\/thumbs\/thumbs_P1140102.jpg\"\n               data-image-id=\"8954\"\n               data-title=\"P1140102\"\n               data-description=\"\"\n               data-image-slug=\"p1140102\"\n               class=\"ngg-simplelightbox\" rel=\"ab1a8b4cb042344606b0282bff6e70a7\">\n                <img\n                    title=\"P1140102\"\n                    alt=\"P1140102\"\n                    src=\"https:\/\/old.atletikaolomouc.cz\/wp-content\/gallery\/vanocni-vrhacska-2015\/thumbs\/thumbs_P1140102.jpg\"\n                    width=\"240\"\n                    height=\"160\"\n                    style=\"max-width:100%;\"\n                \/>\n            <\/a>\n        <\/div>\n\t\t\t\t\t\t\t<\/div> \n\t\t\t\n\t\t\t\t<div id=\"ngg-image-5\" class=\"ngg-gallery-thumbnail-box \" >\n\t\t\t\t        <div class=\"ngg-gallery-thumbnail\">\n            <a href=\"https:\/\/old.atletikaolomouc.cz\/wp-content\/gallery\/vanocni-vrhacska-2015\/P1140105.jpg\"\n               title=\"\"\n               data-src=\"https:\/\/old.atletikaolomouc.cz\/wp-content\/gallery\/vanocni-vrhacska-2015\/P1140105.jpg\"\n               data-thumbnail=\"https:\/\/old.atletikaolomouc.cz\/wp-content\/gallery\/vanocni-vrhacska-2015\/thumbs\/thumbs_P1140105.jpg\"\n               data-image-id=\"8957\"\n               data-title=\"P1140105\"\n               data-description=\"\"\n               data-image-slug=\"p1140105\"\n               class=\"ngg-simplelightbox\" rel=\"ab1a8b4cb042344606b0282bff6e70a7\">\n                <img\n                    title=\"P1140105\"\n                    alt=\"P1140105\"\n                    src=\"https:\/\/old.atletikaolomouc.cz\/wp-content\/gallery\/vanocni-vrhacska-2015\/thumbs\/thumbs_P1140105.jpg\"\n                    width=\"240\"\n                    height=\"160\"\n                    style=\"max-width:100%;\"\n                \/>\n            <\/a>\n        <\/div>\n\t\t\t\t\t\t\t<\/div> \n\t\t\t\n\t\t\t\t<div id=\"ngg-image-6\" class=\"ngg-gallery-thumbnail-box \" >\n\t\t\t\t        <div class=\"ngg-gallery-thumbnail\">\n            <a href=\"https:\/\/old.atletikaolomouc.cz\/wp-content\/gallery\/vanocni-vrhacska-2015\/P1140108.jpg\"\n               title=\"\"\n               data-src=\"https:\/\/old.atletikaolomouc.cz\/wp-content\/gallery\/vanocni-vrhacska-2015\/P1140108.jpg\"\n               data-thumbnail=\"https:\/\/old.atletikaolomouc.cz\/wp-content\/gallery\/vanocni-vrhacska-2015\/thumbs\/thumbs_P1140108.jpg\"\n               data-image-id=\"8959\"\n               data-title=\"P1140108\"\n               data-description=\"\"\n               data-image-slug=\"p1140108\"\n               class=\"ngg-simplelightbox\" rel=\"ab1a8b4cb042344606b0282bff6e70a7\">\n                <img\n                    title=\"P1140108\"\n                    alt=\"P1140108\"\n                    src=\"https:\/\/old.atletikaolomouc.cz\/wp-content\/gallery\/vanocni-vrhacska-2015\/thumbs\/thumbs_P1140108.jpg\"\n                    width=\"240\"\n                    height=\"160\"\n                    style=\"max-width:100%;\"\n                \/>\n            <\/a>\n        <\/div>\n\t\t\t\t\t\t\t<\/div> \n\t\t\t\n\t\t\t\t<div id=\"ngg-image-7\" class=\"ngg-gallery-thumbnail-box \" >\n\t\t\t\t        <div class=\"ngg-gallery-thumbnail\">\n            <a href=\"https:\/\/old.atletikaolomouc.cz\/wp-content\/gallery\/vanocni-vrhacska-2015\/P1140109.jpg\"\n               title=\"\"\n               data-src=\"https:\/\/old.atletikaolomouc.cz\/wp-content\/gallery\/vanocni-vrhacska-2015\/P1140109.jpg\"\n               data-thumbnail=\"https:\/\/old.atletikaolomouc.cz\/wp-content\/gallery\/vanocni-vrhacska-2015\/thumbs\/thumbs_P1140109.jpg\"\n               data-image-id=\"8960\"\n               data-title=\"P1140109\"\n               data-description=\"\"\n               data-image-slug=\"p1140109\"\n               class=\"ngg-simplelightbox\" rel=\"ab1a8b4cb042344606b0282bff6e70a7\">\n                <img\n                    title=\"P1140109\"\n                    alt=\"P1140109\"\n                    src=\"https:\/\/old.atletikaolomouc.cz\/wp-content\/gallery\/vanocni-vrhacska-2015\/thumbs\/thumbs_P1140109.jpg\"\n                    width=\"240\"\n                    height=\"160\"\n                    style=\"max-width:100%;\"\n                \/>\n            <\/a>\n        <\/div>\n\t\t\t\t\t\t\t<\/div> \n\t\t\t\n\t\t\t\t<div id=\"ngg-image-8\" class=\"ngg-gallery-thumbnail-box \" >\n\t\t\t\t        <div class=\"ngg-gallery-thumbnail\">\n            <a href=\"https:\/\/old.atletikaolomouc.cz\/wp-content\/gallery\/vanocni-vrhacska-2015\/P1140110.jpg\"\n               title=\"\"\n               data-src=\"https:\/\/old.atletikaolomouc.cz\/wp-content\/gallery\/vanocni-vrhacska-2015\/P1140110.jpg\"\n               data-thumbnail=\"https:\/\/old.atletikaolomouc.cz\/wp-content\/gallery\/vanocni-vrhacska-2015\/thumbs\/thumbs_P1140110.jpg\"\n               data-image-id=\"8961\"\n               data-title=\"P1140110\"\n               data-description=\"\"\n               data-image-slug=\"p1140110\"\n               class=\"ngg-simplelightbox\" rel=\"ab1a8b4cb042344606b0282bff6e70a7\">\n                <img\n                    title=\"P1140110\"\n                    alt=\"P1140110\"\n                    src=\"https:\/\/old.atletikaolomouc.cz\/wp-content\/gallery\/vanocni-vrhacska-2015\/thumbs\/thumbs_P1140110.jpg\"\n                    width=\"240\"\n                    height=\"160\"\n                    style=\"max-width:100%;\"\n                \/>\n            <\/a>\n        <\/div>\n\t\t\t\t\t\t\t<\/div> \n\t\t\t\n\t\t\t\t<div id=\"ngg-image-9\" class=\"ngg-gallery-thumbnail-box \" >\n\t\t\t\t        <div class=\"ngg-gallery-thumbnail\">\n            <a href=\"https:\/\/old.atletikaolomouc.cz\/wp-content\/gallery\/vanocni-vrhacska-2015\/P1140114.jpg\"\n               title=\"\"\n               data-src=\"https:\/\/old.atletikaolomouc.cz\/wp-content\/gallery\/vanocni-vrhacska-2015\/P1140114.jpg\"\n               data-thumbnail=\"https:\/\/old.atletikaolomouc.cz\/wp-content\/gallery\/vanocni-vrhacska-2015\/thumbs\/thumbs_P1140114.jpg\"\n               data-image-id=\"8962\"\n               data-title=\"P1140114\"\n               data-description=\"\"\n               data-image-slug=\"p1140114\"\n               class=\"ngg-simplelightbox\" rel=\"ab1a8b4cb042344606b0282bff6e70a7\">\n                <img\n                    title=\"P1140114\"\n                    alt=\"P1140114\"\n                    src=\"https:\/\/old.atletikaolomouc.cz\/wp-content\/gallery\/vanocni-vrhacska-2015\/thumbs\/thumbs_P1140114.jpg\"\n                    width=\"240\"\n                    height=\"160\"\n                    style=\"max-width:100%;\"\n                \/>\n            <\/a>\n        <\/div>\n\t\t\t\t\t\t\t<\/div> \n\t\t\t\n\t\t\t\t<div id=\"ngg-image-10\" class=\"ngg-gallery-thumbnail-box \" >\n\t\t\t\t        <div class=\"ngg-gallery-thumbnail\">\n            <a href=\"https:\/\/old.atletikaolomouc.cz\/wp-content\/gallery\/vanocni-vrhacska-2015\/P1140115.jpg\"\n               title=\"\"\n               data-src=\"https:\/\/old.atletikaolomouc.cz\/wp-content\/gallery\/vanocni-vrhacska-2015\/P1140115.jpg\"\n               data-thumbnail=\"https:\/\/old.atletikaolomouc.cz\/wp-content\/gallery\/vanocni-vrhacska-2015\/thumbs\/thumbs_P1140115.jpg\"\n               data-image-id=\"8963\"\n               data-title=\"P1140115\"\n               data-description=\"\"\n               data-image-slug=\"p1140115\"\n               class=\"ngg-simplelightbox\" rel=\"ab1a8b4cb042344606b0282bff6e70a7\">\n                <img\n                    title=\"P1140115\"\n                    alt=\"P1140115\"\n                    src=\"https:\/\/old.atletikaolomouc.cz\/wp-content\/gallery\/vanocni-vrhacska-2015\/thumbs\/thumbs_P1140115.jpg\"\n                    width=\"240\"\n                    height=\"160\"\n                    style=\"max-width:100%;\"\n                \/>\n            <\/a>\n        <\/div>\n\t\t\t\t\t\t\t<\/div> \n\t\t\t\n\t\t\t\t<div id=\"ngg-image-11\" class=\"ngg-gallery-thumbnail-box \" >\n\t\t\t\t        <div class=\"ngg-gallery-thumbnail\">\n            <a href=\"https:\/\/old.atletikaolomouc.cz\/wp-content\/gallery\/vanocni-vrhacska-2015\/P1140116.jpg\"\n               title=\"\"\n               data-src=\"https:\/\/old.atletikaolomouc.cz\/wp-content\/gallery\/vanocni-vrhacska-2015\/P1140116.jpg\"\n               data-thumbnail=\"https:\/\/old.atletikaolomouc.cz\/wp-content\/gallery\/vanocni-vrhacska-2015\/thumbs\/thumbs_P1140116.jpg\"\n               data-image-id=\"8964\"\n               data-title=\"P1140116\"\n               data-description=\"\"\n               data-image-slug=\"p1140116\"\n               class=\"ngg-simplelightbox\" rel=\"ab1a8b4cb042344606b0282bff6e70a7\">\n                <img\n                    title=\"P1140116\"\n                    alt=\"P1140116\"\n                    src=\"https:\/\/old.atletikaolomouc.cz\/wp-content\/gallery\/vanocni-vrhacska-2015\/thumbs\/thumbs_P1140116.jpg\"\n                    width=\"240\"\n                    height=\"160\"\n                    style=\"max-width:100%;\"\n                \/>\n            <\/a>\n        <\/div>\n\t\t\t\t\t\t\t<\/div> \n\t\t\t\n\t\t\t\t<div id=\"ngg-image-12\" class=\"ngg-gallery-thumbnail-box \" >\n\t\t\t\t        <div class=\"ngg-gallery-thumbnail\">\n            <a href=\"https:\/\/old.atletikaolomouc.cz\/wp-content\/gallery\/vanocni-vrhacska-2015\/P1140119.jpg\"\n               title=\"\"\n               data-src=\"https:\/\/old.atletikaolomouc.cz\/wp-content\/gallery\/vanocni-vrhacska-2015\/P1140119.jpg\"\n               data-thumbnail=\"https:\/\/old.atletikaolomouc.cz\/wp-content\/gallery\/vanocni-vrhacska-2015\/thumbs\/thumbs_P1140119.jpg\"\n               data-image-id=\"8965\"\n               data-title=\"P1140119\"\n               data-description=\"\"\n               data-image-slug=\"p1140119\"\n               class=\"ngg-simplelightbox\" rel=\"ab1a8b4cb042344606b0282bff6e70a7\">\n                <img\n                    title=\"P1140119\"\n                    alt=\"P1140119\"\n                    src=\"https:\/\/old.atletikaolomouc.cz\/wp-content\/gallery\/vanocni-vrhacska-2015\/thumbs\/thumbs_P1140119.jpg\"\n                    width=\"240\"\n                    height=\"160\"\n                    style=\"max-width:100%;\"\n                \/>\n            <\/a>\n        <\/div>\n\t\t\t\t\t\t\t<\/div> \n\t\t\t\n\t\t\t\t<div id=\"ngg-image-13\" class=\"ngg-gallery-thumbnail-box \" >\n\t\t\t\t        <div class=\"ngg-gallery-thumbnail\">\n            <a href=\"https:\/\/old.atletikaolomouc.cz\/wp-content\/gallery\/vanocni-vrhacska-2015\/P1140123.jpg\"\n               title=\"\"\n               data-src=\"https:\/\/old.atletikaolomouc.cz\/wp-content\/gallery\/vanocni-vrhacska-2015\/P1140123.jpg\"\n               data-thumbnail=\"https:\/\/old.atletikaolomouc.cz\/wp-content\/gallery\/vanocni-vrhacska-2015\/thumbs\/thumbs_P1140123.jpg\"\n               data-image-id=\"8966\"\n               data-title=\"P1140123\"\n               data-description=\"\"\n               data-image-slug=\"p1140123\"\n               class=\"ngg-simplelightbox\" rel=\"ab1a8b4cb042344606b0282bff6e70a7\">\n                <img\n                    title=\"P1140123\"\n                    alt=\"P1140123\"\n                    src=\"https:\/\/old.atletikaolomouc.cz\/wp-content\/gallery\/vanocni-vrhacska-2015\/thumbs\/thumbs_P1140123.jpg\"\n                    width=\"240\"\n                    height=\"160\"\n                    style=\"max-width:100%;\"\n                \/>\n            <\/a>\n        <\/div>\n\t\t\t\t\t\t\t<\/div> \n\t\t\t\n\t\t\t\t<div id=\"ngg-image-14\" class=\"ngg-gallery-thumbnail-box \" >\n\t\t\t\t        <div class=\"ngg-gallery-thumbnail\">\n            <a href=\"https:\/\/old.atletikaolomouc.cz\/wp-content\/gallery\/vanocni-vrhacska-2015\/P1140124.jpg\"\n               title=\"\"\n               data-src=\"https:\/\/old.atletikaolomouc.cz\/wp-content\/gallery\/vanocni-vrhacska-2015\/P1140124.jpg\"\n               data-thumbnail=\"https:\/\/old.atletikaolomouc.cz\/wp-content\/gallery\/vanocni-vrhacska-2015\/thumbs\/thumbs_P1140124.jpg\"\n               data-image-id=\"8967\"\n               data-title=\"P1140124\"\n               data-description=\"\"\n               data-image-slug=\"p1140124\"\n               class=\"ngg-simplelightbox\" rel=\"ab1a8b4cb042344606b0282bff6e70a7\">\n                <img\n                    title=\"P1140124\"\n                    alt=\"P1140124\"\n                    src=\"https:\/\/old.atletikaolomouc.cz\/wp-content\/gallery\/vanocni-vrhacska-2015\/thumbs\/thumbs_P1140124.jpg\"\n                    width=\"240\"\n                    height=\"160\"\n                    style=\"max-width:100%;\"\n                \/>\n            <\/a>\n        <\/div>\n\t\t\t\t\t\t\t<\/div> \n\t\t\t\n\t\t\t\t<div id=\"ngg-image-15\" class=\"ngg-gallery-thumbnail-box \" >\n\t\t\t\t        <div class=\"ngg-gallery-thumbnail\">\n            <a href=\"https:\/\/old.atletikaolomouc.cz\/wp-content\/gallery\/vanocni-vrhacska-2015\/P1140126.jpg\"\n               title=\"\"\n               data-src=\"https:\/\/old.atletikaolomouc.cz\/wp-content\/gallery\/vanocni-vrhacska-2015\/P1140126.jpg\"\n               data-thumbnail=\"https:\/\/old.atletikaolomouc.cz\/wp-content\/gallery\/vanocni-vrhacska-2015\/thumbs\/thumbs_P1140126.jpg\"\n               data-image-id=\"8968\"\n               data-title=\"P1140126\"\n               data-description=\"\"\n               data-image-slug=\"p1140126\"\n               class=\"ngg-simplelightbox\" rel=\"ab1a8b4cb042344606b0282bff6e70a7\">\n                <img\n                    title=\"P1140126\"\n                    alt=\"P1140126\"\n                    src=\"https:\/\/old.atletikaolomouc.cz\/wp-content\/gallery\/vanocni-vrhacska-2015\/thumbs\/thumbs_P1140126.jpg\"\n                    width=\"240\"\n                    height=\"160\"\n                    style=\"max-width:100%;\"\n                \/>\n            <\/a>\n        <\/div>\n\t\t\t\t\t\t\t<\/div> \n\t\t\t\n\t\t\t\t<div id=\"ngg-image-16\" class=\"ngg-gallery-thumbnail-box \" >\n\t\t\t\t        <div class=\"ngg-gallery-thumbnail\">\n            <a href=\"https:\/\/old.atletikaolomouc.cz\/wp-content\/gallery\/vanocni-vrhacska-2015\/P1140129.jpg\"\n               title=\"\"\n               data-src=\"https:\/\/old.atletikaolomouc.cz\/wp-content\/gallery\/vanocni-vrhacska-2015\/P1140129.jpg\"\n               data-thumbnail=\"https:\/\/old.atletikaolomouc.cz\/wp-content\/gallery\/vanocni-vrhacska-2015\/thumbs\/thumbs_P1140129.jpg\"\n               data-image-id=\"8969\"\n               data-title=\"P1140129\"\n               data-description=\"\"\n               data-image-slug=\"p1140129\"\n               class=\"ngg-simplelightbox\" rel=\"ab1a8b4cb042344606b0282bff6e70a7\">\n                <img\n                    title=\"P1140129\"\n                    alt=\"P1140129\"\n                    src=\"https:\/\/old.atletikaolomouc.cz\/wp-content\/gallery\/vanocni-vrhacska-2015\/thumbs\/thumbs_P1140129.jpg\"\n                    width=\"240\"\n                    height=\"160\"\n                    style=\"max-width:100%;\"\n                \/>\n            <\/a>\n        <\/div>\n\t\t\t\t\t\t\t<\/div> \n\t\t\t\n\t\t\t\t<div id=\"ngg-image-17\" class=\"ngg-gallery-thumbnail-box \" >\n\t\t\t\t        <div class=\"ngg-gallery-thumbnail\">\n            <a href=\"https:\/\/old.atletikaolomouc.cz\/wp-content\/gallery\/vanocni-vrhacska-2015\/P1140132.jpg\"\n               title=\"\"\n               data-src=\"https:\/\/old.atletikaolomouc.cz\/wp-content\/gallery\/vanocni-vrhacska-2015\/P1140132.jpg\"\n               data-thumbnail=\"https:\/\/old.atletikaolomouc.cz\/wp-content\/gallery\/vanocni-vrhacska-2015\/thumbs\/thumbs_P1140132.jpg\"\n               data-image-id=\"8970\"\n               data-title=\"P1140132\"\n               data-description=\"\"\n               data-image-slug=\"p1140132\"\n               class=\"ngg-simplelightbox\" rel=\"ab1a8b4cb042344606b0282bff6e70a7\">\n                <img\n                    title=\"P1140132\"\n                    alt=\"P1140132\"\n                    src=\"https:\/\/old.atletikaolomouc.cz\/wp-content\/gallery\/vanocni-vrhacska-2015\/thumbs\/thumbs_P1140132.jpg\"\n                    width=\"240\"\n                    height=\"160\"\n                    style=\"max-width:100%;\"\n                \/>\n            <\/a>\n        <\/div>\n\t\t\t\t\t\t\t<\/div> \n\t\t\t\n\t\t\t\t<div id=\"ngg-image-18\" class=\"ngg-gallery-thumbnail-box \" >\n\t\t\t\t        <div class=\"ngg-gallery-thumbnail\">\n            <a href=\"https:\/\/old.atletikaolomouc.cz\/wp-content\/gallery\/vanocni-vrhacska-2015\/P1140137.jpg\"\n               title=\"\"\n               data-src=\"https:\/\/old.atletikaolomouc.cz\/wp-content\/gallery\/vanocni-vrhacska-2015\/P1140137.jpg\"\n               data-thumbnail=\"https:\/\/old.atletikaolomouc.cz\/wp-content\/gallery\/vanocni-vrhacska-2015\/thumbs\/thumbs_P1140137.jpg\"\n               data-image-id=\"8971\"\n               data-title=\"P1140137\"\n               data-description=\"\"\n               data-image-slug=\"p1140137\"\n               class=\"ngg-simplelightbox\" rel=\"ab1a8b4cb042344606b0282bff6e70a7\">\n                <img\n                    title=\"P1140137\"\n                    alt=\"P1140137\"\n                    src=\"https:\/\/old.atletikaolomouc.cz\/wp-content\/gallery\/vanocni-vrhacska-2015\/thumbs\/thumbs_P1140137.jpg\"\n                    width=\"240\"\n                    height=\"160\"\n                    style=\"max-width:100%;\"\n                \/>\n            <\/a>\n        <\/div>\n\t\t\t\t\t\t\t<\/div> \n\t\t\t\n\t\t\t\t<div id=\"ngg-image-19\" class=\"ngg-gallery-thumbnail-box \" >\n\t\t\t\t        <div class=\"ngg-gallery-thumbnail\">\n            <a href=\"https:\/\/old.atletikaolomouc.cz\/wp-content\/gallery\/vanocni-vrhacska-2015\/P1140140.jpg\"\n               title=\"\"\n               data-src=\"https:\/\/old.atletikaolomouc.cz\/wp-content\/gallery\/vanocni-vrhacska-2015\/P1140140.jpg\"\n               data-thumbnail=\"https:\/\/old.atletikaolomouc.cz\/wp-content\/gallery\/vanocni-vrhacska-2015\/thumbs\/thumbs_P1140140.jpg\"\n               data-image-id=\"8972\"\n               data-title=\"P1140140\"\n               data-description=\"\"\n               data-image-slug=\"p1140140\"\n               class=\"ngg-simplelightbox\" rel=\"ab1a8b4cb042344606b0282bff6e70a7\">\n                <img\n                    title=\"P1140140\"\n                    alt=\"P1140140\"\n                    src=\"https:\/\/old.atletikaolomouc.cz\/wp-content\/gallery\/vanocni-vrhacska-2015\/thumbs\/thumbs_P1140140.jpg\"\n                    width=\"240\"\n                    height=\"160\"\n                    style=\"max-width:100%;\"\n                \/>\n            <\/a>\n        <\/div>\n\t\t\t\t\t\t\t<\/div> \n\t\t\t\n\t\t\t\t<div id=\"ngg-image-20\" class=\"ngg-gallery-thumbnail-box \" >\n\t\t\t\t        <div class=\"ngg-gallery-thumbnail\">\n            <a href=\"https:\/\/old.atletikaolomouc.cz\/wp-content\/gallery\/vanocni-vrhacska-2015\/P1140142.jpg\"\n               title=\"\"\n               data-src=\"https:\/\/old.atletikaolomouc.cz\/wp-content\/gallery\/vanocni-vrhacska-2015\/P1140142.jpg\"\n               data-thumbnail=\"https:\/\/old.atletikaolomouc.cz\/wp-content\/gallery\/vanocni-vrhacska-2015\/thumbs\/thumbs_P1140142.jpg\"\n               data-image-id=\"8973\"\n               data-title=\"P1140142\"\n               data-description=\"\"\n               data-image-slug=\"p1140142\"\n               class=\"ngg-simplelightbox\" rel=\"ab1a8b4cb042344606b0282bff6e70a7\">\n                <img\n                    title=\"P1140142\"\n                    alt=\"P1140142\"\n                    src=\"https:\/\/old.atletikaolomouc.cz\/wp-content\/gallery\/vanocni-vrhacska-2015\/thumbs\/thumbs_P1140142.jpg\"\n                    width=\"240\"\n                    height=\"160\"\n                    style=\"max-width:100%;\"\n                \/>\n            <\/a>\n        <\/div>\n\t\t\t\t\t\t\t<\/div> \n\t\t\t\n\t\t\t\t<div id=\"ngg-image-21\" class=\"ngg-gallery-thumbnail-box \" >\n\t\t\t\t        <div class=\"ngg-gallery-thumbnail\">\n            <a href=\"https:\/\/old.atletikaolomouc.cz\/wp-content\/gallery\/vanocni-vrhacska-2015\/P1140143.jpg\"\n               title=\"\"\n               data-src=\"https:\/\/old.atletikaolomouc.cz\/wp-content\/gallery\/vanocni-vrhacska-2015\/P1140143.jpg\"\n               data-thumbnail=\"https:\/\/old.atletikaolomouc.cz\/wp-content\/gallery\/vanocni-vrhacska-2015\/thumbs\/thumbs_P1140143.jpg\"\n               data-image-id=\"8974\"\n               data-title=\"P1140143\"\n               data-description=\"\"\n               data-image-slug=\"p1140143\"\n               class=\"ngg-simplelightbox\" rel=\"ab1a8b4cb042344606b0282bff6e70a7\">\n                <img\n                    title=\"P1140143\"\n                    alt=\"P1140143\"\n                    src=\"https:\/\/old.atletikaolomouc.cz\/wp-content\/gallery\/vanocni-vrhacska-2015\/thumbs\/thumbs_P1140143.jpg\"\n                    width=\"240\"\n                    height=\"160\"\n                    style=\"max-width:100%;\"\n                \/>\n            <\/a>\n        <\/div>\n\t\t\t\t\t\t\t<\/div> \n\t\t\t\n\t\t\t\t<div id=\"ngg-image-22\" class=\"ngg-gallery-thumbnail-box \" >\n\t\t\t\t        <div class=\"ngg-gallery-thumbnail\">\n            <a href=\"https:\/\/old.atletikaolomouc.cz\/wp-content\/gallery\/vanocni-vrhacska-2015\/P1140147.jpg\"\n               title=\"\"\n               data-src=\"https:\/\/old.atletikaolomouc.cz\/wp-content\/gallery\/vanocni-vrhacska-2015\/P1140147.jpg\"\n               data-thumbnail=\"https:\/\/old.atletikaolomouc.cz\/wp-content\/gallery\/vanocni-vrhacska-2015\/thumbs\/thumbs_P1140147.jpg\"\n               data-image-id=\"8975\"\n               data-title=\"P1140147\"\n               data-description=\"\"\n               data-image-slug=\"p1140147\"\n               class=\"ngg-simplelightbox\" rel=\"ab1a8b4cb042344606b0282bff6e70a7\">\n                <img\n                    title=\"P1140147\"\n                    alt=\"P1140147\"\n                    src=\"https:\/\/old.atletikaolomouc.cz\/wp-content\/gallery\/vanocni-vrhacska-2015\/thumbs\/thumbs_P1140147.jpg\"\n                    width=\"240\"\n                    height=\"160\"\n                    style=\"max-width:100%;\"\n                \/>\n            <\/a>\n        <\/div>\n\t\t\t\t\t\t\t<\/div> \n\t\t\t\n\t\t\t\t<div id=\"ngg-image-23\" class=\"ngg-gallery-thumbnail-box \" >\n\t\t\t\t        <div class=\"ngg-gallery-thumbnail\">\n            <a href=\"https:\/\/old.atletikaolomouc.cz\/wp-content\/gallery\/vanocni-vrhacska-2015\/P1140150.jpg\"\n               title=\"\"\n               data-src=\"https:\/\/old.atletikaolomouc.cz\/wp-content\/gallery\/vanocni-vrhacska-2015\/P1140150.jpg\"\n               data-thumbnail=\"https:\/\/old.atletikaolomouc.cz\/wp-content\/gallery\/vanocni-vrhacska-2015\/thumbs\/thumbs_P1140150.jpg\"\n               data-image-id=\"8976\"\n               data-title=\"P1140150\"\n               data-description=\"\"\n               data-image-slug=\"p1140150\"\n               class=\"ngg-simplelightbox\" rel=\"ab1a8b4cb042344606b0282bff6e70a7\">\n                <img\n                    title=\"P1140150\"\n                    alt=\"P1140150\"\n                    src=\"https:\/\/old.atletikaolomouc.cz\/wp-content\/gallery\/vanocni-vrhacska-2015\/thumbs\/thumbs_P1140150.jpg\"\n                    width=\"240\"\n                    height=\"160\"\n                    style=\"max-width:100%;\"\n                \/>\n            <\/a>\n        <\/div>\n\t\t\t\t\t\t\t<\/div> \n\t\t\t\n\t\n\t<br style=\"clear: both\" \/>\n\n\t\n\t\t<!-- Pagination -->\n\t<div class='ngg-navigation'><span class='current'>1<\/span>\n<a class='page-numbers' data-pageid='2' href='https:\/\/old.atletikaolomouc.cz\/index.php\/nggallery\/page\/2?p=23879'>2<\/a>\n<a class='prev' href='https:\/\/old.atletikaolomouc.cz\/index.php\/nggallery\/page\/2?p=23879' data-pageid=2>&#9658;<\/a><\/div>\t<\/div>\n\n","protected":false},"excerpt":{"rendered":"<p>19. prosince se v olomouck\u00e9 atletick\u00e9 hale konal tradi\u010dn\u00ed m\u00edtink ve vrhu koul\u00ed V\u00e1no\u010dn\u00ed vrha\u010dsk\u00e1 hala.&nbsp;<\/p>\n","protected":false},"author":14,"featured_media":0,"comment_status":"closed","ping_status":"closed","sticky":false,"template":"","format":"standard","meta":{"ngg_post_thumbnail":0},"categories":[47],"tags":[],"_links":{"self":[{"href":"https:\/\/old.atletikaolomouc.cz\/index.php?rest_route=\/wp\/v2\/posts\/23879"}],"collection":[{"href":"https:\/\/old.atletikaolomouc.cz\/index.php?rest_route=\/wp\/v2\/posts"}],"about":[{"href":"https:\/\/old.atletikaolomouc.cz\/index.php?rest_route=\/wp\/v2\/types\/post"}],"author":[{"embeddable":true,"href":"https:\/\/old.atletikaolomouc.cz\/index.php?rest_route=\/wp\/v2\/users\/14"}],"replies":[{"embeddable":true,"href":"https:\/\/old.atletikaolomouc.cz\/index.php?rest_route=%2Fwp%2Fv2%2Fcomments&post=23879"}],"version-history":[{"count":1,"href":"https:\/\/old.atletikaolomouc.cz\/index.php?rest_route=\/wp\/v2\/posts\/23879\/revisions"}],"predecessor-version":[{"id":23916,"href":"https:\/\/old.atletikaolomouc.cz\/index.php?rest_route=\/wp\/v2\/posts\/23879\/revisions\/23916"}],"wp:attachment":[{"href":"https:\/\/old.atletikaolomouc.cz\/index.php?rest_route=%2Fwp%2Fv2%2Fmedia&parent=23879"}],"wp:term":[{"taxonomy":"category","embeddable":true,"href":"https:\/\/old.atletikaolomouc.cz\/index.php?rest_route=%2Fwp%2Fv2%2Fcategories&post=23879"},{"taxonomy":"post_tag","embeddable":true,"href":"https:\/\/old.atletikaolomouc.cz\/index.php?rest_route=%2Fwp%2Fv2%2Ftags&post=23879"}],"curies":[{"name":"wp","href":"https:\/\/api.w.org\/{rel}","templated":true}]}}