{"id":2599,"date":"2012-06-07T10:47:28","date_gmt":"2012-06-07T08:47:28","guid":{"rendered":"http:\/\/www.atletikaolomouc.cz\/?p=2599"},"modified":"2012-06-07T10:47:28","modified_gmt":"2012-06-07T08:47:28","slug":"uspesne-finale-poharu-rozhlasu","status":"publish","type":"post","link":"https:\/\/old.atletikaolomouc.cz\/?p=2599","title":{"rendered":"\u00dasp\u011b\u0161n\u00e9 fin\u00e1le Poh\u00e1ru rozhlasu"},"content":{"rendered":"<p style=\"text-align: justify;\">V \u00dast\u00ed nad Orlic\u00ed se v \u00fater\u00fd 5.6.2012 uzav\u0159el 44. ro\u010dn\u00edk t\u00fdmov\u00e9 sout\u011b\u017ee ur\u010den\u00e9 pro \u017e\u00e1ky z\u00e1kladn\u00edch \u0161kol. Na celorepublikov\u00e9 fin\u00e1le se sjelo osm nejlep\u0161\u00edch dru\u017estev v kategori\u00edch star\u0161\u00edho a mlad\u0161\u00edho \u017eactva. Na tuto presti\u017en\u00ed akci se ka\u017edoro\u010dn\u011b probojuj\u00ed tak\u00e9 \u017e\u00e1ci sportovn\u00edch t\u0159\u00edd Z\u0160 Heyrovsk\u00e9ho Olomouc a nebylo tomu jinak ani letos. Mlad\u00ed atleti z AK Olomouc, kte\u0159\u00ed tyto t\u0159\u00eddy nav\u0161t\u011bvuj\u00ed, postoupili hned ve t\u0159ech kategori\u00edch, co\u017e se povedlo u\u017e jen \u017e\u00e1k\u016fm ze Z\u0160 Engli\u0161ova Opava.<\/p>\n<p><!--more--><\/p>\n<p style=\"text-align: justify;\">Ve v\u0161ech kategori\u00edch jsme m\u011bli ambice na medailov\u00e9 um\u00edst\u011bn\u00ed. Nejv\u00edce se z\u00e1vody vyda\u0159ily <strong>mlad\u0161\u00edm \u017e\u00e1k\u016fm<\/strong>, kte\u0159\u00ed jako jedin\u00ed z kategorie p\u0159ekro\u010dili p\u011btitis\u00edcovou hranici a v kone\u010dn\u00e9m sou\u010dtu 5060 bod\u016f zv\u00edt\u011bzili s n\u00e1skokem v\u00edce jak 300 bod\u016f. Kluci v \u017e\u00e1dn\u00e9 z disciplin nevyho\u0159eli a nav\u00edc si spousta z nich vytvo\u0159ila nov\u00e9 osobn\u00ed rekordy. V b\u011bhu na 60 m obsadil celkov\u011b 2. m\u00edsto <strong>Dominik Or\u00e1lek<\/strong> v\u00fdkonem 7,81 s a zd\u00e1rn\u011b mu sekundoval <strong>Filip Vlada\u0159<\/strong> \u010dasem 8,15 s. Nejlep\u0161\u00ed den m\u011bl <strong>Samuel Emereoha<\/strong>. Zv\u00edt\u011bzil v b\u011bhu na 1000 m v \u010dase 3:05.11 min a pot\u00e9 p\u0159idal prvenstv\u00ed tak\u00e9 ve skoku vysok\u00e9m v\u00fdkonem 161 cm. Ve skoku vysok\u00e9m si 4. m\u00edsto vysk\u00e1kal <strong>Martin Odstr\u010dil<\/strong> v\u00fdkonem 145 cm. <strong>Robert Sivo\u0148<\/strong> se v hodu m\u00ed\u010dkem dostal na 4. m\u00edsto za v\u00fdkon 60,73 m a dobr\u00e9 body z\u00edskal tak\u00e9 <strong>Jakub Fta\u010dn\u00edk<\/strong> za 54,84 m. V\u0161e pak kluci zavr\u0161ili v\u00edt\u011bznou \u0161tafetou na 4&#215;60 m ve slo\u017een\u00ed <strong>Or\u00e1lek, Vlada\u0159, Fta\u010dn\u00edk a Emereoha<\/strong>.<\/p>\n<p style=\"text-align: justify;\"><strong>Star\u0161\u00ed \u017e\u00e1kyn\u011b<\/strong> se dlouhou dobu dr\u017eely uprost\u0159ed tabulky. Holky v\u0161ak v z\u00e1v\u011bru sout\u011b\u017ee dob\u0159e zabodovaly v d\u00e1lce a \u0161tafet\u011b a vyhouply se na celkov\u00e9 2. m\u00edsto, kdy\u017e nesta\u010dily pouze na favoritky z Kladna. K opor\u00e1m dru\u017estva pat\u0159ila hlavn\u011b <strong>B\u00e1ra Zatloukalov\u00e1<\/strong>, kter\u00e1 obsadila dv\u011b 2. m\u00edsta ve skoku dalek\u00e9m v\u00fdkonem 544 cm a ve skoku vysok\u00e9m v\u00fdkonem 157 cm. <strong>Nat\u00e1lii Dur\u010d\u00e1kov\u00e9<\/strong> se z\u00e1vod ve vrhu koul\u00ed moc nepovedl, i tak obsadila 2. m\u00edsto v\u00fdkonem 10,84 m. <strong>Veronika Ja\u0161\u00edkov\u00e1<\/strong> si vysk\u00e1kala 3. m\u00edsto a d\u016fle\u017eit\u00e9 body v d\u00e1lce v nov\u00e9m osobn\u00edm rekordu 496 cm. Celkem holky nasb\u00edraly 6538 bod\u016f.<\/p>\n<p style=\"text-align: justify;\">Posledn\u00edm \u017eel\u00edzkem v ohni bylo dru\u017estvo <strong>star\u0161\u00edch \u017e\u00e1k\u016f<\/strong>. Ti nakonec obsadili celkov\u00e9 4. m\u00edsto. Kluk\u016fm bohu\u017eel nevy\u0161lo p\u00e1r disciplin podle p\u0159edstav a bodovou ztr\u00e1tu se jim u\u017e nepoda\u0159ilo dohnat. Za zm\u00ednku stoj\u00ed p\u0159edev\u0161\u00edm v\u00edt\u011bzn\u00e1 \u0161tafeta na 4&#215;60 m, kter\u00e1 ve slo\u017een\u00ed <strong>R\u00f6der, Danis, Petr a Machala<\/strong> zab\u011bhla velice slu\u0161n\u00fd \u010das 27,97 s. <strong>Adam R\u00f6der<\/strong> si v b\u011bhu na 60 m d\u011blil 3. m\u00edsto \u010dasem 7,32 s. Nov\u00fd osobn\u00ed rekord mu v\u0161ak pokazil nepovolen\u00fd v\u00edtr v z\u00e1dech o s\u00edle +2,3 m\/s. Ve vrhu koul\u00ed pak na 4. m\u00edst\u011b skon\u010dil <strong>Tom\u00e1\u0161 Bulko<\/strong> v\u00fdkonem 11,62 m.<\/p>\n<p style=\"text-align: justify;\">Celkov\u00e9 v\u00fdsledky star\u0161\u00edho \u017eactva &#8211; <a href=\"http:\/\/online.atletika.cz\/vysledky.aspx?idk=15877\" target=\"_blank\">zde<\/a><br \/>Celkov\u00e9 v\u00fdsledky mlad\u0161\u00edho \u017eactva &#8211; <a href=\"http:\/\/online.atletika.cz\/vysledky.aspx?idk=15478\" target=\"_blank\">zde<\/a><\/p>\n<p style=\"text-align: justify;\">Fotky &#8211; <a title=\"Fin\u00e1le Poh\u00e1ru rozhlasu 2012 \u2013 foto\" href=\"http:\/\/www.atletikaolomouc.cz\/?p=2594\">zde<\/a><br \/>Fotky a \u010dl\u00e1nek na str\u00e1nk\u00e1ch \u010cAS &#8211; <a href=\"http:\/\/www.atletika.cz\/aktuality\/pohary-rozhlasu-rozdany\/\" target=\"_blank\">zde<br \/><\/a><\/p>\n","protected":false},"excerpt":{"rendered":"<p>V \u00dast\u00ed nad Orlic\u00ed se v \u00fater\u00fd 5.6.2012 uzav\u0159el 44. ro\u010dn\u00edk t\u00fdmov\u00e9 sout\u011b\u017ee ur\u010den\u00e9 pro \u017e\u00e1ky z\u00e1kladn\u00edch \u0161kol. Na celorepublikov\u00e9 fin\u00e1le se sjelo osm nejlep\u0161\u00edch dru\u017estev v kategori\u00edch star\u0161\u00edho a mlad\u0161\u00edho \u017eactva. Na tuto presti\u017en\u00ed akci se ka\u017edoro\u010dn\u011b probojuj\u00ed tak\u00e9 &hellip; <a href=\"https:\/\/old.atletikaolomouc.cz\/?p=2599\">Continue reading <span class=\"meta-nav\">&rarr;<\/span><\/a><\/p>\n","protected":false},"author":4,"featured_media":2600,"comment_status":"closed","ping_status":"closed","sticky":false,"template":"","format":"standard","meta":{"ngg_post_thumbnail":0},"categories":[6,37,22],"tags":[],"_links":{"self":[{"href":"https:\/\/old.atletikaolomouc.cz\/index.php?rest_route=\/wp\/v2\/posts\/2599"}],"collection":[{"href":"https:\/\/old.atletikaolomouc.cz\/index.php?rest_route=\/wp\/v2\/posts"}],"about":[{"href":"https:\/\/old.atletikaolomouc.cz\/index.php?rest_route=\/wp\/v2\/types\/post"}],"author":[{"embeddable":true,"href":"https:\/\/old.atletikaolomouc.cz\/index.php?rest_route=\/wp\/v2\/users\/4"}],"replies":[{"embeddable":true,"href":"https:\/\/old.atletikaolomouc.cz\/index.php?rest_route=%2Fwp%2Fv2%2Fcomments&post=2599"}],"version-history":[{"count":1,"href":"https:\/\/old.atletikaolomouc.cz\/index.php?rest_route=\/wp\/v2\/posts\/2599\/revisions"}],"predecessor-version":[{"id":2601,"href":"https:\/\/old.atletikaolomouc.cz\/index.php?rest_route=\/wp\/v2\/posts\/2599\/revisions\/2601"}],"wp:featuredmedia":[{"embeddable":true,"href":"https:\/\/old.atletikaolomouc.cz\/index.php?rest_route=\/wp\/v2\/media\/2600"}],"wp:attachment":[{"href":"https:\/\/old.atletikaolomouc.cz\/index.php?rest_route=%2Fwp%2Fv2%2Fmedia&parent=2599"}],"wp:term":[{"taxonomy":"category","embeddable":true,"href":"https:\/\/old.atletikaolomouc.cz\/index.php?rest_route=%2Fwp%2Fv2%2Fcategories&post=2599"},{"taxonomy":"post_tag","embeddable":true,"href":"https:\/\/old.atletikaolomouc.cz\/index.php?rest_route=%2Fwp%2Fv2%2Ftags&post=2599"}],"curies":[{"name":"wp","href":"https:\/\/api.w.org\/{rel}","templated":true}]}}