{"id":27628,"date":"2021-02-22T14:36:31","date_gmt":"2021-02-22T13:36:31","guid":{"rendered":"https:\/\/www.atletikaolomouc.cz\/?p=27628"},"modified":"2021-02-22T14:36:31","modified_gmt":"2021-02-22T13:36:31","slug":"grand-prix-dubaj","status":"publish","type":"post","link":"https:\/\/old.atletikaolomouc.cz\/?p=27628","title":{"rendered":"Grand Prix Dubaj"},"content":{"rendered":"<p>11.-13.2.2021 prob\u011bhlo v Dubaji<br \/>\n12th Fazza Para-Athletics Championships World Para Athletics Grand Prix<!--more--><\/p>\n<p>Dvou\u010dlenn\u00e1 v\u00fdprava z Olomouce jela na Grand Prix do Dubaje ve slo\u017een\u00ed Du\u0161an \u0160\u010dambura a Eva Kacanu.<br \/>\nPo dvou dnech adaptace na \u010dasov\u00fd posun a zm\u011bnu teplot, jsme se jeli rozh\u00e1zet na stadion pro handicapovan\u00e9 sportovce do m\u011bsta Sharjah. Na\u0161i atleti tento stadion velice dob\u0159e znaj\u00ed z p\u0159edchoz\u00edch z\u00e1vod\u016f, kter\u00e9 na n\u011bm ji\u017e absolvovali.<\/p>\n<p style=\"text-align: justify;\">Du\u0161an ve sv\u00e9 siln\u00e9 discipl\u00edn\u011b (o\u0161t\u011bpu) bohu\u017eel nemohl z\u00e1vodit, kv\u016fli vy\u0159azen\u00ed t\u00e9to discipl\u00edny z programu paralympijsk\u00fdch her. Z\u00e1vodil v hodu diskem a vrhu koul\u00ed.<br \/>\nDisk dolet\u011bl pod hranici dvaceti metr\u016f 19,42.<br \/>\nVe vrhu koul\u00ed v\u00fdkonem 7,92 obsadil stejn\u011b jako u disku 9. m\u00edsto.<\/p>\n<p style=\"text-align: justify;\">Eva&nbsp; sout\u011b\u017eila ve t\u0159ech discipl\u00edn\u00e1ch kouli, o\u0161t\u011bpu i disku. Ve v\u0161ech discipl\u00edn\u00e1ch si Eva vyh\u00e1zela 4. m\u00edsto.<br \/>\nKouli Eva poslala do vzd\u00e1lenosti 4,87.<br \/>\nDisk ulet\u011bl na p\u011bkn\u00fdch 10,57.<br \/>\nO\u0161t\u011bp v posledn\u00ed sout\u011b\u017en\u00ed den let\u011bl na metu 8,93.<\/p>\n<p style=\"text-align: justify;\">Kompletn\u00ed v\u00fdsledky k nahl\u00e9dnut\u00ed <a href=\"https:\/\/www.team-thomas.org\/\">zde.<\/a><\/p>\n<div id=\"attachment_27638\" style=\"width: 216px\" class=\"wp-caption alignleft\"><a href=\"https:\/\/www.atletikaolomouc.cz\/wp-content\/uploads\/2021\/02\/Eva-a-du\u0161an.jpg\"><img aria-describedby=\"caption-attachment-27638\" decoding=\"async\" loading=\"lazy\" class=\"wp-image-27638\" src=\"https:\/\/www.atletikaolomouc.cz\/wp-content\/uploads\/2021\/02\/Eva-a-du\u0161an.jpg\" alt=\"\" width=\"206\" height=\"366\" srcset=\"https:\/\/old.atletikaolomouc.cz\/wp-content\/uploads\/2021\/02\/Eva-a-du\u0161an.jpg 320w, https:\/\/old.atletikaolomouc.cz\/wp-content\/uploads\/2021\/02\/Eva-a-du\u0161an-169x300.jpg 169w\" sizes=\"(max-width: 206px) 100vw, 206px\" \/><\/a><p id=\"caption-attachment-27638\" class=\"wp-caption-text\">Du\u0161an s Evou<\/p><\/div>\n<div id=\"attachment_27637\" style=\"width: 193px\" class=\"wp-caption alignleft\"><a href=\"https:\/\/www.atletikaolomouc.cz\/wp-content\/uploads\/2021\/02\/Du\u0161an-dubaj.jpg\"><img aria-describedby=\"caption-attachment-27637\" decoding=\"async\" loading=\"lazy\" class=\"wp-image-27637\" src=\"https:\/\/www.atletikaolomouc.cz\/wp-content\/uploads\/2021\/02\/Du\u0161an-dubaj.jpg\" alt=\"\" width=\"183\" height=\"366\" srcset=\"https:\/\/old.atletikaolomouc.cz\/wp-content\/uploads\/2021\/02\/Du\u0161an-dubaj.jpg 284w, https:\/\/old.atletikaolomouc.cz\/wp-content\/uploads\/2021\/02\/Du\u0161an-dubaj-150x300.jpg 150w\" sizes=\"(max-width: 183px) 100vw, 183px\" \/><\/a><p id=\"caption-attachment-27637\" class=\"wp-caption-text\">Du\u0161an<\/p><\/div>\n","protected":false},"excerpt":{"rendered":"<p>11.-13.2.2021 prob\u011bhlo v Dubaji 12th Fazza Para-Athletics Championships World Para Athletics Grand Prix<\/p>\n","protected":false},"author":17,"featured_media":27631,"comment_status":"closed","ping_status":"closed","sticky":false,"template":"","format":"standard","meta":{"ngg_post_thumbnail":0},"categories":[5,48],"tags":[],"_links":{"self":[{"href":"https:\/\/old.atletikaolomouc.cz\/index.php?rest_route=\/wp\/v2\/posts\/27628"}],"collection":[{"href":"https:\/\/old.atletikaolomouc.cz\/index.php?rest_route=\/wp\/v2\/posts"}],"about":[{"href":"https:\/\/old.atletikaolomouc.cz\/index.php?rest_route=\/wp\/v2\/types\/post"}],"author":[{"embeddable":true,"href":"https:\/\/old.atletikaolomouc.cz\/index.php?rest_route=\/wp\/v2\/users\/17"}],"replies":[{"embeddable":true,"href":"https:\/\/old.atletikaolomouc.cz\/index.php?rest_route=%2Fwp%2Fv2%2Fcomments&post=27628"}],"version-history":[{"count":7,"href":"https:\/\/old.atletikaolomouc.cz\/index.php?rest_route=\/wp\/v2\/posts\/27628\/revisions"}],"predecessor-version":[{"id":27641,"href":"https:\/\/old.atletikaolomouc.cz\/index.php?rest_route=\/wp\/v2\/posts\/27628\/revisions\/27641"}],"wp:featuredmedia":[{"embeddable":true,"href":"https:\/\/old.atletikaolomouc.cz\/index.php?rest_route=\/wp\/v2\/media\/27631"}],"wp:attachment":[{"href":"https:\/\/old.atletikaolomouc.cz\/index.php?rest_route=%2Fwp%2Fv2%2Fmedia&parent=27628"}],"wp:term":[{"taxonomy":"category","embeddable":true,"href":"https:\/\/old.atletikaolomouc.cz\/index.php?rest_route=%2Fwp%2Fv2%2Fcategories&post=27628"},{"taxonomy":"post_tag","embeddable":true,"href":"https:\/\/old.atletikaolomouc.cz\/index.php?rest_route=%2Fwp%2Fv2%2Ftags&post=27628"}],"curies":[{"name":"wp","href":"https:\/\/api.w.org\/{rel}","templated":true}]}}