{"id":2826,"date":"2012-08-15T09:57:42","date_gmt":"2012-08-15T07:57:42","guid":{"rendered":"http:\/\/www.atletikaolomouc.cz\/?p=2826"},"modified":"2012-08-15T09:57:42","modified_gmt":"2012-08-15T07:57:42","slug":"4-kolo-i-a-ii-ligy-muzu-a-zen","status":"publish","type":"post","link":"https:\/\/old.atletikaolomouc.cz\/?p=2826","title":{"rendered":"4. kolo I. a II. ligy mu\u017e\u016f a \u017een"},"content":{"rendered":"<p style=\"text-align: justify;\">Jsou p\u0159ed n\u00e1mi posledn\u00ed kola z\u00e1kladn\u00ed \u010d\u00e1sti sout\u011b\u017ee dru\u017estev. V sobotu 25.8.2012 se v Olomouci kon\u00e1 4. kolo I. ligy mu\u017e\u016f a \u017een. Ob\u011b dru\u017estva maj\u00ed st\u00e1le \u0161anci bojovat o postup do bar\u00e1\u017ee. V ned\u011bli 26.8.2012 pak v T\u0159inci prob\u011bhne 4. kolo II. ligy mu\u017e\u016f.\u00a0<\/p>\n<p><!--more--><\/p>\n<p><strong>I. liga:<\/strong> <br \/>&#8211; <a href=\"http:\/\/www.atletikaolomouc.cz\/wp-content\/uploads\/2012\/08\/Zpravodaj_muzi_A_c4_2012.pdf\" target=\"_blank\">zpravodaj mu\u017e\u016f &#8222;A&#8220;<\/a><br \/>&#8211; <a href=\"http:\/\/www.atletikaolomouc.cz\/wp-content\/uploads\/2012\/08\/Zpravodaj_zeny_c4_2012.pdf\" target=\"_blank\">zpravodaj \u017een<\/a><br \/>&#8211; <a href=\"http:\/\/www.atletikaolomouc.cz\/?p=2789\">propozice<\/a><\/p>\n<p><strong>II. liga:<\/strong><br \/>&#8211; <a href=\"http:\/\/www.atletikaolomouc.cz\/wp-content\/uploads\/2012\/08\/Zpravodaj_muzi_B_c4_2012.pdf\" target=\"_blank\">zpravodaj mu\u017e\u016f &#8222;B&#8220;<\/a><br \/>&#8211; <a href=\"http:\/\/www.atletikaolomouc.cz\/wp-content\/uploads\/2012\/01\/08_26_2012_4_kolo_2_ligy.pdf\" target=\"_blank\">propozice<\/a> \u00a0<\/p>\n","protected":false},"excerpt":{"rendered":"<p>Jsou p\u0159ed n\u00e1mi posledn\u00ed kola z\u00e1kladn\u00ed \u010d\u00e1sti sout\u011b\u017ee dru\u017estev. V sobotu 25.8.2012 se v Olomouci kon\u00e1 4. kolo I. ligy mu\u017e\u016f a \u017een. Ob\u011b dru\u017estva maj\u00ed st\u00e1le \u0161anci bojovat o postup do bar\u00e1\u017ee. V ned\u011bli 26.8.2012 pak v T\u0159inci prob\u011bhne &hellip; <a href=\"https:\/\/old.atletikaolomouc.cz\/?p=2826\">Continue reading <span class=\"meta-nav\">&rarr;<\/span><\/a><\/p>\n","protected":false},"author":4,"featured_media":2830,"comment_status":"closed","ping_status":"closed","sticky":false,"template":"","format":"standard","meta":{"ngg_post_thumbnail":0},"categories":[6,37,8,9,10],"tags":[],"_links":{"self":[{"href":"https:\/\/old.atletikaolomouc.cz\/index.php?rest_route=\/wp\/v2\/posts\/2826"}],"collection":[{"href":"https:\/\/old.atletikaolomouc.cz\/index.php?rest_route=\/wp\/v2\/posts"}],"about":[{"href":"https:\/\/old.atletikaolomouc.cz\/index.php?rest_route=\/wp\/v2\/types\/post"}],"author":[{"embeddable":true,"href":"https:\/\/old.atletikaolomouc.cz\/index.php?rest_route=\/wp\/v2\/users\/4"}],"replies":[{"embeddable":true,"href":"https:\/\/old.atletikaolomouc.cz\/index.php?rest_route=%2Fwp%2Fv2%2Fcomments&post=2826"}],"version-history":[{"count":1,"href":"https:\/\/old.atletikaolomouc.cz\/index.php?rest_route=\/wp\/v2\/posts\/2826\/revisions"}],"predecessor-version":[{"id":2831,"href":"https:\/\/old.atletikaolomouc.cz\/index.php?rest_route=\/wp\/v2\/posts\/2826\/revisions\/2831"}],"wp:featuredmedia":[{"embeddable":true,"href":"https:\/\/old.atletikaolomouc.cz\/index.php?rest_route=\/wp\/v2\/media\/2830"}],"wp:attachment":[{"href":"https:\/\/old.atletikaolomouc.cz\/index.php?rest_route=%2Fwp%2Fv2%2Fmedia&parent=2826"}],"wp:term":[{"taxonomy":"category","embeddable":true,"href":"https:\/\/old.atletikaolomouc.cz\/index.php?rest_route=%2Fwp%2Fv2%2Fcategories&post=2826"},{"taxonomy":"post_tag","embeddable":true,"href":"https:\/\/old.atletikaolomouc.cz\/index.php?rest_route=%2Fwp%2Fv2%2Ftags&post=2826"}],"curies":[{"name":"wp","href":"https:\/\/api.w.org\/{rel}","templated":true}]}}