{"id":2860,"date":"2012-08-27T16:23:28","date_gmt":"2012-08-27T14:23:28","guid":{"rendered":"http:\/\/www.atletikaolomouc.cz\/?p=2860"},"modified":"2012-09-05T10:15:54","modified_gmt":"2012-09-05T08:15:54","slug":"druzstvo-zen-jde-do-baraze-o-extraligu","status":"publish","type":"post","link":"https:\/\/old.atletikaolomouc.cz\/?p=2860","title":{"rendered":"Dru\u017estvo \u017een jde do bar\u00e1\u017ee o extraligu"},"content":{"rendered":"<p style=\"text-align: justify;\">V sobotu 25.8.2012 se v Olomouci konalo 4. kolo I. ligy mu\u017e\u016f a \u017een. Ob\u011b olomouck\u00e1 dru\u017estva vyu\u017eila dom\u00e1c\u00ed atmosf\u00e9ry a v posledn\u00edm kole z\u00e1kladn\u00ed \u010d\u00e1sti zv\u00edt\u011bzila. \u017deny si nav\u00edc zajistily postup do bar\u00e1\u017ee o extraligu, kter\u00e1 prob\u011bhne v Olomouci v ned\u011bli 9.9.2012.<\/p>\n<p style=\"text-align: justify;\"><!--more--><\/p>\n<p style=\"text-align: justify;\">Dru\u017estvo \u017een se na posledn\u00ed kolo skv\u011ble p\u0159ipravilo a s celkov\u00fdm sou\u010dtem 201 bod\u016f odolalo atak\u016fm dru\u017estev ze Sokolu Opava a AK Hodon\u00edn. Po \u010dty\u0159ech kolech z\u00e1kladn\u00ed \u010d\u00e1sti sout\u011b\u017ee dru\u017estev se na\u0161e holky um\u00edstily na 1. m\u00edst\u011b a budou hostit bar\u00e1\u017e o extraligu. Dru\u017estvo mu\u017e\u016f &#8222;A&#8220; zv\u00edt\u011bzilo o pouh\u00fd p\u016fl bod, kdy\u017e nasb\u00edralo 199 bod\u016f. V celkov\u00e9m po\u0159ad\u00ed dru\u017estev to v\u0161ak sta\u010dilo pouze na 3. m\u00edsto a postup do bar\u00e1\u017ee kluk\u016fm t\u011bsn\u011b utekl.<br \/><a href=\"http:\/\/online.atletika.cz\/vysledky.aspx?idk=15118\" target=\"_blank\">Kompletn\u00ed v\u00fdsledky 4. kola I. ligy mu\u017e\u016f a \u017een<\/a><br \/><a href=\"http:\/\/www.atletikaolomouc.cz\/wp-content\/uploads\/2012\/08\/Zpravodaj_muzi_A_c5_2012.pdf\" target=\"_blank\">Zpravodaj dru\u017estva mu\u017e\u016f \u010d.5<\/a><br \/><a href=\"http:\/\/www.atletikaolomouc.cz\/wp-content\/uploads\/2012\/08\/Zpravodaj_zeny_c5_2012.pdf\" target=\"_blank\">Zpravodaj dru\u017estva \u017een \u010d.5<\/a><\/p>\n<p style=\"text-align: justify;\">V ned\u011bli 26.8.2012 se pak v T\u0159inci konalo 4. kolo II. ligy mu\u017e\u016f a \u017een. Mu\u017ei &#8222;B&#8220; se um\u00edstili na 5. m\u00edst\u011b s celkov\u00fdm sou\u010dtem 103,5 bod\u016f. Stejn\u00e9 um\u00edst\u011bn\u00ed jim pat\u0159\u00ed tak\u00e9 v celkov\u00e9m po\u0159ad\u00ed dru\u017estev po \u010dty\u0159ech kolech. <br \/><a href=\"http:\/\/online.atletika.cz\/vysledky.aspx?idk=16130\" target=\"_blank\">Kompletn\u00ed v\u00fdsledky 4. kola II. ligy mu\u017e\u016f a \u017een<\/a><\/p>\n","protected":false},"excerpt":{"rendered":"<p>V sobotu 25.8.2012 se v Olomouci konalo 4. kolo I. ligy mu\u017e\u016f a \u017een. Ob\u011b olomouck\u00e1 dru\u017estva vyu\u017eila dom\u00e1c\u00ed atmosf\u00e9ry a v posledn\u00edm kole z\u00e1kladn\u00ed \u010d\u00e1sti zv\u00edt\u011bzila. \u017deny si nav\u00edc zajistily postup do bar\u00e1\u017ee o extraligu, kter\u00e1 prob\u011bhne v Olomouci &hellip; <a href=\"https:\/\/old.atletikaolomouc.cz\/?p=2860\">Continue reading <span class=\"meta-nav\">&rarr;<\/span><\/a><\/p>\n","protected":false},"author":4,"featured_media":2862,"comment_status":"closed","ping_status":"closed","sticky":false,"template":"","format":"standard","meta":{"ngg_post_thumbnail":0},"categories":[6,37,8,9,10],"tags":[],"_links":{"self":[{"href":"https:\/\/old.atletikaolomouc.cz\/index.php?rest_route=\/wp\/v2\/posts\/2860"}],"collection":[{"href":"https:\/\/old.atletikaolomouc.cz\/index.php?rest_route=\/wp\/v2\/posts"}],"about":[{"href":"https:\/\/old.atletikaolomouc.cz\/index.php?rest_route=\/wp\/v2\/types\/post"}],"author":[{"embeddable":true,"href":"https:\/\/old.atletikaolomouc.cz\/index.php?rest_route=\/wp\/v2\/users\/4"}],"replies":[{"embeddable":true,"href":"https:\/\/old.atletikaolomouc.cz\/index.php?rest_route=%2Fwp%2Fv2%2Fcomments&post=2860"}],"version-history":[{"count":7,"href":"https:\/\/old.atletikaolomouc.cz\/index.php?rest_route=\/wp\/v2\/posts\/2860\/revisions"}],"predecessor-version":[{"id":2879,"href":"https:\/\/old.atletikaolomouc.cz\/index.php?rest_route=\/wp\/v2\/posts\/2860\/revisions\/2879"}],"wp:featuredmedia":[{"embeddable":true,"href":"https:\/\/old.atletikaolomouc.cz\/index.php?rest_route=\/wp\/v2\/media\/2862"}],"wp:attachment":[{"href":"https:\/\/old.atletikaolomouc.cz\/index.php?rest_route=%2Fwp%2Fv2%2Fmedia&parent=2860"}],"wp:term":[{"taxonomy":"category","embeddable":true,"href":"https:\/\/old.atletikaolomouc.cz\/index.php?rest_route=%2Fwp%2Fv2%2Fcategories&post=2860"},{"taxonomy":"post_tag","embeddable":true,"href":"https:\/\/old.atletikaolomouc.cz\/index.php?rest_route=%2Fwp%2Fv2%2Ftags&post=2860"}],"curies":[{"name":"wp","href":"https:\/\/api.w.org\/{rel}","templated":true}]}}